{"id":1031,"date":"2013-12-06T18:02:22","date_gmt":"2013-12-06T18:02:22","guid":{"rendered":"http:\/\/vuce.gub.uy\/staging1500\/?p=1031"},"modified":"2013-12-06T18:02:22","modified_gmt":"2013-12-06T18:02:22","slug":"lanzamiento-vuce","status":"publish","type":"post","link":"https:\/\/vuce.gub.uy\/staging1500\/lanzamiento-vuce\/","title":{"rendered":"Lanzamiento VUCE"},"content":{"rendered":"<p>El 6 de diciembre en la Torre de las Comunicaciones, tuvo lugar el Lanzamiento de la Ventanilla \u00danica de Comercio Exterior.<\/p>\n<p>Este evento, marca un hito fundamental pues establece el inicio de un proceso que permitir\u00e1 ir construyendo un entorno de Ventanilla \u00danica, el cual aportar\u00e1 a la optimizaci\u00f3n de los tr\u00e1mites de comercio exterior. Durante el lanzamiento expusieron el Ministro de Econom\u00eda y Finanzas, Ec. Fernando Lorenzo; el Ministro de Ganader\u00eda, Agricultura y Pesca,\u00a0 Ing. Tabar\u00e9 Aguerre; el Director Ejecutivo de Uruguay XXI, Lic. Andr\u00e9s Pel\u00e1ez; el Secretario Ejecutivo de CIACEX, Ec. Emb \u00c1lvaro Ons; el Director Nacional de Aduanas, Cr. Enrique Canon, el Director Ejecutivo de AGESIC, Ing. Jos\u00e9 Clastornik y el Especialista del Banco Interamericano de Desarrollo, Ec. Pablo Garc\u00eda.<\/p>\n<p>Se present\u00f3 la Ventanilla \u00danica de Comercio Exterior (VUCE), mecanismo que apuesta a optimizar y unificar, a trav\u00e9s de medios electr\u00f3nicos, la informaci\u00f3n y documentaci\u00f3n necesaria para cumplir con tr\u00e1mites de importaci\u00f3n, exportaci\u00f3n y tr\u00e1nsito. \u00a0Es un portal que permite gestionar en l\u00ednea todos los documentos que son exigidos para las operaciones de comercio exterior. Esto significa que los operadores podr\u00e1n ingresar la informaci\u00f3n una sola vez, evitar trasiegos de papel, traslados desde y hacia los distintos organismos y tiempos de espera innecesarios.<\/p>\n<p>En esta primera fase, la Ventanilla \u00fanica ofrece servicios principalmente a importadores, exportadores y despachantes de aduana. Los procesos se pondr\u00e1n en funcionamiento de forma gradual y podr\u00e1 consultarse cada tr\u00e1mite en nuestro sitio web, en la secci\u00f3n de <a title=\"Procesos Vigentes\" href=\"http:\/\/vuce.gub.uy\/staging1500\/procesos-vigentes\/\">Tr\u00e1mites Vigentes.<\/a>\u00a0Actualmente se encuentra en funcionamiento un primer proceso y se realizan pilotos para el segundo.<\/p>\n<p>&nbsp;<\/p>\n<p>Puedes visualizar el Video Animado de VUCE <a href=\"http:\/\/www.youtube.com\/watch?v=zqZQKZnkUXc&amp;feature=youtu.be\">aqui<\/a><\/p>\n<p>&nbsp;<\/p>\n<p><a href=\"http:\/\/vuce.gub.uy\/staging1500\/wp-content\/uploads\/2013\/12\/DSC_0084.jpg\"><img decoding=\"async\" class=\"size-medium wp-image-1043 alignleft\" alt=\"DSC_0084\" src=\"http:\/\/vuce.gub.uy\/staging1500\/wp-content\/uploads\/2013\/12\/DSC_0084-300x200.jpg\" width=\"300\" height=\"200\" srcset=\"https:\/\/vuce.gub.uy\/staging1500\/wp-content\/uploads\/2013\/12\/DSC_0084-200x134.jpg 200w, https:\/\/vuce.gub.uy\/staging1500\/wp-content\/uploads\/2013\/12\/DSC_0084-300x200.jpg 300w, https:\/\/vuce.gub.uy\/staging1500\/wp-content\/uploads\/2013\/12\/DSC_0084-400x267.jpg 400w, https:\/\/vuce.gub.uy\/staging1500\/wp-content\/uploads\/2013\/12\/DSC_0084-600x401.jpg 600w, https:\/\/vuce.gub.uy\/staging1500\/wp-content\/uploads\/2013\/12\/DSC_0084-768x513.jpg 768w, https:\/\/vuce.gub.uy\/staging1500\/wp-content\/uploads\/2013\/12\/DSC_0084-800x534.jpg 800w, https:\/\/vuce.gub.uy\/staging1500\/wp-content\/uploads\/2013\/12\/DSC_0084-1024x684.jpg 1024w, https:\/\/vuce.gub.uy\/staging1500\/wp-content\/uploads\/2013\/12\/DSC_0084-1200x801.jpg 1200w, https:\/\/vuce.gub.uy\/staging1500\/wp-content\/uploads\/2013\/12\/DSC_0084.jpg 4539w\" sizes=\"(max-width: 300px) 100vw, 300px\" \/><\/a><\/p>\n<p><a href=\"http:\/\/vuce.gub.uy\/staging1500\/wp-content\/uploads\/2013\/12\/DSC_0104.jpg\"><img decoding=\"async\" class=\"aligncenter size-medium wp-image-1044\" alt=\"DSC_0104\" src=\"http:\/\/vuce.gub.uy\/staging1500\/wp-content\/uploads\/2013\/12\/DSC_0104-300x200.jpg\" width=\"300\" height=\"200\" srcset=\"https:\/\/vuce.gub.uy\/staging1500\/wp-content\/uploads\/2013\/12\/DSC_0104-200x134.jpg 200w, https:\/\/vuce.gub.uy\/staging1500\/wp-content\/uploads\/2013\/12\/DSC_0104-300x200.jpg 300w, https:\/\/vuce.gub.uy\/staging1500\/wp-content\/uploads\/2013\/12\/DSC_0104-400x267.jpg 400w, https:\/\/vuce.gub.uy\/staging1500\/wp-content\/uploads\/2013\/12\/DSC_0104-600x401.jpg 600w, https:\/\/vuce.gub.uy\/staging1500\/wp-content\/uploads\/2013\/12\/DSC_0104-768x513.jpg 768w, https:\/\/vuce.gub.uy\/staging1500\/wp-content\/uploads\/2013\/12\/DSC_0104-800x534.jpg 800w, https:\/\/vuce.gub.uy\/staging1500\/wp-content\/uploads\/2013\/12\/DSC_0104-1024x684.jpg 1024w, https:\/\/vuce.gub.uy\/staging1500\/wp-content\/uploads\/2013\/12\/DSC_0104-1200x801.jpg 1200w, https:\/\/vuce.gub.uy\/staging1500\/wp-content\/uploads\/2013\/12\/DSC_0104.jpg 5565w\" sizes=\"(max-width: 300px) 100vw, 300px\" \/><\/a><\/p>\n<p><a href=\"http:\/\/vuce.gub.uy\/staging1500\/wp-content\/uploads\/2013\/12\/DSC_0190.jpg\"><img decoding=\"async\" class=\"size-medium wp-image-1045 alignleft\" alt=\"DSC_0190\" src=\"http:\/\/vuce.gub.uy\/staging1500\/wp-content\/uploads\/2013\/12\/DSC_0190-300x200.jpg\" width=\"300\" height=\"200\" srcset=\"https:\/\/vuce.gub.uy\/staging1500\/wp-content\/uploads\/2013\/12\/DSC_0190-200x133.jpg 200w, https:\/\/vuce.gub.uy\/staging1500\/wp-content\/uploads\/2013\/12\/DSC_0190-300x200.jpg 300w, https:\/\/vuce.gub.uy\/staging1500\/wp-content\/uploads\/2013\/12\/DSC_0190-400x267.jpg 400w, https:\/\/vuce.gub.uy\/staging1500\/wp-content\/uploads\/2013\/12\/DSC_0190-600x400.jpg 600w, https:\/\/vuce.gub.uy\/staging1500\/wp-content\/uploads\/2013\/12\/DSC_0190-768x513.jpg 768w, https:\/\/vuce.gub.uy\/staging1500\/wp-content\/uploads\/2013\/12\/DSC_0190-800x534.jpg 800w, https:\/\/vuce.gub.uy\/staging1500\/wp-content\/uploads\/2013\/12\/DSC_0190-1024x683.jpg 1024w, https:\/\/vuce.gub.uy\/staging1500\/wp-content\/uploads\/2013\/12\/DSC_0190-1200x801.jpg 1200w, https:\/\/vuce.gub.uy\/staging1500\/wp-content\/uploads\/2013\/12\/DSC_0190.jpg 5470w\" sizes=\"(max-width: 300px) 100vw, 300px\" \/><\/a><\/p>\n<p><a href=\"http:\/\/vuce.gub.uy\/staging1500\/wp-content\/uploads\/2013\/12\/DSC_0229.jpg\"><img decoding=\"async\" class=\"aligncenter size-medium wp-image-1046\" alt=\"DSC_0229\" src=\"http:\/\/vuce.gub.uy\/staging1500\/wp-content\/uploads\/2013\/12\/DSC_0229-300x200.jpg\" width=\"300\" height=\"200\" srcset=\"https:\/\/vuce.gub.uy\/staging1500\/wp-content\/uploads\/2013\/12\/DSC_0229-200x134.jpg 200w, https:\/\/vuce.gub.uy\/staging1500\/wp-content\/uploads\/2013\/12\/DSC_0229-300x200.jpg 300w, https:\/\/vuce.gub.uy\/staging1500\/wp-content\/uploads\/2013\/12\/DSC_0229-400x267.jpg 400w, https:\/\/vuce.gub.uy\/staging1500\/wp-content\/uploads\/2013\/12\/DSC_0229-600x401.jpg 600w, https:\/\/vuce.gub.uy\/staging1500\/wp-content\/uploads\/2013\/12\/DSC_0229-768x513.jpg 768w, https:\/\/vuce.gub.uy\/staging1500\/wp-content\/uploads\/2013\/12\/DSC_0229-800x534.jpg 800w, https:\/\/vuce.gub.uy\/staging1500\/wp-content\/uploads\/2013\/12\/DSC_0229-1024x684.jpg 1024w, https:\/\/vuce.gub.uy\/staging1500\/wp-content\/uploads\/2013\/12\/DSC_0229-1200x801.jpg 1200w, https:\/\/vuce.gub.uy\/staging1500\/wp-content\/uploads\/2013\/12\/DSC_0229.jpg 4955w\" sizes=\"(max-width: 300px) 100vw, 300px\" \/><\/a><\/p>\n<p><a href=\"http:\/\/vuce.gub.uy\/staging1500\/wp-content\/uploads\/2013\/12\/DSC_0294.jpg\"><img decoding=\"async\" class=\"alignleft size-medium wp-image-1047\" alt=\"DSC_0294\" src=\"http:\/\/vuce.gub.uy\/staging1500\/wp-content\/uploads\/2013\/12\/DSC_0294-300x200.jpg\" width=\"300\" height=\"200\" srcset=\"https:\/\/vuce.gub.uy\/staging1500\/wp-content\/uploads\/2013\/12\/DSC_0294-200x133.jpg 200w, https:\/\/vuce.gub.uy\/staging1500\/wp-content\/uploads\/2013\/12\/DSC_0294-300x200.jpg 300w, https:\/\/vuce.gub.uy\/staging1500\/wp-content\/uploads\/2013\/12\/DSC_0294-400x267.jpg 400w, https:\/\/vuce.gub.uy\/staging1500\/wp-content\/uploads\/2013\/12\/DSC_0294-600x400.jpg 600w, https:\/\/vuce.gub.uy\/staging1500\/wp-content\/uploads\/2013\/12\/DSC_0294-768x513.jpg 768w, https:\/\/vuce.gub.uy\/staging1500\/wp-content\/uploads\/2013\/12\/DSC_0294-800x534.jpg 800w, https:\/\/vuce.gub.uy\/staging1500\/wp-content\/uploads\/2013\/12\/DSC_0294-1024x683.jpg 1024w, https:\/\/vuce.gub.uy\/staging1500\/wp-content\/uploads\/2013\/12\/DSC_0294-1200x801.jpg 1200w, https:\/\/vuce.gub.uy\/staging1500\/wp-content\/uploads\/2013\/12\/DSC_0294.jpg 4643w\" sizes=\"(max-width: 300px) 100vw, 300px\" \/><\/a><\/p>\n<p><a href=\"http:\/\/vuce.gub.uy\/staging1500\/wp-content\/uploads\/2013\/12\/DSC_0294.jpg\"><a href=\"http:\/\/vuce.gub.uy\/staging1500\/wp-content\/uploads\/2013\/12\/DSC_0309.jpg\"><img decoding=\"async\" class=\"aligncenter size-medium wp-image-1048\" alt=\"DSC_0309\" src=\"http:\/\/vuce.gub.uy\/staging1500\/wp-content\/uploads\/2013\/12\/DSC_0309-300x200.jpg\" width=\"300\" height=\"200\" srcset=\"https:\/\/vuce.gub.uy\/staging1500\/wp-content\/uploads\/2013\/12\/DSC_0309-200x133.jpg 200w, https:\/\/vuce.gub.uy\/staging1500\/wp-content\/uploads\/2013\/12\/DSC_0309-300x200.jpg 300w, https:\/\/vuce.gub.uy\/staging1500\/wp-content\/uploads\/2013\/12\/DSC_0309-400x267.jpg 400w, https:\/\/vuce.gub.uy\/staging1500\/wp-content\/uploads\/2013\/12\/DSC_0309-600x400.jpg 600w, https:\/\/vuce.gub.uy\/staging1500\/wp-content\/uploads\/2013\/12\/DSC_0309-768x513.jpg 768w, https:\/\/vuce.gub.uy\/staging1500\/wp-content\/uploads\/2013\/12\/DSC_0309-800x534.jpg 800w, https:\/\/vuce.gub.uy\/staging1500\/wp-content\/uploads\/2013\/12\/DSC_0309-1024x683.jpg 1024w, https:\/\/vuce.gub.uy\/staging1500\/wp-content\/uploads\/2013\/12\/DSC_0309-1200x801.jpg 1200w, https:\/\/vuce.gub.uy\/staging1500\/wp-content\/uploads\/2013\/12\/DSC_0309.jpg 4643w\" sizes=\"(max-width: 300px) 100vw, 300px\" \/><\/a><\/a><\/p>\n<p><a href=\"http:\/\/vuce.gub.uy\/staging1500\/wp-content\/uploads\/2013\/12\/DSC_0326.jpg\"><img decoding=\"async\" class=\"size-medium wp-image-1049 alignleft\" alt=\"DSC_0326\" src=\"http:\/\/vuce.gub.uy\/staging1500\/wp-content\/uploads\/2013\/12\/DSC_0326-300x200.jpg\" width=\"300\" height=\"200\" srcset=\"https:\/\/vuce.gub.uy\/staging1500\/wp-content\/uploads\/2013\/12\/DSC_0326-200x134.jpg 200w, https:\/\/vuce.gub.uy\/staging1500\/wp-content\/uploads\/2013\/12\/DSC_0326-300x200.jpg 300w, https:\/\/vuce.gub.uy\/staging1500\/wp-content\/uploads\/2013\/12\/DSC_0326-400x267.jpg 400w, https:\/\/vuce.gub.uy\/staging1500\/wp-content\/uploads\/2013\/12\/DSC_0326-600x401.jpg 600w, https:\/\/vuce.gub.uy\/staging1500\/wp-content\/uploads\/2013\/12\/DSC_0326-768x513.jpg 768w, https:\/\/vuce.gub.uy\/staging1500\/wp-content\/uploads\/2013\/12\/DSC_0326-800x534.jpg 800w, https:\/\/vuce.gub.uy\/staging1500\/wp-content\/uploads\/2013\/12\/DSC_0326-1024x684.jpg 1024w, https:\/\/vuce.gub.uy\/staging1500\/wp-content\/uploads\/2013\/12\/DSC_0326-1200x801.jpg 1200w, https:\/\/vuce.gub.uy\/staging1500\/wp-content\/uploads\/2013\/12\/DSC_0326.jpg 4388w\" sizes=\"(max-width: 300px) 100vw, 300px\" \/><\/a><\/p>\n<p>&nbsp;<\/p>\n","protected":false},"excerpt":{"rendered":"<p>Se realiz\u00f3 el 6 de Diciembre en Torre de Antel, con gran convocatoria de actores p\u00fablicos y privados.<\/p>\n","protected":false},"author":1,"featured_media":1032,"comment_status":"closed","ping_status":"open","sticky":false,"template":"","format":"standard","meta":{"footnotes":""},"categories":[3],"tags":[],"yoast_head":"<!-- This site is optimized with the Yoast SEO plugin v21.5 - https:\/\/yoast.com\/wordpress\/plugins\/seo\/ -->\n<title>Lanzamiento VUCE - VUCE<\/title>\n<meta name=\"robots\" content=\"index, follow, max-snippet:-1, max-image-preview:large, max-video-preview:-1\" \/>\n<link rel=\"canonical\" href=\"https:\/\/vuce.gub.uy\/staging1500\/lanzamiento-vuce\/\" \/>\n<meta property=\"og:locale\" content=\"es_ES\" \/>\n<meta property=\"og:type\" content=\"article\" \/>\n<meta property=\"og:title\" content=\"Lanzamiento VUCE - VUCE\" \/>\n<meta property=\"og:description\" content=\"Se realiz\u00f3 el 6 de Diciembre en Torre de Antel, con gran convocatoria de actores p\u00fablicos y privados.\" \/>\n<meta property=\"og:url\" content=\"https:\/\/vuce.gub.uy\/staging1500\/lanzamiento-vuce\/\" \/>\n<meta property=\"og:site_name\" content=\"VUCE\" \/>\n<meta property=\"article:published_time\" content=\"2013-12-06T18:02:22+00:00\" \/>\n<meta property=\"og:image\" content=\"https:\/\/vuce.gub.uy\/staging1500\/wp-content\/uploads\/2013\/12\/DSC_0234-1024x678.jpg\" \/>\n\t<meta property=\"og:image:width\" content=\"1024\" \/>\n\t<meta property=\"og:image:height\" content=\"678\" \/>\n\t<meta property=\"og:image:type\" content=\"image\/jpeg\" \/>\n<meta name=\"author\" content=\"vuce\" \/>\n<meta name=\"twitter:card\" content=\"summary_large_image\" \/>\n<meta name=\"twitter:label1\" content=\"Escrito por\" \/>\n\t<meta name=\"twitter:data1\" content=\"vuce\" \/>\n\t<meta name=\"twitter:label2\" content=\"Tiempo de lectura\" \/>\n\t<meta name=\"twitter:data2\" content=\"1 minuto\" \/>\n<script type=\"application\/ld+json\" class=\"yoast-schema-graph\">{\"@context\":\"https:\/\/schema.org\",\"@graph\":[{\"@type\":\"WebPage\",\"@id\":\"https:\/\/vuce.gub.uy\/staging1500\/lanzamiento-vuce\/\",\"url\":\"https:\/\/vuce.gub.uy\/staging1500\/lanzamiento-vuce\/\",\"name\":\"Lanzamiento VUCE - VUCE\",\"isPartOf\":{\"@id\":\"https:\/\/vuce.gub.uy\/staging1500\/#website\"},\"datePublished\":\"2013-12-06T18:02:22+00:00\",\"dateModified\":\"2013-12-06T18:02:22+00:00\",\"author\":{\"@id\":\"https:\/\/vuce.gub.uy\/staging1500\/#\/schema\/person\/8328845af156cc1910f16419d63591a6\"},\"breadcrumb\":{\"@id\":\"https:\/\/vuce.gub.uy\/staging1500\/lanzamiento-vuce\/#breadcrumb\"},\"inLanguage\":\"es-AR\",\"potentialAction\":[{\"@type\":\"ReadAction\",\"target\":[\"https:\/\/vuce.gub.uy\/staging1500\/lanzamiento-vuce\/\"]}]},{\"@type\":\"BreadcrumbList\",\"@id\":\"https:\/\/vuce.gub.uy\/staging1500\/lanzamiento-vuce\/#breadcrumb\",\"itemListElement\":[{\"@type\":\"ListItem\",\"position\":1,\"name\":\"Inicio\",\"item\":\"https:\/\/vuce.gub.uy\/staging1500\/\"},{\"@type\":\"ListItem\",\"position\":2,\"name\":\"Lanzamiento VUCE\"}]},{\"@type\":\"WebSite\",\"@id\":\"https:\/\/vuce.gub.uy\/staging1500\/#website\",\"url\":\"https:\/\/vuce.gub.uy\/staging1500\/\",\"name\":\"VUCE\",\"description\":\"\",\"potentialAction\":[{\"@type\":\"SearchAction\",\"target\":{\"@type\":\"EntryPoint\",\"urlTemplate\":\"https:\/\/vuce.gub.uy\/staging1500\/?s={search_term_string}\"},\"query-input\":\"required name=search_term_string\"}],\"inLanguage\":\"es-AR\"},{\"@type\":\"Person\",\"@id\":\"https:\/\/vuce.gub.uy\/staging1500\/#\/schema\/person\/8328845af156cc1910f16419d63591a6\",\"name\":\"vuce\",\"url\":\"https:\/\/vuce.gub.uy\/staging1500\/author\/vuce\/\"}]}<\/script>\n<!-- \/ Yoast SEO plugin. -->","yoast_head_json":{"title":"Lanzamiento VUCE - VUCE","robots":{"index":"index","follow":"follow","max-snippet":"max-snippet:-1","max-image-preview":"max-image-preview:large","max-video-preview":"max-video-preview:-1"},"canonical":"https:\/\/vuce.gub.uy\/staging1500\/lanzamiento-vuce\/","og_locale":"es_ES","og_type":"article","og_title":"Lanzamiento VUCE - VUCE","og_description":"Se realiz\u00f3 el 6 de Diciembre en Torre de Antel, con gran convocatoria de actores p\u00fablicos y privados.","og_url":"https:\/\/vuce.gub.uy\/staging1500\/lanzamiento-vuce\/","og_site_name":"VUCE","article_published_time":"2013-12-06T18:02:22+00:00","og_image":[{"width":1024,"height":678,"url":"https:\/\/vuce.gub.uy\/staging1500\/wp-content\/uploads\/2013\/12\/DSC_0234-1024x678.jpg","type":"image\/jpeg"}],"author":"vuce","twitter_card":"summary_large_image","twitter_misc":{"Escrito por":"vuce","Tiempo de lectura":"1 minuto"},"schema":{"@context":"https:\/\/schema.org","@graph":[{"@type":"WebPage","@id":"https:\/\/vuce.gub.uy\/staging1500\/lanzamiento-vuce\/","url":"https:\/\/vuce.gub.uy\/staging1500\/lanzamiento-vuce\/","name":"Lanzamiento VUCE - VUCE","isPartOf":{"@id":"https:\/\/vuce.gub.uy\/staging1500\/#website"},"datePublished":"2013-12-06T18:02:22+00:00","dateModified":"2013-12-06T18:02:22+00:00","author":{"@id":"https:\/\/vuce.gub.uy\/staging1500\/#\/schema\/person\/8328845af156cc1910f16419d63591a6"},"breadcrumb":{"@id":"https:\/\/vuce.gub.uy\/staging1500\/lanzamiento-vuce\/#breadcrumb"},"inLanguage":"es-AR","potentialAction":[{"@type":"ReadAction","target":["https:\/\/vuce.gub.uy\/staging1500\/lanzamiento-vuce\/"]}]},{"@type":"BreadcrumbList","@id":"https:\/\/vuce.gub.uy\/staging1500\/lanzamiento-vuce\/#breadcrumb","itemListElement":[{"@type":"ListItem","position":1,"name":"Inicio","item":"https:\/\/vuce.gub.uy\/staging1500\/"},{"@type":"ListItem","position":2,"name":"Lanzamiento VUCE"}]},{"@type":"WebSite","@id":"https:\/\/vuce.gub.uy\/staging1500\/#website","url":"https:\/\/vuce.gub.uy\/staging1500\/","name":"VUCE","description":"","potentialAction":[{"@type":"SearchAction","target":{"@type":"EntryPoint","urlTemplate":"https:\/\/vuce.gub.uy\/staging1500\/?s={search_term_string}"},"query-input":"required name=search_term_string"}],"inLanguage":"es-AR"},{"@type":"Person","@id":"https:\/\/vuce.gub.uy\/staging1500\/#\/schema\/person\/8328845af156cc1910f16419d63591a6","name":"vuce","url":"https:\/\/vuce.gub.uy\/staging1500\/author\/vuce\/"}]}},"_links":{"self":[{"href":"https:\/\/vuce.gub.uy\/staging1500\/wp-json\/wp\/v2\/posts\/1031"}],"collection":[{"href":"https:\/\/vuce.gub.uy\/staging1500\/wp-json\/wp\/v2\/posts"}],"about":[{"href":"https:\/\/vuce.gub.uy\/staging1500\/wp-json\/wp\/v2\/types\/post"}],"author":[{"embeddable":true,"href":"https:\/\/vuce.gub.uy\/staging1500\/wp-json\/wp\/v2\/users\/1"}],"replies":[{"embeddable":true,"href":"https:\/\/vuce.gub.uy\/staging1500\/wp-json\/wp\/v2\/comments?post=1031"}],"version-history":[{"count":0,"href":"https:\/\/vuce.gub.uy\/staging1500\/wp-json\/wp\/v2\/posts\/1031\/revisions"}],"wp:featuredmedia":[{"embeddable":true,"href":"https:\/\/vuce.gub.uy\/staging1500\/wp-json\/wp\/v2\/media\/1032"}],"wp:attachment":[{"href":"https:\/\/vuce.gub.uy\/staging1500\/wp-json\/wp\/v2\/media?parent=1031"}],"wp:term":[{"taxonomy":"category","embeddable":true,"href":"https:\/\/vuce.gub.uy\/staging1500\/wp-json\/wp\/v2\/categories?post=1031"},{"taxonomy":"post_tag","embeddable":true,"href":"https:\/\/vuce.gub.uy\/staging1500\/wp-json\/wp\/v2\/tags?post=1031"}],"curies":[{"name":"wp","href":"https:\/\/api.w.org\/{rel}","templated":true}]}}