{"id":1160,"date":"2014-02-28T14:06:25","date_gmt":"2014-02-28T14:06:25","guid":{"rendered":"http:\/\/vuce.gub.uy\/staging1500\/?p=1160"},"modified":"2014-02-28T14:06:25","modified_gmt":"2014-02-28T14:06:25","slug":"comienza-el-ciclo-de-charlas-informativas-2014","status":"publish","type":"post","link":"https:\/\/vuce.gub.uy\/staging1500\/comienza-el-ciclo-de-charlas-informativas-2014\/","title":{"rendered":"Comienza el Ciclo de Charlas Informativas 2014"},"content":{"rendered":"<p>La primera charla tendr\u00e1 lugar el 27 de marzo de 2014 y ser\u00e1 para los Organismos del Estado que emiten documentos para el Comercio Exterior.<\/p>\n<p>Est\u00e1 organizada por el Instituto Uruguay XXI y la Direcci\u00f3n Nacional de Aduanas y tiene por objetivo informar sobre la operativa aduanera relacionada a los certificados que emiten dichos organismos.<\/p>\n<p>En este oportunidad se presentar\u00e1n los procesos detr\u00e1s de las operaciones que requieren certificados, los controles que realiza la Direcci\u00f3n Nacional de Aduanas sobre los documentos, la importancia de integrarse a la Ventanilla \u00danica para facilitar las operaciones y mejorar las capacidades de control.<\/p>\n<p>La charla comenzar\u00e1 a las 9:30 y tendr\u00e1 una duraci\u00f3n m\u00e1xima de 2 horas.<\/p>\n<p>Es necesario inscribirse a trav\u00e9s del 2916 6878 int. 216 o ciclodecharlas@vuce.gub.uy, indicando los nombres de quienes asisten y el organismo al cual pertenecen.<\/p>\n<p>&nbsp;<\/p>\n<p><img decoding=\"async\" class=\"aligncenter size-large wp-image-1161\" alt=\"Mailing Charla informativa-01\" src=\"http:\/\/vuce.gub.uy\/staging1500\/wp-content\/uploads\/2014\/02\/Mailing-Charla-informativa-01-1024x778.jpg\" width=\"980\" height=\"744\" srcset=\"https:\/\/vuce.gub.uy\/staging1500\/wp-content\/uploads\/2014\/02\/Mailing-Charla-informativa-01-200x152.jpg 200w, https:\/\/vuce.gub.uy\/staging1500\/wp-content\/uploads\/2014\/02\/Mailing-Charla-informativa-01-300x228.jpg 300w, https:\/\/vuce.gub.uy\/staging1500\/wp-content\/uploads\/2014\/02\/Mailing-Charla-informativa-01-400x304.jpg 400w, https:\/\/vuce.gub.uy\/staging1500\/wp-content\/uploads\/2014\/02\/Mailing-Charla-informativa-01-600x456.jpg 600w, https:\/\/vuce.gub.uy\/staging1500\/wp-content\/uploads\/2014\/02\/Mailing-Charla-informativa-01-768x584.jpg 768w, https:\/\/vuce.gub.uy\/staging1500\/wp-content\/uploads\/2014\/02\/Mailing-Charla-informativa-01-800x608.jpg 800w, https:\/\/vuce.gub.uy\/staging1500\/wp-content\/uploads\/2014\/02\/Mailing-Charla-informativa-01-1024x778.jpg 1024w, https:\/\/vuce.gub.uy\/staging1500\/wp-content\/uploads\/2014\/02\/Mailing-Charla-informativa-01-1200x912.jpg 1200w, https:\/\/vuce.gub.uy\/staging1500\/wp-content\/uploads\/2014\/02\/Mailing-Charla-informativa-01.jpg 2363w\" sizes=\"(max-width: 980px) 100vw, 980px\" \/><\/p>\n","protected":false},"excerpt":{"rendered":"<p>La primera charla ser\u00e1 para los Organismos del Estado que emiten documentos para el Comercio Exterior.<\/p>\n","protected":false},"author":1,"featured_media":0,"comment_status":"closed","ping_status":"open","sticky":false,"template":"","format":"standard","meta":{"footnotes":""},"categories":[3],"tags":[],"yoast_head":"<!-- This site is optimized with the Yoast SEO plugin v21.5 - https:\/\/yoast.com\/wordpress\/plugins\/seo\/ -->\n<title>Comienza el Ciclo de Charlas Informativas 2014 - VUCE<\/title>\n<meta name=\"robots\" content=\"index, follow, max-snippet:-1, max-image-preview:large, max-video-preview:-1\" \/>\n<link rel=\"canonical\" href=\"https:\/\/vuce.gub.uy\/staging1500\/comienza-el-ciclo-de-charlas-informativas-2014\/\" \/>\n<meta property=\"og:locale\" content=\"es_ES\" \/>\n<meta property=\"og:type\" content=\"article\" \/>\n<meta property=\"og:title\" content=\"Comienza el Ciclo de Charlas Informativas 2014 - VUCE\" \/>\n<meta property=\"og:description\" content=\"La primera charla ser\u00e1 para los Organismos del Estado que emiten documentos para el Comercio Exterior.\" \/>\n<meta property=\"og:url\" content=\"https:\/\/vuce.gub.uy\/staging1500\/comienza-el-ciclo-de-charlas-informativas-2014\/\" \/>\n<meta property=\"og:site_name\" content=\"VUCE\" \/>\n<meta property=\"article:published_time\" content=\"2014-02-28T14:06:25+00:00\" \/>\n<meta property=\"og:image\" content=\"http:\/\/vuce.gub.uy\/staging1500\/wp-content\/uploads\/2014\/02\/Mailing-Charla-informativa-01-1024x778.jpg\" \/>\n<meta name=\"author\" content=\"vuce\" \/>\n<meta name=\"twitter:card\" content=\"summary_large_image\" \/>\n<meta name=\"twitter:label1\" content=\"Escrito por\" \/>\n\t<meta name=\"twitter:data1\" content=\"vuce\" \/>\n\t<meta name=\"twitter:label2\" content=\"Tiempo de lectura\" \/>\n\t<meta name=\"twitter:data2\" content=\"1 minuto\" \/>\n<script type=\"application\/ld+json\" class=\"yoast-schema-graph\">{\"@context\":\"https:\/\/schema.org\",\"@graph\":[{\"@type\":\"WebPage\",\"@id\":\"https:\/\/vuce.gub.uy\/staging1500\/comienza-el-ciclo-de-charlas-informativas-2014\/\",\"url\":\"https:\/\/vuce.gub.uy\/staging1500\/comienza-el-ciclo-de-charlas-informativas-2014\/\",\"name\":\"Comienza el Ciclo de Charlas Informativas 2014 - VUCE\",\"isPartOf\":{\"@id\":\"https:\/\/vuce.gub.uy\/staging1500\/#website\"},\"datePublished\":\"2014-02-28T14:06:25+00:00\",\"dateModified\":\"2014-02-28T14:06:25+00:00\",\"author\":{\"@id\":\"https:\/\/vuce.gub.uy\/staging1500\/#\/schema\/person\/8328845af156cc1910f16419d63591a6\"},\"breadcrumb\":{\"@id\":\"https:\/\/vuce.gub.uy\/staging1500\/comienza-el-ciclo-de-charlas-informativas-2014\/#breadcrumb\"},\"inLanguage\":\"es-AR\",\"potentialAction\":[{\"@type\":\"ReadAction\",\"target\":[\"https:\/\/vuce.gub.uy\/staging1500\/comienza-el-ciclo-de-charlas-informativas-2014\/\"]}]},{\"@type\":\"BreadcrumbList\",\"@id\":\"https:\/\/vuce.gub.uy\/staging1500\/comienza-el-ciclo-de-charlas-informativas-2014\/#breadcrumb\",\"itemListElement\":[{\"@type\":\"ListItem\",\"position\":1,\"name\":\"Inicio\",\"item\":\"https:\/\/vuce.gub.uy\/staging1500\/\"},{\"@type\":\"ListItem\",\"position\":2,\"name\":\"Comienza el Ciclo de Charlas Informativas 2014\"}]},{\"@type\":\"WebSite\",\"@id\":\"https:\/\/vuce.gub.uy\/staging1500\/#website\",\"url\":\"https:\/\/vuce.gub.uy\/staging1500\/\",\"name\":\"VUCE\",\"description\":\"\",\"potentialAction\":[{\"@type\":\"SearchAction\",\"target\":{\"@type\":\"EntryPoint\",\"urlTemplate\":\"https:\/\/vuce.gub.uy\/staging1500\/?s={search_term_string}\"},\"query-input\":\"required name=search_term_string\"}],\"inLanguage\":\"es-AR\"},{\"@type\":\"Person\",\"@id\":\"https:\/\/vuce.gub.uy\/staging1500\/#\/schema\/person\/8328845af156cc1910f16419d63591a6\",\"name\":\"vuce\",\"url\":\"https:\/\/vuce.gub.uy\/staging1500\/author\/vuce\/\"}]}<\/script>\n<!-- \/ Yoast SEO plugin. -->","yoast_head_json":{"title":"Comienza el Ciclo de Charlas Informativas 2014 - VUCE","robots":{"index":"index","follow":"follow","max-snippet":"max-snippet:-1","max-image-preview":"max-image-preview:large","max-video-preview":"max-video-preview:-1"},"canonical":"https:\/\/vuce.gub.uy\/staging1500\/comienza-el-ciclo-de-charlas-informativas-2014\/","og_locale":"es_ES","og_type":"article","og_title":"Comienza el Ciclo de Charlas Informativas 2014 - VUCE","og_description":"La primera charla ser\u00e1 para los Organismos del Estado que emiten documentos para el Comercio Exterior.","og_url":"https:\/\/vuce.gub.uy\/staging1500\/comienza-el-ciclo-de-charlas-informativas-2014\/","og_site_name":"VUCE","article_published_time":"2014-02-28T14:06:25+00:00","og_image":[{"url":"http:\/\/vuce.gub.uy\/staging1500\/wp-content\/uploads\/2014\/02\/Mailing-Charla-informativa-01-1024x778.jpg"}],"author":"vuce","twitter_card":"summary_large_image","twitter_misc":{"Escrito por":"vuce","Tiempo de lectura":"1 minuto"},"schema":{"@context":"https:\/\/schema.org","@graph":[{"@type":"WebPage","@id":"https:\/\/vuce.gub.uy\/staging1500\/comienza-el-ciclo-de-charlas-informativas-2014\/","url":"https:\/\/vuce.gub.uy\/staging1500\/comienza-el-ciclo-de-charlas-informativas-2014\/","name":"Comienza el Ciclo de Charlas Informativas 2014 - VUCE","isPartOf":{"@id":"https:\/\/vuce.gub.uy\/staging1500\/#website"},"datePublished":"2014-02-28T14:06:25+00:00","dateModified":"2014-02-28T14:06:25+00:00","author":{"@id":"https:\/\/vuce.gub.uy\/staging1500\/#\/schema\/person\/8328845af156cc1910f16419d63591a6"},"breadcrumb":{"@id":"https:\/\/vuce.gub.uy\/staging1500\/comienza-el-ciclo-de-charlas-informativas-2014\/#breadcrumb"},"inLanguage":"es-AR","potentialAction":[{"@type":"ReadAction","target":["https:\/\/vuce.gub.uy\/staging1500\/comienza-el-ciclo-de-charlas-informativas-2014\/"]}]},{"@type":"BreadcrumbList","@id":"https:\/\/vuce.gub.uy\/staging1500\/comienza-el-ciclo-de-charlas-informativas-2014\/#breadcrumb","itemListElement":[{"@type":"ListItem","position":1,"name":"Inicio","item":"https:\/\/vuce.gub.uy\/staging1500\/"},{"@type":"ListItem","position":2,"name":"Comienza el Ciclo de Charlas Informativas 2014"}]},{"@type":"WebSite","@id":"https:\/\/vuce.gub.uy\/staging1500\/#website","url":"https:\/\/vuce.gub.uy\/staging1500\/","name":"VUCE","description":"","potentialAction":[{"@type":"SearchAction","target":{"@type":"EntryPoint","urlTemplate":"https:\/\/vuce.gub.uy\/staging1500\/?s={search_term_string}"},"query-input":"required name=search_term_string"}],"inLanguage":"es-AR"},{"@type":"Person","@id":"https:\/\/vuce.gub.uy\/staging1500\/#\/schema\/person\/8328845af156cc1910f16419d63591a6","name":"vuce","url":"https:\/\/vuce.gub.uy\/staging1500\/author\/vuce\/"}]}},"_links":{"self":[{"href":"https:\/\/vuce.gub.uy\/staging1500\/wp-json\/wp\/v2\/posts\/1160"}],"collection":[{"href":"https:\/\/vuce.gub.uy\/staging1500\/wp-json\/wp\/v2\/posts"}],"about":[{"href":"https:\/\/vuce.gub.uy\/staging1500\/wp-json\/wp\/v2\/types\/post"}],"author":[{"embeddable":true,"href":"https:\/\/vuce.gub.uy\/staging1500\/wp-json\/wp\/v2\/users\/1"}],"replies":[{"embeddable":true,"href":"https:\/\/vuce.gub.uy\/staging1500\/wp-json\/wp\/v2\/comments?post=1160"}],"version-history":[{"count":0,"href":"https:\/\/vuce.gub.uy\/staging1500\/wp-json\/wp\/v2\/posts\/1160\/revisions"}],"wp:attachment":[{"href":"https:\/\/vuce.gub.uy\/staging1500\/wp-json\/wp\/v2\/media?parent=1160"}],"wp:term":[{"taxonomy":"category","embeddable":true,"href":"https:\/\/vuce.gub.uy\/staging1500\/wp-json\/wp\/v2\/categories?post=1160"},{"taxonomy":"post_tag","embeddable":true,"href":"https:\/\/vuce.gub.uy\/staging1500\/wp-json\/wp\/v2\/tags?post=1160"}],"curies":[{"name":"wp","href":"https:\/\/api.w.org\/{rel}","templated":true}]}}