{"id":1292,"date":"2014-04-07T13:06:55","date_gmt":"2014-04-07T13:06:55","guid":{"rendered":"http:\/\/vuce.gub.uy\/staging1500\/?p=1292"},"modified":"2014-04-07T13:06:55","modified_gmt":"2014-04-07T13:06:55","slug":"gran-convocatoria-en-charla-informativa-organismos","status":"publish","type":"post","link":"https:\/\/vuce.gub.uy\/staging1500\/gran-convocatoria-en-charla-informativa-organismos\/","title":{"rendered":"Gran Convocatoria en Charla Informativa a Organismos"},"content":{"rendered":"<p>El pasado 27 de marzo de 2014, se realiz\u00f3 la primera charla del ciclo 2014 para los Organismos del Estado que emiten documentos para el Comercio Exterior.<\/p>\n<p>Participaron cerca de 50 funcionarios, de 17 organismos distintos. Todos ellos emiten alg\u00fan tipo de certificado para el comercio exterior.<\/p>\n<p>Durante la primera parte de la charla, la Direcci\u00f3n Nacional de Aduanas\u00a0 present\u00f3 algunos conceptos aduaneros b\u00e1sicos que impactan directamente con el proceso de emisi\u00f3n de certificados.\u00a0 En este sentido, reforz\u00f3 la importancia de utilizar documentos digitales por sobre los emitidos en formato papel.<\/p>\n<p>Luego se present\u00f3 la Ventanilla \u00danica de Comercio Exterior, sus principales caracter\u00edsticas y funcionalidades, as\u00ed como los beneficios que genera tanto para el sector privado como para organismos. Se plante\u00f3 la forma en la que se propone conectarse con organismos, y se los invit\u00f3 a sumarse a la hoja de ruta de VUCE.<\/p>\n<p>Por \u00faltimo AGESIC present\u00f3 informaci\u00f3n sobre la firma electr\u00f3nica y las principales ventajas de utilizar este mecanismo para los tr\u00e1mites que se realizar\u00e1n en la VUCE.<\/p>\n<p>Puede visualizar el material utilizado en la charla a continuaci\u00f3n:<\/p>\n<p><a href=\"http:\/\/www.youtube.com\/embed\/zqZQKZnkUXc\" target=\"_blank\">Video Animado de VUCE <\/a><br \/>\n<a href=\"http:\/\/prezi.com\/daikdjpkvlmn\/?utm_campaign=share&amp;utm_medium=copy&amp;rc=ex0share\" target=\"_blank\">Presentaci\u00f3n de DNA \u2013 VUCE<\/a><br \/>\n<a href=\"\/wp-content\/uploads\/2014\/04\/2014AspectosJuridicosfirmaydocelectronicos.pdf\" target=\"_blank\">Presentaci\u00f3n AGESIC<\/a><\/p>\n<p>Est\u00e1 organizada por el Instituto Uruguay XXI y la Direcci\u00f3n Nacional de Aduanas y tiene por objetivo informar sobre la operativa aduanera relacionada a los certificados que emiten dichos organismos.<\/p>\n<p>En este oportunidad se presentar\u00e1n los procesos detr\u00e1s de las operaciones que requieren certificados, los controles que realiza la Direcci\u00f3n Nacional de Aduanas sobre los documentos, la importancia de integrarse a la Ventanilla \u00danica para facilitar las operaciones y mejorar las capacidades de control.<\/p>\n<p>La charla comenzar\u00e1 a las 9:30 y tendr\u00e1 una duraci\u00f3n m\u00e1xima de 2 horas.<\/p>\n<p>Es necesario inscribirse a trav\u00e9s del 2916 6878 int. 216 o <a href=\"mailto:ciclodecharlas@vuce.gub.uy\">ciclodecharlas@vuce.gub.uy<\/a>, indicando los nombres de quienes asisten y el organismo al cual pertenecen.<\/p>\n","protected":false},"excerpt":{"rendered":"<p>Los oradores presentaron informaci\u00f3n sobre Aduanas, Ventanilla \u00danica y Firma Electr\u00f3nica.<\/p>\n","protected":false},"author":1,"featured_media":1293,"comment_status":"closed","ping_status":"open","sticky":false,"template":"","format":"standard","meta":{"footnotes":""},"categories":[3],"tags":[],"yoast_head":"<!-- This site is optimized with the Yoast SEO plugin v21.5 - https:\/\/yoast.com\/wordpress\/plugins\/seo\/ -->\n<title>Gran Convocatoria en Charla Informativa a Organismos - VUCE<\/title>\n<meta name=\"robots\" content=\"index, follow, max-snippet:-1, max-image-preview:large, max-video-preview:-1\" \/>\n<link rel=\"canonical\" href=\"https:\/\/vuce.gub.uy\/staging1500\/gran-convocatoria-en-charla-informativa-organismos\/\" \/>\n<meta property=\"og:locale\" content=\"es_ES\" \/>\n<meta property=\"og:type\" content=\"article\" \/>\n<meta property=\"og:title\" content=\"Gran Convocatoria en Charla Informativa a Organismos - VUCE\" \/>\n<meta property=\"og:description\" content=\"Los oradores presentaron informaci\u00f3n sobre Aduanas, Ventanilla \u00danica y Firma Electr\u00f3nica.\" \/>\n<meta property=\"og:url\" content=\"https:\/\/vuce.gub.uy\/staging1500\/gran-convocatoria-en-charla-informativa-organismos\/\" \/>\n<meta property=\"og:site_name\" content=\"VUCE\" \/>\n<meta property=\"article:published_time\" content=\"2014-04-07T13:06:55+00:00\" \/>\n<meta property=\"og:image\" content=\"https:\/\/vuce.gub.uy\/staging1500\/wp-content\/uploads\/2014\/04\/portada-1024x768.jpg\" \/>\n\t<meta property=\"og:image:width\" content=\"1024\" \/>\n\t<meta property=\"og:image:height\" content=\"768\" \/>\n\t<meta property=\"og:image:type\" content=\"image\/jpeg\" \/>\n<meta name=\"author\" content=\"vuce\" \/>\n<meta name=\"twitter:card\" content=\"summary_large_image\" \/>\n<meta name=\"twitter:label1\" content=\"Escrito por\" \/>\n\t<meta name=\"twitter:data1\" content=\"vuce\" \/>\n\t<meta name=\"twitter:label2\" content=\"Tiempo de lectura\" \/>\n\t<meta name=\"twitter:data2\" content=\"2 minutos\" \/>\n<script type=\"application\/ld+json\" class=\"yoast-schema-graph\">{\"@context\":\"https:\/\/schema.org\",\"@graph\":[{\"@type\":\"WebPage\",\"@id\":\"https:\/\/vuce.gub.uy\/staging1500\/gran-convocatoria-en-charla-informativa-organismos\/\",\"url\":\"https:\/\/vuce.gub.uy\/staging1500\/gran-convocatoria-en-charla-informativa-organismos\/\",\"name\":\"Gran Convocatoria en Charla Informativa a Organismos - VUCE\",\"isPartOf\":{\"@id\":\"https:\/\/vuce.gub.uy\/staging1500\/#website\"},\"datePublished\":\"2014-04-07T13:06:55+00:00\",\"dateModified\":\"2014-04-07T13:06:55+00:00\",\"author\":{\"@id\":\"https:\/\/vuce.gub.uy\/staging1500\/#\/schema\/person\/8328845af156cc1910f16419d63591a6\"},\"breadcrumb\":{\"@id\":\"https:\/\/vuce.gub.uy\/staging1500\/gran-convocatoria-en-charla-informativa-organismos\/#breadcrumb\"},\"inLanguage\":\"es-AR\",\"potentialAction\":[{\"@type\":\"ReadAction\",\"target\":[\"https:\/\/vuce.gub.uy\/staging1500\/gran-convocatoria-en-charla-informativa-organismos\/\"]}]},{\"@type\":\"BreadcrumbList\",\"@id\":\"https:\/\/vuce.gub.uy\/staging1500\/gran-convocatoria-en-charla-informativa-organismos\/#breadcrumb\",\"itemListElement\":[{\"@type\":\"ListItem\",\"position\":1,\"name\":\"Inicio\",\"item\":\"https:\/\/vuce.gub.uy\/staging1500\/\"},{\"@type\":\"ListItem\",\"position\":2,\"name\":\"Gran Convocatoria en Charla Informativa a Organismos\"}]},{\"@type\":\"WebSite\",\"@id\":\"https:\/\/vuce.gub.uy\/staging1500\/#website\",\"url\":\"https:\/\/vuce.gub.uy\/staging1500\/\",\"name\":\"VUCE\",\"description\":\"\",\"potentialAction\":[{\"@type\":\"SearchAction\",\"target\":{\"@type\":\"EntryPoint\",\"urlTemplate\":\"https:\/\/vuce.gub.uy\/staging1500\/?s={search_term_string}\"},\"query-input\":\"required name=search_term_string\"}],\"inLanguage\":\"es-AR\"},{\"@type\":\"Person\",\"@id\":\"https:\/\/vuce.gub.uy\/staging1500\/#\/schema\/person\/8328845af156cc1910f16419d63591a6\",\"name\":\"vuce\",\"url\":\"https:\/\/vuce.gub.uy\/staging1500\/author\/vuce\/\"}]}<\/script>\n<!-- \/ Yoast SEO plugin. -->","yoast_head_json":{"title":"Gran Convocatoria en Charla Informativa a Organismos - VUCE","robots":{"index":"index","follow":"follow","max-snippet":"max-snippet:-1","max-image-preview":"max-image-preview:large","max-video-preview":"max-video-preview:-1"},"canonical":"https:\/\/vuce.gub.uy\/staging1500\/gran-convocatoria-en-charla-informativa-organismos\/","og_locale":"es_ES","og_type":"article","og_title":"Gran Convocatoria en Charla Informativa a Organismos - VUCE","og_description":"Los oradores presentaron informaci\u00f3n sobre Aduanas, Ventanilla \u00danica y Firma Electr\u00f3nica.","og_url":"https:\/\/vuce.gub.uy\/staging1500\/gran-convocatoria-en-charla-informativa-organismos\/","og_site_name":"VUCE","article_published_time":"2014-04-07T13:06:55+00:00","og_image":[{"width":1024,"height":768,"url":"https:\/\/vuce.gub.uy\/staging1500\/wp-content\/uploads\/2014\/04\/portada-1024x768.jpg","type":"image\/jpeg"}],"author":"vuce","twitter_card":"summary_large_image","twitter_misc":{"Escrito por":"vuce","Tiempo de lectura":"2 minutos"},"schema":{"@context":"https:\/\/schema.org","@graph":[{"@type":"WebPage","@id":"https:\/\/vuce.gub.uy\/staging1500\/gran-convocatoria-en-charla-informativa-organismos\/","url":"https:\/\/vuce.gub.uy\/staging1500\/gran-convocatoria-en-charla-informativa-organismos\/","name":"Gran Convocatoria en Charla Informativa a Organismos - VUCE","isPartOf":{"@id":"https:\/\/vuce.gub.uy\/staging1500\/#website"},"datePublished":"2014-04-07T13:06:55+00:00","dateModified":"2014-04-07T13:06:55+00:00","author":{"@id":"https:\/\/vuce.gub.uy\/staging1500\/#\/schema\/person\/8328845af156cc1910f16419d63591a6"},"breadcrumb":{"@id":"https:\/\/vuce.gub.uy\/staging1500\/gran-convocatoria-en-charla-informativa-organismos\/#breadcrumb"},"inLanguage":"es-AR","potentialAction":[{"@type":"ReadAction","target":["https:\/\/vuce.gub.uy\/staging1500\/gran-convocatoria-en-charla-informativa-organismos\/"]}]},{"@type":"BreadcrumbList","@id":"https:\/\/vuce.gub.uy\/staging1500\/gran-convocatoria-en-charla-informativa-organismos\/#breadcrumb","itemListElement":[{"@type":"ListItem","position":1,"name":"Inicio","item":"https:\/\/vuce.gub.uy\/staging1500\/"},{"@type":"ListItem","position":2,"name":"Gran Convocatoria en Charla Informativa a Organismos"}]},{"@type":"WebSite","@id":"https:\/\/vuce.gub.uy\/staging1500\/#website","url":"https:\/\/vuce.gub.uy\/staging1500\/","name":"VUCE","description":"","potentialAction":[{"@type":"SearchAction","target":{"@type":"EntryPoint","urlTemplate":"https:\/\/vuce.gub.uy\/staging1500\/?s={search_term_string}"},"query-input":"required name=search_term_string"}],"inLanguage":"es-AR"},{"@type":"Person","@id":"https:\/\/vuce.gub.uy\/staging1500\/#\/schema\/person\/8328845af156cc1910f16419d63591a6","name":"vuce","url":"https:\/\/vuce.gub.uy\/staging1500\/author\/vuce\/"}]}},"_links":{"self":[{"href":"https:\/\/vuce.gub.uy\/staging1500\/wp-json\/wp\/v2\/posts\/1292"}],"collection":[{"href":"https:\/\/vuce.gub.uy\/staging1500\/wp-json\/wp\/v2\/posts"}],"about":[{"href":"https:\/\/vuce.gub.uy\/staging1500\/wp-json\/wp\/v2\/types\/post"}],"author":[{"embeddable":true,"href":"https:\/\/vuce.gub.uy\/staging1500\/wp-json\/wp\/v2\/users\/1"}],"replies":[{"embeddable":true,"href":"https:\/\/vuce.gub.uy\/staging1500\/wp-json\/wp\/v2\/comments?post=1292"}],"version-history":[{"count":0,"href":"https:\/\/vuce.gub.uy\/staging1500\/wp-json\/wp\/v2\/posts\/1292\/revisions"}],"wp:featuredmedia":[{"embeddable":true,"href":"https:\/\/vuce.gub.uy\/staging1500\/wp-json\/wp\/v2\/media\/1293"}],"wp:attachment":[{"href":"https:\/\/vuce.gub.uy\/staging1500\/wp-json\/wp\/v2\/media?parent=1292"}],"wp:term":[{"taxonomy":"category","embeddable":true,"href":"https:\/\/vuce.gub.uy\/staging1500\/wp-json\/wp\/v2\/categories?post=1292"},{"taxonomy":"post_tag","embeddable":true,"href":"https:\/\/vuce.gub.uy\/staging1500\/wp-json\/wp\/v2\/tags?post=1292"}],"curies":[{"name":"wp","href":"https:\/\/api.w.org\/{rel}","templated":true}]}}