{"id":1346,"date":"2014-05-26T17:30:43","date_gmt":"2014-05-26T17:30:43","guid":{"rendered":"http:\/\/vuce.gub.uy\/staging1500\/?p=1346"},"modified":"2014-05-26T17:30:43","modified_gmt":"2014-05-26T17:30:43","slug":"capacitacion-sobre-decreto-152013","status":"publish","type":"post","link":"https:\/\/vuce.gub.uy\/staging1500\/capacitacion-sobre-decreto-152013\/","title":{"rendered":"Capacitaci\u00f3n sobre Decreto 152\/013"},"content":{"rendered":"<p>En el marco de la puesta en producci\u00f3n del nuevo proceso en VUCE, se realiz\u00f3 la primera capacitaci\u00f3n a despachantes de aduanas.<\/p>\n<p>Durante la misma se inform\u00f3 a los presentes sobre el nuevo tr\u00e1mite que ser\u00e1 habilitado a partir del 29 de mayo en la Ventanilla \u00danica de Comercio Exterior: Registro para la gesti\u00f3n de residuos derivados del uso de productos qu\u00edmicos o biol\u00f3gicos en actividad agropecuaria, hort\u00edcola y forestal. Este registro contempla el control de la Direcci\u00f3n Nacional de Medio Ambiente establecido en el\u00a0<a href=\"http:\/\/www.mvotma.gub.uy\/bioseguridad\/item\/10004795-decreto-n-152-013.html\">Decreto 152\/013<\/a>.<\/p>\n<p>Las empresas que deban gestionar este tr\u00e1mite podr\u00e1n hacerlo \u00fanicamente a trav\u00e9s de la Ventanilla \u00danica de Comercio.\u00a0 Aquellas empresas que ya hayan realizado el registro en DINAMA, ser\u00e1n autom\u00e1ticamente habilitadas en VUCE por lo que no deber\u00e1n realizar ning\u00fan tr\u00e1mite en esta instancia (hasta que la DINAMA establezca nueva fecha para la presentaci\u00f3n de las Declaraciones Juradas).<\/p>\n<p>El tr\u00e1mite en el sistema podr\u00e1 ser realizado tanto por la empresa importadora como por el Despachante de Aduanas y quien lo realice deber\u00e1 estar previamente registrado en VUCE.\u00a0Consulte los\u00a0<a title=\"Manuales\" href=\"http:\/\/vuce.gub.uy\/staging1500\/manuales\/\">manuales de Registro de Usuarios y Uso del Sistema<\/a>, para ir registrando su empresa con antelaci\u00f3n.<\/p>\n<p>Una vez aprobado el Registro por la DINAMA la plataforma VUCE trasmitir\u00e1 la informaci\u00f3n autom\u00e1ticamente\u00a0 a la Direcci\u00f3n Nacional de Aduanas habilitando a las empresas a realizar sus importaciones.<\/p>\n<p>Consulte nuestra agenda de\u00a0<a title=\"Agenda de Capacitaciones\" href=\"http:\/\/vuce.gub.uy\/staging1500\/agenda-de-capacitaciones\/\">Capacitaciones<\/a>\u00a0por nuevas instancias de capacitaci\u00f3n.<\/p>\n","protected":false},"excerpt":{"rendered":"<p>Se inform\u00f3 a los presentes sobre el nuevo tr\u00e1mite que ser\u00e1 habilitado a partir del 29 de mayo en la Ventanilla \u00danica de Comercio Exterior.<\/p>\n","protected":false},"author":1,"featured_media":1347,"comment_status":"closed","ping_status":"open","sticky":false,"template":"","format":"standard","meta":{"footnotes":""},"categories":[3],"tags":[],"yoast_head":"<!-- This site is optimized with the Yoast SEO plugin v21.5 - https:\/\/yoast.com\/wordpress\/plugins\/seo\/ -->\n<title>Capacitaci\u00f3n sobre Decreto 152\/013 - VUCE<\/title>\n<meta name=\"robots\" content=\"index, follow, max-snippet:-1, max-image-preview:large, max-video-preview:-1\" \/>\n<link rel=\"canonical\" href=\"https:\/\/vuce.gub.uy\/staging1500\/capacitacion-sobre-decreto-152013\/\" \/>\n<meta property=\"og:locale\" content=\"es_ES\" \/>\n<meta property=\"og:type\" content=\"article\" \/>\n<meta property=\"og:title\" content=\"Capacitaci\u00f3n sobre Decreto 152\/013 - VUCE\" \/>\n<meta property=\"og:description\" content=\"Se inform\u00f3 a los presentes sobre el nuevo tr\u00e1mite que ser\u00e1 habilitado a partir del 29 de mayo en la Ventanilla \u00danica de Comercio Exterior.\" \/>\n<meta property=\"og:url\" content=\"https:\/\/vuce.gub.uy\/staging1500\/capacitacion-sobre-decreto-152013\/\" \/>\n<meta property=\"og:site_name\" content=\"VUCE\" \/>\n<meta property=\"article:published_time\" content=\"2014-05-26T17:30:43+00:00\" \/>\n<meta property=\"og:image\" content=\"https:\/\/vuce.gub.uy\/staging1500\/wp-content\/uploads\/2014\/05\/portada-1024x861.jpg\" \/>\n\t<meta property=\"og:image:width\" content=\"1024\" \/>\n\t<meta property=\"og:image:height\" content=\"861\" \/>\n\t<meta property=\"og:image:type\" content=\"image\/jpeg\" \/>\n<meta name=\"author\" content=\"vuce\" \/>\n<meta name=\"twitter:card\" content=\"summary_large_image\" \/>\n<meta name=\"twitter:label1\" content=\"Escrito por\" \/>\n\t<meta name=\"twitter:data1\" content=\"vuce\" \/>\n\t<meta name=\"twitter:label2\" content=\"Tiempo de lectura\" \/>\n\t<meta name=\"twitter:data2\" content=\"1 minuto\" \/>\n<script type=\"application\/ld+json\" class=\"yoast-schema-graph\">{\"@context\":\"https:\/\/schema.org\",\"@graph\":[{\"@type\":\"WebPage\",\"@id\":\"https:\/\/vuce.gub.uy\/staging1500\/capacitacion-sobre-decreto-152013\/\",\"url\":\"https:\/\/vuce.gub.uy\/staging1500\/capacitacion-sobre-decreto-152013\/\",\"name\":\"Capacitaci\u00f3n sobre Decreto 152\/013 - VUCE\",\"isPartOf\":{\"@id\":\"https:\/\/vuce.gub.uy\/staging1500\/#website\"},\"datePublished\":\"2014-05-26T17:30:43+00:00\",\"dateModified\":\"2014-05-26T17:30:43+00:00\",\"author\":{\"@id\":\"https:\/\/vuce.gub.uy\/staging1500\/#\/schema\/person\/8328845af156cc1910f16419d63591a6\"},\"breadcrumb\":{\"@id\":\"https:\/\/vuce.gub.uy\/staging1500\/capacitacion-sobre-decreto-152013\/#breadcrumb\"},\"inLanguage\":\"es-AR\",\"potentialAction\":[{\"@type\":\"ReadAction\",\"target\":[\"https:\/\/vuce.gub.uy\/staging1500\/capacitacion-sobre-decreto-152013\/\"]}]},{\"@type\":\"BreadcrumbList\",\"@id\":\"https:\/\/vuce.gub.uy\/staging1500\/capacitacion-sobre-decreto-152013\/#breadcrumb\",\"itemListElement\":[{\"@type\":\"ListItem\",\"position\":1,\"name\":\"Inicio\",\"item\":\"https:\/\/vuce.gub.uy\/staging1500\/\"},{\"@type\":\"ListItem\",\"position\":2,\"name\":\"Capacitaci\u00f3n sobre Decreto 152\/013\"}]},{\"@type\":\"WebSite\",\"@id\":\"https:\/\/vuce.gub.uy\/staging1500\/#website\",\"url\":\"https:\/\/vuce.gub.uy\/staging1500\/\",\"name\":\"VUCE\",\"description\":\"\",\"potentialAction\":[{\"@type\":\"SearchAction\",\"target\":{\"@type\":\"EntryPoint\",\"urlTemplate\":\"https:\/\/vuce.gub.uy\/staging1500\/?s={search_term_string}\"},\"query-input\":\"required name=search_term_string\"}],\"inLanguage\":\"es-AR\"},{\"@type\":\"Person\",\"@id\":\"https:\/\/vuce.gub.uy\/staging1500\/#\/schema\/person\/8328845af156cc1910f16419d63591a6\",\"name\":\"vuce\",\"url\":\"https:\/\/vuce.gub.uy\/staging1500\/author\/vuce\/\"}]}<\/script>\n<!-- \/ Yoast SEO plugin. -->","yoast_head_json":{"title":"Capacitaci\u00f3n sobre Decreto 152\/013 - VUCE","robots":{"index":"index","follow":"follow","max-snippet":"max-snippet:-1","max-image-preview":"max-image-preview:large","max-video-preview":"max-video-preview:-1"},"canonical":"https:\/\/vuce.gub.uy\/staging1500\/capacitacion-sobre-decreto-152013\/","og_locale":"es_ES","og_type":"article","og_title":"Capacitaci\u00f3n sobre Decreto 152\/013 - VUCE","og_description":"Se inform\u00f3 a los presentes sobre el nuevo tr\u00e1mite que ser\u00e1 habilitado a partir del 29 de mayo en la Ventanilla \u00danica de Comercio Exterior.","og_url":"https:\/\/vuce.gub.uy\/staging1500\/capacitacion-sobre-decreto-152013\/","og_site_name":"VUCE","article_published_time":"2014-05-26T17:30:43+00:00","og_image":[{"width":1024,"height":861,"url":"https:\/\/vuce.gub.uy\/staging1500\/wp-content\/uploads\/2014\/05\/portada-1024x861.jpg","type":"image\/jpeg"}],"author":"vuce","twitter_card":"summary_large_image","twitter_misc":{"Escrito por":"vuce","Tiempo de lectura":"1 minuto"},"schema":{"@context":"https:\/\/schema.org","@graph":[{"@type":"WebPage","@id":"https:\/\/vuce.gub.uy\/staging1500\/capacitacion-sobre-decreto-152013\/","url":"https:\/\/vuce.gub.uy\/staging1500\/capacitacion-sobre-decreto-152013\/","name":"Capacitaci\u00f3n sobre Decreto 152\/013 - VUCE","isPartOf":{"@id":"https:\/\/vuce.gub.uy\/staging1500\/#website"},"datePublished":"2014-05-26T17:30:43+00:00","dateModified":"2014-05-26T17:30:43+00:00","author":{"@id":"https:\/\/vuce.gub.uy\/staging1500\/#\/schema\/person\/8328845af156cc1910f16419d63591a6"},"breadcrumb":{"@id":"https:\/\/vuce.gub.uy\/staging1500\/capacitacion-sobre-decreto-152013\/#breadcrumb"},"inLanguage":"es-AR","potentialAction":[{"@type":"ReadAction","target":["https:\/\/vuce.gub.uy\/staging1500\/capacitacion-sobre-decreto-152013\/"]}]},{"@type":"BreadcrumbList","@id":"https:\/\/vuce.gub.uy\/staging1500\/capacitacion-sobre-decreto-152013\/#breadcrumb","itemListElement":[{"@type":"ListItem","position":1,"name":"Inicio","item":"https:\/\/vuce.gub.uy\/staging1500\/"},{"@type":"ListItem","position":2,"name":"Capacitaci\u00f3n sobre Decreto 152\/013"}]},{"@type":"WebSite","@id":"https:\/\/vuce.gub.uy\/staging1500\/#website","url":"https:\/\/vuce.gub.uy\/staging1500\/","name":"VUCE","description":"","potentialAction":[{"@type":"SearchAction","target":{"@type":"EntryPoint","urlTemplate":"https:\/\/vuce.gub.uy\/staging1500\/?s={search_term_string}"},"query-input":"required name=search_term_string"}],"inLanguage":"es-AR"},{"@type":"Person","@id":"https:\/\/vuce.gub.uy\/staging1500\/#\/schema\/person\/8328845af156cc1910f16419d63591a6","name":"vuce","url":"https:\/\/vuce.gub.uy\/staging1500\/author\/vuce\/"}]}},"_links":{"self":[{"href":"https:\/\/vuce.gub.uy\/staging1500\/wp-json\/wp\/v2\/posts\/1346"}],"collection":[{"href":"https:\/\/vuce.gub.uy\/staging1500\/wp-json\/wp\/v2\/posts"}],"about":[{"href":"https:\/\/vuce.gub.uy\/staging1500\/wp-json\/wp\/v2\/types\/post"}],"author":[{"embeddable":true,"href":"https:\/\/vuce.gub.uy\/staging1500\/wp-json\/wp\/v2\/users\/1"}],"replies":[{"embeddable":true,"href":"https:\/\/vuce.gub.uy\/staging1500\/wp-json\/wp\/v2\/comments?post=1346"}],"version-history":[{"count":0,"href":"https:\/\/vuce.gub.uy\/staging1500\/wp-json\/wp\/v2\/posts\/1346\/revisions"}],"wp:featuredmedia":[{"embeddable":true,"href":"https:\/\/vuce.gub.uy\/staging1500\/wp-json\/wp\/v2\/media\/1347"}],"wp:attachment":[{"href":"https:\/\/vuce.gub.uy\/staging1500\/wp-json\/wp\/v2\/media?parent=1346"}],"wp:term":[{"taxonomy":"category","embeddable":true,"href":"https:\/\/vuce.gub.uy\/staging1500\/wp-json\/wp\/v2\/categories?post=1346"},{"taxonomy":"post_tag","embeddable":true,"href":"https:\/\/vuce.gub.uy\/staging1500\/wp-json\/wp\/v2\/tags?post=1346"}],"curies":[{"name":"wp","href":"https:\/\/api.w.org\/{rel}","templated":true}]}}