{"id":1365,"date":"2014-06-02T13:37:12","date_gmt":"2014-06-02T13:37:12","guid":{"rendered":"http:\/\/vuce.gub.uy\/staging1500\/?p=1365"},"modified":"2014-06-02T13:37:12","modified_gmt":"2014-06-02T13:37:12","slug":"v-reunion-de-la-red-interamericana-de-vuces","status":"publish","type":"post","link":"https:\/\/vuce.gub.uy\/staging1500\/v-reunion-de-la-red-interamericana-de-vuces\/","title":{"rendered":"V Reuni\u00f3n de la Red Interamericana de VUCEs"},"content":{"rendered":"<p dir=\"ltr\">Los d\u00edas 29 y 30 de mayo tuvo lugar la V Reuni\u00f3n de la Red Interamericana de Ventanillas \u00danicas de Comercio Exterior, gracias al apoyo del Banco Interamericano de Desarrollo. La misma se realiz\u00f3 en la Ciudad de Cartagena, Colombia y cont\u00f3 con la asistencia de m\u00faltiples pa\u00edses miembros de la Red.<\/p>\n<p dir=\"ltr\">Durante ambas jornadas se trabaj\u00f3 en los distintos frentes sobre los que viene avanzando la red: armonizaci\u00f3n, tecnolog\u00eda y normativa. Varios grupos de trabajo han avanzado en la obtenci\u00f3n de conclusiones y recomendaciones. La interoperabilidad transfronteriza fue uno de los temas que despert\u00f3 mayor inter\u00e9s en los presentes y sobre el que se acord\u00f3 avanzar en procesos piloto.<\/p>\n<p dir=\"ltr\">Se intercambiaron experiencias de distintos pa\u00edses: los casos de Asia, Estados Unidos, Brasil y Colombia. Tambi\u00e9n se discuti\u00f3 sobre la\u00a0Facilitaci\u00f3n Comercial y el Medio Ambiente, y el papel de la VUCE en ambos t\u00f3picos.<\/p>\n<p dir=\"ltr\">En esta oportunidad, representantes del equipo de VUCE Uruguay participaron del Evento y fueron responsables de moderar el Panel: Impacto de las VUCEs en el Comercio y la Competitividad. Durante el mismo, se recorrieron temas vinculados a la reducci\u00f3n de costos, el aumento de los flujos comerciales y las experiencias de los distintos pa\u00edses.<\/p>\n<p><b>\u00a0<\/b><\/p>\n<p>&nbsp;<\/p>\n<p>&nbsp;<\/p>\n","protected":false},"excerpt":{"rendered":"<p>Tuvo lugar en la Ciudad de Cartagena, Colombia y cont\u00f3 con la asistencia de m\u00faltiples pa\u00edses miembros de la Red.<\/p>\n","protected":false},"author":1,"featured_media":1370,"comment_status":"closed","ping_status":"open","sticky":false,"template":"","format":"standard","meta":{"footnotes":""},"categories":[3],"tags":[],"yoast_head":"<!-- This site is optimized with the Yoast SEO plugin v21.5 - https:\/\/yoast.com\/wordpress\/plugins\/seo\/ -->\n<title>V Reuni\u00f3n de la Red Interamericana de VUCEs - VUCE<\/title>\n<meta name=\"robots\" content=\"index, follow, max-snippet:-1, max-image-preview:large, max-video-preview:-1\" \/>\n<link rel=\"canonical\" href=\"https:\/\/vuce.gub.uy\/staging1500\/v-reunion-de-la-red-interamericana-de-vuces\/\" \/>\n<meta property=\"og:locale\" content=\"es_ES\" \/>\n<meta property=\"og:type\" content=\"article\" \/>\n<meta property=\"og:title\" content=\"V Reuni\u00f3n de la Red Interamericana de VUCEs - VUCE\" \/>\n<meta property=\"og:description\" content=\"Tuvo lugar en la Ciudad de Cartagena, Colombia y cont\u00f3 con la asistencia de m\u00faltiples pa\u00edses miembros de la Red.\" \/>\n<meta property=\"og:url\" content=\"https:\/\/vuce.gub.uy\/staging1500\/v-reunion-de-la-red-interamericana-de-vuces\/\" \/>\n<meta property=\"og:site_name\" content=\"VUCE\" \/>\n<meta property=\"article:published_time\" content=\"2014-06-02T13:37:12+00:00\" \/>\n<meta property=\"og:image\" content=\"https:\/\/vuce.gub.uy\/staging1500\/wp-content\/uploads\/2014\/06\/gde.png\" \/>\n\t<meta property=\"og:image:width\" content=\"1020\" \/>\n\t<meta property=\"og:image:height\" content=\"582\" \/>\n\t<meta property=\"og:image:type\" content=\"image\/png\" \/>\n<meta name=\"author\" content=\"vuce\" \/>\n<meta name=\"twitter:card\" content=\"summary_large_image\" \/>\n<meta name=\"twitter:label1\" content=\"Escrito por\" \/>\n\t<meta name=\"twitter:data1\" content=\"vuce\" \/>\n\t<meta name=\"twitter:label2\" content=\"Tiempo de lectura\" \/>\n\t<meta name=\"twitter:data2\" content=\"1 minuto\" \/>\n<script type=\"application\/ld+json\" class=\"yoast-schema-graph\">{\"@context\":\"https:\/\/schema.org\",\"@graph\":[{\"@type\":\"WebPage\",\"@id\":\"https:\/\/vuce.gub.uy\/staging1500\/v-reunion-de-la-red-interamericana-de-vuces\/\",\"url\":\"https:\/\/vuce.gub.uy\/staging1500\/v-reunion-de-la-red-interamericana-de-vuces\/\",\"name\":\"V Reuni\u00f3n de la Red Interamericana de VUCEs - VUCE\",\"isPartOf\":{\"@id\":\"https:\/\/vuce.gub.uy\/staging1500\/#website\"},\"datePublished\":\"2014-06-02T13:37:12+00:00\",\"dateModified\":\"2014-06-02T13:37:12+00:00\",\"author\":{\"@id\":\"https:\/\/vuce.gub.uy\/staging1500\/#\/schema\/person\/8328845af156cc1910f16419d63591a6\"},\"breadcrumb\":{\"@id\":\"https:\/\/vuce.gub.uy\/staging1500\/v-reunion-de-la-red-interamericana-de-vuces\/#breadcrumb\"},\"inLanguage\":\"es-AR\",\"potentialAction\":[{\"@type\":\"ReadAction\",\"target\":[\"https:\/\/vuce.gub.uy\/staging1500\/v-reunion-de-la-red-interamericana-de-vuces\/\"]}]},{\"@type\":\"BreadcrumbList\",\"@id\":\"https:\/\/vuce.gub.uy\/staging1500\/v-reunion-de-la-red-interamericana-de-vuces\/#breadcrumb\",\"itemListElement\":[{\"@type\":\"ListItem\",\"position\":1,\"name\":\"Inicio\",\"item\":\"https:\/\/vuce.gub.uy\/staging1500\/\"},{\"@type\":\"ListItem\",\"position\":2,\"name\":\"V Reuni\u00f3n de la Red Interamericana de VUCEs\"}]},{\"@type\":\"WebSite\",\"@id\":\"https:\/\/vuce.gub.uy\/staging1500\/#website\",\"url\":\"https:\/\/vuce.gub.uy\/staging1500\/\",\"name\":\"VUCE\",\"description\":\"\",\"potentialAction\":[{\"@type\":\"SearchAction\",\"target\":{\"@type\":\"EntryPoint\",\"urlTemplate\":\"https:\/\/vuce.gub.uy\/staging1500\/?s={search_term_string}\"},\"query-input\":\"required name=search_term_string\"}],\"inLanguage\":\"es-AR\"},{\"@type\":\"Person\",\"@id\":\"https:\/\/vuce.gub.uy\/staging1500\/#\/schema\/person\/8328845af156cc1910f16419d63591a6\",\"name\":\"vuce\",\"url\":\"https:\/\/vuce.gub.uy\/staging1500\/author\/vuce\/\"}]}<\/script>\n<!-- \/ Yoast SEO plugin. -->","yoast_head_json":{"title":"V Reuni\u00f3n de la Red Interamericana de VUCEs - VUCE","robots":{"index":"index","follow":"follow","max-snippet":"max-snippet:-1","max-image-preview":"max-image-preview:large","max-video-preview":"max-video-preview:-1"},"canonical":"https:\/\/vuce.gub.uy\/staging1500\/v-reunion-de-la-red-interamericana-de-vuces\/","og_locale":"es_ES","og_type":"article","og_title":"V Reuni\u00f3n de la Red Interamericana de VUCEs - VUCE","og_description":"Tuvo lugar en la Ciudad de Cartagena, Colombia y cont\u00f3 con la asistencia de m\u00faltiples pa\u00edses miembros de la Red.","og_url":"https:\/\/vuce.gub.uy\/staging1500\/v-reunion-de-la-red-interamericana-de-vuces\/","og_site_name":"VUCE","article_published_time":"2014-06-02T13:37:12+00:00","og_image":[{"width":1020,"height":582,"url":"https:\/\/vuce.gub.uy\/staging1500\/wp-content\/uploads\/2014\/06\/gde.png","type":"image\/png"}],"author":"vuce","twitter_card":"summary_large_image","twitter_misc":{"Escrito por":"vuce","Tiempo de lectura":"1 minuto"},"schema":{"@context":"https:\/\/schema.org","@graph":[{"@type":"WebPage","@id":"https:\/\/vuce.gub.uy\/staging1500\/v-reunion-de-la-red-interamericana-de-vuces\/","url":"https:\/\/vuce.gub.uy\/staging1500\/v-reunion-de-la-red-interamericana-de-vuces\/","name":"V Reuni\u00f3n de la Red Interamericana de VUCEs - VUCE","isPartOf":{"@id":"https:\/\/vuce.gub.uy\/staging1500\/#website"},"datePublished":"2014-06-02T13:37:12+00:00","dateModified":"2014-06-02T13:37:12+00:00","author":{"@id":"https:\/\/vuce.gub.uy\/staging1500\/#\/schema\/person\/8328845af156cc1910f16419d63591a6"},"breadcrumb":{"@id":"https:\/\/vuce.gub.uy\/staging1500\/v-reunion-de-la-red-interamericana-de-vuces\/#breadcrumb"},"inLanguage":"es-AR","potentialAction":[{"@type":"ReadAction","target":["https:\/\/vuce.gub.uy\/staging1500\/v-reunion-de-la-red-interamericana-de-vuces\/"]}]},{"@type":"BreadcrumbList","@id":"https:\/\/vuce.gub.uy\/staging1500\/v-reunion-de-la-red-interamericana-de-vuces\/#breadcrumb","itemListElement":[{"@type":"ListItem","position":1,"name":"Inicio","item":"https:\/\/vuce.gub.uy\/staging1500\/"},{"@type":"ListItem","position":2,"name":"V Reuni\u00f3n de la Red Interamericana de VUCEs"}]},{"@type":"WebSite","@id":"https:\/\/vuce.gub.uy\/staging1500\/#website","url":"https:\/\/vuce.gub.uy\/staging1500\/","name":"VUCE","description":"","potentialAction":[{"@type":"SearchAction","target":{"@type":"EntryPoint","urlTemplate":"https:\/\/vuce.gub.uy\/staging1500\/?s={search_term_string}"},"query-input":"required name=search_term_string"}],"inLanguage":"es-AR"},{"@type":"Person","@id":"https:\/\/vuce.gub.uy\/staging1500\/#\/schema\/person\/8328845af156cc1910f16419d63591a6","name":"vuce","url":"https:\/\/vuce.gub.uy\/staging1500\/author\/vuce\/"}]}},"_links":{"self":[{"href":"https:\/\/vuce.gub.uy\/staging1500\/wp-json\/wp\/v2\/posts\/1365"}],"collection":[{"href":"https:\/\/vuce.gub.uy\/staging1500\/wp-json\/wp\/v2\/posts"}],"about":[{"href":"https:\/\/vuce.gub.uy\/staging1500\/wp-json\/wp\/v2\/types\/post"}],"author":[{"embeddable":true,"href":"https:\/\/vuce.gub.uy\/staging1500\/wp-json\/wp\/v2\/users\/1"}],"replies":[{"embeddable":true,"href":"https:\/\/vuce.gub.uy\/staging1500\/wp-json\/wp\/v2\/comments?post=1365"}],"version-history":[{"count":0,"href":"https:\/\/vuce.gub.uy\/staging1500\/wp-json\/wp\/v2\/posts\/1365\/revisions"}],"wp:featuredmedia":[{"embeddable":true,"href":"https:\/\/vuce.gub.uy\/staging1500\/wp-json\/wp\/v2\/media\/1370"}],"wp:attachment":[{"href":"https:\/\/vuce.gub.uy\/staging1500\/wp-json\/wp\/v2\/media?parent=1365"}],"wp:term":[{"taxonomy":"category","embeddable":true,"href":"https:\/\/vuce.gub.uy\/staging1500\/wp-json\/wp\/v2\/categories?post=1365"},{"taxonomy":"post_tag","embeddable":true,"href":"https:\/\/vuce.gub.uy\/staging1500\/wp-json\/wp\/v2\/tags?post=1365"}],"curies":[{"name":"wp","href":"https:\/\/api.w.org\/{rel}","templated":true}]}}