{"id":1432,"date":"2014-07-02T15:17:50","date_gmt":"2014-07-02T15:17:50","guid":{"rendered":"http:\/\/vuce.gub.uy\/staging1500\/?p=1432"},"modified":"2014-07-02T15:17:50","modified_gmt":"2014-07-02T15:17:50","slug":"firma-de-acuerdo-adau-dna-vuce","status":"publish","type":"post","link":"https:\/\/vuce.gub.uy\/staging1500\/firma-de-acuerdo-adau-dna-vuce\/","title":{"rendered":"Firma de Acuerdo ADAU &#8211; DNA &#8211; VUCE"},"content":{"rendered":"<p>En el marco de la implementaci\u00f3n de la Ventanilla \u00danica de Comercio Exterior tendiente hacia la facilitaci\u00f3n del comercio, y con una amplia convocatoria, se firm\u00f3 el d\u00eda 1\u00ba de julio de 2014 en la Sala Bonet de la Asociaci\u00f3n de Despachantes de Aduanas, un Acuerdo\u00a0 de Cooperaci\u00f3n T\u00e9cnica entre la Direcci\u00f3n Nacional de Aduanas, el Instituto Uruguay XXI, la Comisi\u00f3n Interministerial para Asuntos de Comercio Exterior y la Asociaci\u00f3n de Despachantes de Aduanas del Uruguay.<\/p>\n<p><span style=\"line-height: 1.5em;\">El Acuerdo establece el compromiso que ya ha sido asumido por las partes en cuanto a la colaboraci\u00f3n, coordinaci\u00f3n y el apoyo mutuo, \u00a0a efectos de alcanzar las metas propuestas por VUCE.<\/span><\/p>\n<p>Asimismo, la Coordinadora de la Ventanilla \u00danica present\u00f3 los procesos que se tramitan actualmente por la plataforma de VUCE y cuales ingresar\u00e1n durante este a\u00f1o, puntualizando que pueden haber cambios de acuerdo a las situaciones de cada organismo.<\/p>\n<p>Se inform\u00f3 la realizaci\u00f3n del ciclo #VUCEscucha a realizarse durante el mes de setiembre del corriente a\u00f1o cuya finalidad es recibir sugerencias y propuestas de mejora de la plataforma por los usuarios de la misma.<\/p>\n<p>&nbsp;<\/p>\n<p><a href=\"http:\/\/vuce.gub.uy\/staging1500\/wp-content\/uploads\/2014\/07\/Acuerdo-firmado-ADAU.pdf\">Vea el acuerdo firmado<\/a><\/p>\n<p><a href=\"http:\/\/prezi.com\/m-dtladcholu\/?utm_campaign=share&amp;utm_medium=copy&amp;rc=ex0share\">Vea la presentaci\u00f3n realizada<\/a><\/p>\n","protected":false},"excerpt":{"rendered":"<p>Se firm\u00f3 el 1\u00ba de Julio formalizando el compromiso de las partes con la implementaci\u00f3n de la VUCE.<\/p>\n","protected":false},"author":1,"featured_media":1434,"comment_status":"closed","ping_status":"open","sticky":false,"template":"","format":"standard","meta":{"footnotes":""},"categories":[3],"tags":[],"yoast_head":"<!-- This site is optimized with the Yoast SEO plugin v21.5 - https:\/\/yoast.com\/wordpress\/plugins\/seo\/ -->\n<title>Firma de Acuerdo ADAU - DNA - VUCE - VUCE<\/title>\n<meta name=\"robots\" content=\"index, follow, max-snippet:-1, max-image-preview:large, max-video-preview:-1\" \/>\n<link rel=\"canonical\" href=\"https:\/\/vuce.gub.uy\/staging1500\/firma-de-acuerdo-adau-dna-vuce\/\" \/>\n<meta property=\"og:locale\" content=\"es_ES\" \/>\n<meta property=\"og:type\" content=\"article\" \/>\n<meta property=\"og:title\" content=\"Firma de Acuerdo ADAU - DNA - VUCE - VUCE\" \/>\n<meta property=\"og:description\" content=\"Se firm\u00f3 el 1\u00ba de Julio formalizando el compromiso de las partes con la implementaci\u00f3n de la VUCE.\" \/>\n<meta property=\"og:url\" content=\"https:\/\/vuce.gub.uy\/staging1500\/firma-de-acuerdo-adau-dna-vuce\/\" \/>\n<meta property=\"og:site_name\" content=\"VUCE\" \/>\n<meta property=\"article:published_time\" content=\"2014-07-02T15:17:50+00:00\" \/>\n<meta property=\"og:image\" content=\"https:\/\/vuce.gub.uy\/staging1500\/wp-content\/uploads\/2014\/07\/DSCN1244-1024x768.jpg\" \/>\n\t<meta property=\"og:image:width\" content=\"1024\" \/>\n\t<meta property=\"og:image:height\" content=\"768\" \/>\n\t<meta property=\"og:image:type\" content=\"image\/jpeg\" \/>\n<meta name=\"author\" content=\"vuce\" \/>\n<meta name=\"twitter:card\" content=\"summary_large_image\" \/>\n<meta name=\"twitter:label1\" content=\"Escrito por\" \/>\n\t<meta name=\"twitter:data1\" content=\"vuce\" \/>\n\t<meta name=\"twitter:label2\" content=\"Tiempo de lectura\" \/>\n\t<meta name=\"twitter:data2\" content=\"1 minuto\" \/>\n<script type=\"application\/ld+json\" class=\"yoast-schema-graph\">{\"@context\":\"https:\/\/schema.org\",\"@graph\":[{\"@type\":\"WebPage\",\"@id\":\"https:\/\/vuce.gub.uy\/staging1500\/firma-de-acuerdo-adau-dna-vuce\/\",\"url\":\"https:\/\/vuce.gub.uy\/staging1500\/firma-de-acuerdo-adau-dna-vuce\/\",\"name\":\"Firma de Acuerdo ADAU - DNA - VUCE - VUCE\",\"isPartOf\":{\"@id\":\"https:\/\/vuce.gub.uy\/staging1500\/#website\"},\"datePublished\":\"2014-07-02T15:17:50+00:00\",\"dateModified\":\"2014-07-02T15:17:50+00:00\",\"author\":{\"@id\":\"https:\/\/vuce.gub.uy\/staging1500\/#\/schema\/person\/8328845af156cc1910f16419d63591a6\"},\"breadcrumb\":{\"@id\":\"https:\/\/vuce.gub.uy\/staging1500\/firma-de-acuerdo-adau-dna-vuce\/#breadcrumb\"},\"inLanguage\":\"es-AR\",\"potentialAction\":[{\"@type\":\"ReadAction\",\"target\":[\"https:\/\/vuce.gub.uy\/staging1500\/firma-de-acuerdo-adau-dna-vuce\/\"]}]},{\"@type\":\"BreadcrumbList\",\"@id\":\"https:\/\/vuce.gub.uy\/staging1500\/firma-de-acuerdo-adau-dna-vuce\/#breadcrumb\",\"itemListElement\":[{\"@type\":\"ListItem\",\"position\":1,\"name\":\"Inicio\",\"item\":\"https:\/\/vuce.gub.uy\/staging1500\/\"},{\"@type\":\"ListItem\",\"position\":2,\"name\":\"Firma de Acuerdo ADAU &#8211; DNA &#8211; VUCE\"}]},{\"@type\":\"WebSite\",\"@id\":\"https:\/\/vuce.gub.uy\/staging1500\/#website\",\"url\":\"https:\/\/vuce.gub.uy\/staging1500\/\",\"name\":\"VUCE\",\"description\":\"\",\"potentialAction\":[{\"@type\":\"SearchAction\",\"target\":{\"@type\":\"EntryPoint\",\"urlTemplate\":\"https:\/\/vuce.gub.uy\/staging1500\/?s={search_term_string}\"},\"query-input\":\"required name=search_term_string\"}],\"inLanguage\":\"es-AR\"},{\"@type\":\"Person\",\"@id\":\"https:\/\/vuce.gub.uy\/staging1500\/#\/schema\/person\/8328845af156cc1910f16419d63591a6\",\"name\":\"vuce\",\"url\":\"https:\/\/vuce.gub.uy\/staging1500\/author\/vuce\/\"}]}<\/script>\n<!-- \/ Yoast SEO plugin. -->","yoast_head_json":{"title":"Firma de Acuerdo ADAU - DNA - VUCE - VUCE","robots":{"index":"index","follow":"follow","max-snippet":"max-snippet:-1","max-image-preview":"max-image-preview:large","max-video-preview":"max-video-preview:-1"},"canonical":"https:\/\/vuce.gub.uy\/staging1500\/firma-de-acuerdo-adau-dna-vuce\/","og_locale":"es_ES","og_type":"article","og_title":"Firma de Acuerdo ADAU - DNA - VUCE - VUCE","og_description":"Se firm\u00f3 el 1\u00ba de Julio formalizando el compromiso de las partes con la implementaci\u00f3n de la VUCE.","og_url":"https:\/\/vuce.gub.uy\/staging1500\/firma-de-acuerdo-adau-dna-vuce\/","og_site_name":"VUCE","article_published_time":"2014-07-02T15:17:50+00:00","og_image":[{"width":1024,"height":768,"url":"https:\/\/vuce.gub.uy\/staging1500\/wp-content\/uploads\/2014\/07\/DSCN1244-1024x768.jpg","type":"image\/jpeg"}],"author":"vuce","twitter_card":"summary_large_image","twitter_misc":{"Escrito por":"vuce","Tiempo de lectura":"1 minuto"},"schema":{"@context":"https:\/\/schema.org","@graph":[{"@type":"WebPage","@id":"https:\/\/vuce.gub.uy\/staging1500\/firma-de-acuerdo-adau-dna-vuce\/","url":"https:\/\/vuce.gub.uy\/staging1500\/firma-de-acuerdo-adau-dna-vuce\/","name":"Firma de Acuerdo ADAU - DNA - VUCE - VUCE","isPartOf":{"@id":"https:\/\/vuce.gub.uy\/staging1500\/#website"},"datePublished":"2014-07-02T15:17:50+00:00","dateModified":"2014-07-02T15:17:50+00:00","author":{"@id":"https:\/\/vuce.gub.uy\/staging1500\/#\/schema\/person\/8328845af156cc1910f16419d63591a6"},"breadcrumb":{"@id":"https:\/\/vuce.gub.uy\/staging1500\/firma-de-acuerdo-adau-dna-vuce\/#breadcrumb"},"inLanguage":"es-AR","potentialAction":[{"@type":"ReadAction","target":["https:\/\/vuce.gub.uy\/staging1500\/firma-de-acuerdo-adau-dna-vuce\/"]}]},{"@type":"BreadcrumbList","@id":"https:\/\/vuce.gub.uy\/staging1500\/firma-de-acuerdo-adau-dna-vuce\/#breadcrumb","itemListElement":[{"@type":"ListItem","position":1,"name":"Inicio","item":"https:\/\/vuce.gub.uy\/staging1500\/"},{"@type":"ListItem","position":2,"name":"Firma de Acuerdo ADAU &#8211; DNA &#8211; VUCE"}]},{"@type":"WebSite","@id":"https:\/\/vuce.gub.uy\/staging1500\/#website","url":"https:\/\/vuce.gub.uy\/staging1500\/","name":"VUCE","description":"","potentialAction":[{"@type":"SearchAction","target":{"@type":"EntryPoint","urlTemplate":"https:\/\/vuce.gub.uy\/staging1500\/?s={search_term_string}"},"query-input":"required name=search_term_string"}],"inLanguage":"es-AR"},{"@type":"Person","@id":"https:\/\/vuce.gub.uy\/staging1500\/#\/schema\/person\/8328845af156cc1910f16419d63591a6","name":"vuce","url":"https:\/\/vuce.gub.uy\/staging1500\/author\/vuce\/"}]}},"_links":{"self":[{"href":"https:\/\/vuce.gub.uy\/staging1500\/wp-json\/wp\/v2\/posts\/1432"}],"collection":[{"href":"https:\/\/vuce.gub.uy\/staging1500\/wp-json\/wp\/v2\/posts"}],"about":[{"href":"https:\/\/vuce.gub.uy\/staging1500\/wp-json\/wp\/v2\/types\/post"}],"author":[{"embeddable":true,"href":"https:\/\/vuce.gub.uy\/staging1500\/wp-json\/wp\/v2\/users\/1"}],"replies":[{"embeddable":true,"href":"https:\/\/vuce.gub.uy\/staging1500\/wp-json\/wp\/v2\/comments?post=1432"}],"version-history":[{"count":0,"href":"https:\/\/vuce.gub.uy\/staging1500\/wp-json\/wp\/v2\/posts\/1432\/revisions"}],"wp:featuredmedia":[{"embeddable":true,"href":"https:\/\/vuce.gub.uy\/staging1500\/wp-json\/wp\/v2\/media\/1434"}],"wp:attachment":[{"href":"https:\/\/vuce.gub.uy\/staging1500\/wp-json\/wp\/v2\/media?parent=1432"}],"wp:term":[{"taxonomy":"category","embeddable":true,"href":"https:\/\/vuce.gub.uy\/staging1500\/wp-json\/wp\/v2\/categories?post=1432"},{"taxonomy":"post_tag","embeddable":true,"href":"https:\/\/vuce.gub.uy\/staging1500\/wp-json\/wp\/v2\/tags?post=1432"}],"curies":[{"name":"wp","href":"https:\/\/api.w.org\/{rel}","templated":true}]}}