{"id":1447,"date":"2014-07-10T18:45:26","date_gmt":"2014-07-10T18:45:26","guid":{"rendered":"http:\/\/vuce.gub.uy\/staging1500\/?p=1447"},"modified":"2014-07-10T18:45:26","modified_gmt":"2014-07-10T18:45:26","slug":"exportaciones-de-cobre-por-vuce","status":"publish","type":"post","link":"https:\/\/vuce.gub.uy\/staging1500\/exportaciones-de-cobre-por-vuce\/","title":{"rendered":"Exportaciones de Cobre"},"content":{"rendered":"<p>El 17 de Julio de 2014 a las 10:30 horas\u00a0 se realizar\u00e1 en la Asociaci\u00f3n de Despachantes de Aduanas, la presentaci\u00f3n sobre el nuevo proceso que se pondr\u00e1 en funcionamiento en la plataforma VUCE: Constancia de inscripci\u00f3n en el Registro Nacional de Industrializadores y Comercializadores del Cobre, expedido por la Direcci\u00f3n Nacional de Industria (DNI).\u00a0En dicha presentaci\u00f3n participar\u00e1n representantes de VUCE, DNI y Aduanas, quienes explicar\u00e1n la normativa a aplicar y la forma en que se realizar\u00e1 el tr\u00e1mite.<\/p>\n<p>El nuevo proceso entrar\u00e1 en vigencia el 21 de Julio de 2014, momento a partir del cual las empresas exportadoras deber\u00e1n gestionar el tr\u00e1mite de Registro ante DNI. Luego, se tramitar\u00e1 a trav\u00e9s de la VUCE la constancia que se transmitir\u00e1 a la DNA para realizar cada operaci\u00f3n de exportaci\u00f3n.<\/p>\n<p>Esta actividad se enmarc\u00f3 no s\u00f3lo en el plan de capacitaciones previsto para los usuarios, sino en las acciones que se propone VUCE como articulador de la comunidad de comercio exterior.<\/p>\n<p>La inscripci\u00f3n de la capacitaci\u00f3n se realizar\u00e1 a trav\u00e9s de la Asociaci\u00f3n de Despachantes de Aduanas.<\/p>\n","protected":false},"excerpt":{"rendered":"<p>A partir del 21 de julio del 2014 se gestionar\u00e1 a trav\u00e9s de VUCE un nuevo certificado para este proceso.<\/p>\n","protected":false},"author":1,"featured_media":1448,"comment_status":"closed","ping_status":"open","sticky":false,"template":"","format":"standard","meta":{"footnotes":""},"categories":[3],"tags":[],"yoast_head":"<!-- This site is optimized with the Yoast SEO plugin v21.5 - https:\/\/yoast.com\/wordpress\/plugins\/seo\/ -->\n<title>Exportaciones de Cobre - VUCE<\/title>\n<meta name=\"robots\" content=\"index, follow, max-snippet:-1, max-image-preview:large, max-video-preview:-1\" \/>\n<link rel=\"canonical\" href=\"https:\/\/vuce.gub.uy\/staging1500\/exportaciones-de-cobre-por-vuce\/\" \/>\n<meta property=\"og:locale\" content=\"es_ES\" \/>\n<meta property=\"og:type\" content=\"article\" \/>\n<meta property=\"og:title\" content=\"Exportaciones de Cobre - VUCE\" \/>\n<meta property=\"og:description\" content=\"A partir del 21 de julio del 2014 se gestionar\u00e1 a trav\u00e9s de VUCE un nuevo certificado para este proceso.\" \/>\n<meta property=\"og:url\" content=\"https:\/\/vuce.gub.uy\/staging1500\/exportaciones-de-cobre-por-vuce\/\" \/>\n<meta property=\"og:site_name\" content=\"VUCE\" \/>\n<meta property=\"article:published_time\" content=\"2014-07-10T18:45:26+00:00\" \/>\n<meta property=\"og:image\" content=\"https:\/\/vuce.gub.uy\/staging1500\/wp-content\/uploads\/2014\/07\/1321459_55930128-1024x768.jpg\" \/>\n\t<meta property=\"og:image:width\" content=\"1024\" \/>\n\t<meta property=\"og:image:height\" content=\"768\" \/>\n\t<meta property=\"og:image:type\" content=\"image\/jpeg\" \/>\n<meta name=\"author\" content=\"vuce\" \/>\n<meta name=\"twitter:card\" content=\"summary_large_image\" \/>\n<meta name=\"twitter:label1\" content=\"Escrito por\" \/>\n\t<meta name=\"twitter:data1\" content=\"vuce\" \/>\n\t<meta name=\"twitter:label2\" content=\"Tiempo de lectura\" \/>\n\t<meta name=\"twitter:data2\" content=\"1 minuto\" \/>\n<script type=\"application\/ld+json\" class=\"yoast-schema-graph\">{\"@context\":\"https:\/\/schema.org\",\"@graph\":[{\"@type\":\"WebPage\",\"@id\":\"https:\/\/vuce.gub.uy\/staging1500\/exportaciones-de-cobre-por-vuce\/\",\"url\":\"https:\/\/vuce.gub.uy\/staging1500\/exportaciones-de-cobre-por-vuce\/\",\"name\":\"Exportaciones de Cobre - VUCE\",\"isPartOf\":{\"@id\":\"https:\/\/vuce.gub.uy\/staging1500\/#website\"},\"datePublished\":\"2014-07-10T18:45:26+00:00\",\"dateModified\":\"2014-07-10T18:45:26+00:00\",\"author\":{\"@id\":\"https:\/\/vuce.gub.uy\/staging1500\/#\/schema\/person\/8328845af156cc1910f16419d63591a6\"},\"breadcrumb\":{\"@id\":\"https:\/\/vuce.gub.uy\/staging1500\/exportaciones-de-cobre-por-vuce\/#breadcrumb\"},\"inLanguage\":\"es-AR\",\"potentialAction\":[{\"@type\":\"ReadAction\",\"target\":[\"https:\/\/vuce.gub.uy\/staging1500\/exportaciones-de-cobre-por-vuce\/\"]}]},{\"@type\":\"BreadcrumbList\",\"@id\":\"https:\/\/vuce.gub.uy\/staging1500\/exportaciones-de-cobre-por-vuce\/#breadcrumb\",\"itemListElement\":[{\"@type\":\"ListItem\",\"position\":1,\"name\":\"Inicio\",\"item\":\"https:\/\/vuce.gub.uy\/staging1500\/\"},{\"@type\":\"ListItem\",\"position\":2,\"name\":\"Exportaciones de Cobre\"}]},{\"@type\":\"WebSite\",\"@id\":\"https:\/\/vuce.gub.uy\/staging1500\/#website\",\"url\":\"https:\/\/vuce.gub.uy\/staging1500\/\",\"name\":\"VUCE\",\"description\":\"\",\"potentialAction\":[{\"@type\":\"SearchAction\",\"target\":{\"@type\":\"EntryPoint\",\"urlTemplate\":\"https:\/\/vuce.gub.uy\/staging1500\/?s={search_term_string}\"},\"query-input\":\"required name=search_term_string\"}],\"inLanguage\":\"es-AR\"},{\"@type\":\"Person\",\"@id\":\"https:\/\/vuce.gub.uy\/staging1500\/#\/schema\/person\/8328845af156cc1910f16419d63591a6\",\"name\":\"vuce\",\"url\":\"https:\/\/vuce.gub.uy\/staging1500\/author\/vuce\/\"}]}<\/script>\n<!-- \/ Yoast SEO plugin. -->","yoast_head_json":{"title":"Exportaciones de Cobre - VUCE","robots":{"index":"index","follow":"follow","max-snippet":"max-snippet:-1","max-image-preview":"max-image-preview:large","max-video-preview":"max-video-preview:-1"},"canonical":"https:\/\/vuce.gub.uy\/staging1500\/exportaciones-de-cobre-por-vuce\/","og_locale":"es_ES","og_type":"article","og_title":"Exportaciones de Cobre - VUCE","og_description":"A partir del 21 de julio del 2014 se gestionar\u00e1 a trav\u00e9s de VUCE un nuevo certificado para este proceso.","og_url":"https:\/\/vuce.gub.uy\/staging1500\/exportaciones-de-cobre-por-vuce\/","og_site_name":"VUCE","article_published_time":"2014-07-10T18:45:26+00:00","og_image":[{"width":1024,"height":768,"url":"https:\/\/vuce.gub.uy\/staging1500\/wp-content\/uploads\/2014\/07\/1321459_55930128-1024x768.jpg","type":"image\/jpeg"}],"author":"vuce","twitter_card":"summary_large_image","twitter_misc":{"Escrito por":"vuce","Tiempo de lectura":"1 minuto"},"schema":{"@context":"https:\/\/schema.org","@graph":[{"@type":"WebPage","@id":"https:\/\/vuce.gub.uy\/staging1500\/exportaciones-de-cobre-por-vuce\/","url":"https:\/\/vuce.gub.uy\/staging1500\/exportaciones-de-cobre-por-vuce\/","name":"Exportaciones de Cobre - VUCE","isPartOf":{"@id":"https:\/\/vuce.gub.uy\/staging1500\/#website"},"datePublished":"2014-07-10T18:45:26+00:00","dateModified":"2014-07-10T18:45:26+00:00","author":{"@id":"https:\/\/vuce.gub.uy\/staging1500\/#\/schema\/person\/8328845af156cc1910f16419d63591a6"},"breadcrumb":{"@id":"https:\/\/vuce.gub.uy\/staging1500\/exportaciones-de-cobre-por-vuce\/#breadcrumb"},"inLanguage":"es-AR","potentialAction":[{"@type":"ReadAction","target":["https:\/\/vuce.gub.uy\/staging1500\/exportaciones-de-cobre-por-vuce\/"]}]},{"@type":"BreadcrumbList","@id":"https:\/\/vuce.gub.uy\/staging1500\/exportaciones-de-cobre-por-vuce\/#breadcrumb","itemListElement":[{"@type":"ListItem","position":1,"name":"Inicio","item":"https:\/\/vuce.gub.uy\/staging1500\/"},{"@type":"ListItem","position":2,"name":"Exportaciones de Cobre"}]},{"@type":"WebSite","@id":"https:\/\/vuce.gub.uy\/staging1500\/#website","url":"https:\/\/vuce.gub.uy\/staging1500\/","name":"VUCE","description":"","potentialAction":[{"@type":"SearchAction","target":{"@type":"EntryPoint","urlTemplate":"https:\/\/vuce.gub.uy\/staging1500\/?s={search_term_string}"},"query-input":"required name=search_term_string"}],"inLanguage":"es-AR"},{"@type":"Person","@id":"https:\/\/vuce.gub.uy\/staging1500\/#\/schema\/person\/8328845af156cc1910f16419d63591a6","name":"vuce","url":"https:\/\/vuce.gub.uy\/staging1500\/author\/vuce\/"}]}},"_links":{"self":[{"href":"https:\/\/vuce.gub.uy\/staging1500\/wp-json\/wp\/v2\/posts\/1447"}],"collection":[{"href":"https:\/\/vuce.gub.uy\/staging1500\/wp-json\/wp\/v2\/posts"}],"about":[{"href":"https:\/\/vuce.gub.uy\/staging1500\/wp-json\/wp\/v2\/types\/post"}],"author":[{"embeddable":true,"href":"https:\/\/vuce.gub.uy\/staging1500\/wp-json\/wp\/v2\/users\/1"}],"replies":[{"embeddable":true,"href":"https:\/\/vuce.gub.uy\/staging1500\/wp-json\/wp\/v2\/comments?post=1447"}],"version-history":[{"count":0,"href":"https:\/\/vuce.gub.uy\/staging1500\/wp-json\/wp\/v2\/posts\/1447\/revisions"}],"wp:featuredmedia":[{"embeddable":true,"href":"https:\/\/vuce.gub.uy\/staging1500\/wp-json\/wp\/v2\/media\/1448"}],"wp:attachment":[{"href":"https:\/\/vuce.gub.uy\/staging1500\/wp-json\/wp\/v2\/media?parent=1447"}],"wp:term":[{"taxonomy":"category","embeddable":true,"href":"https:\/\/vuce.gub.uy\/staging1500\/wp-json\/wp\/v2\/categories?post=1447"},{"taxonomy":"post_tag","embeddable":true,"href":"https:\/\/vuce.gub.uy\/staging1500\/wp-json\/wp\/v2\/tags?post=1447"}],"curies":[{"name":"wp","href":"https:\/\/api.w.org\/{rel}","templated":true}]}}