{"id":1621,"date":"2014-09-10T18:42:14","date_gmt":"2014-09-10T18:42:14","guid":{"rendered":"http:\/\/vuce.gub.uy\/staging1500\/?p=1621"},"modified":"2014-09-10T18:42:14","modified_gmt":"2014-09-10T18:42:14","slug":"capacitacion-para-nuevos-procesos","status":"publish","type":"post","link":"https:\/\/vuce.gub.uy\/staging1500\/capacitacion-para-nuevos-procesos\/","title":{"rendered":"Capacitaci\u00f3n para Nuevos Procesos"},"content":{"rendered":"<p>A partir del 22\/09\/2014 se podr\u00e1 realizar a trav\u00e9s de la VUCE el tr\u00e1mite para la Importaci\u00f3n de Sistemas de Retenci\u00f3n Infantil, regulados por el Decreto 81\/014. El nuevo proceso permitir\u00e1 obtener la licencia de importaci\u00f3n que ser\u00e1 autorizada por la Direcci\u00f3n Nacional de Industrias y exigida por la Direcci\u00f3n Nacional de Aduanas para las operaciones de Importaci\u00f3n.<\/p>\n<p>En esa misma linea continuamos trabajando la Direcci\u00f3n Nacional de Industrias para implementar a partir del 08\/10\/2014 el proceso de Importaci\u00f3n de Acero, de acuerdo a lo previsto en el Decreto 217\/014.<\/p>\n<p>Previo a la puesta en producci\u00f3n de ambos procesos y para ofrecer una instancia de capacitaci\u00f3n e intercambio previo, realizaremos el pr\u00f3ximo 17\/09\/2014 una\u00a0 presentaci\u00f3n a las 9:00hs. en la Direcci\u00f3n Nacional de Industrias.<\/p>\n<p>Consulte en la secci\u00f3n de <a title=\"Procesos Vigentes\" href=\"http:\/\/vuce.gub.uy\/staging1500\/procesos-vigentes\/\">Procesos Vigentes<\/a> los instructivos correspondientes.<\/p>\n","protected":false},"excerpt":{"rendered":"<p>Se mostrar\u00e1n los procesos de Importaci\u00f3n de Sistemas de Retenci\u00f3n Infantil y Acero Estructural.<\/p>\n","protected":false},"author":1,"featured_media":1622,"comment_status":"closed","ping_status":"open","sticky":false,"template":"","format":"standard","meta":{"footnotes":""},"categories":[3],"tags":[],"yoast_head":"<!-- This site is optimized with the Yoast SEO plugin v21.5 - https:\/\/yoast.com\/wordpress\/plugins\/seo\/ -->\n<title>Capacitaci\u00f3n para Nuevos Procesos - VUCE<\/title>\n<meta name=\"robots\" content=\"index, follow, max-snippet:-1, max-image-preview:large, max-video-preview:-1\" \/>\n<link rel=\"canonical\" href=\"https:\/\/vuce.gub.uy\/staging1500\/capacitacion-para-nuevos-procesos\/\" \/>\n<meta property=\"og:locale\" content=\"es_ES\" \/>\n<meta property=\"og:type\" content=\"article\" \/>\n<meta property=\"og:title\" content=\"Capacitaci\u00f3n para Nuevos Procesos - VUCE\" \/>\n<meta property=\"og:description\" content=\"Se mostrar\u00e1n los procesos de Importaci\u00f3n de Sistemas de Retenci\u00f3n Infantil y Acero Estructural.\" \/>\n<meta property=\"og:url\" content=\"https:\/\/vuce.gub.uy\/staging1500\/capacitacion-para-nuevos-procesos\/\" \/>\n<meta property=\"og:site_name\" content=\"VUCE\" \/>\n<meta property=\"article:published_time\" content=\"2014-09-10T18:42:14+00:00\" \/>\n<meta property=\"og:image\" content=\"https:\/\/vuce.gub.uy\/staging1500\/wp-content\/uploads\/2014\/09\/capacitacion.jpg\" \/>\n\t<meta property=\"og:image:width\" content=\"3456\" \/>\n\t<meta property=\"og:image:height\" content=\"2136\" \/>\n\t<meta property=\"og:image:type\" content=\"image\/jpeg\" \/>\n<meta name=\"author\" content=\"vuce\" \/>\n<meta name=\"twitter:card\" content=\"summary_large_image\" \/>\n<meta name=\"twitter:label1\" content=\"Escrito por\" \/>\n\t<meta name=\"twitter:data1\" content=\"vuce\" \/>\n\t<meta name=\"twitter:label2\" content=\"Tiempo de lectura\" \/>\n\t<meta name=\"twitter:data2\" content=\"1 minuto\" \/>\n<script type=\"application\/ld+json\" class=\"yoast-schema-graph\">{\"@context\":\"https:\/\/schema.org\",\"@graph\":[{\"@type\":\"WebPage\",\"@id\":\"https:\/\/vuce.gub.uy\/staging1500\/capacitacion-para-nuevos-procesos\/\",\"url\":\"https:\/\/vuce.gub.uy\/staging1500\/capacitacion-para-nuevos-procesos\/\",\"name\":\"Capacitaci\u00f3n para Nuevos Procesos - VUCE\",\"isPartOf\":{\"@id\":\"https:\/\/vuce.gub.uy\/staging1500\/#website\"},\"datePublished\":\"2014-09-10T18:42:14+00:00\",\"dateModified\":\"2014-09-10T18:42:14+00:00\",\"author\":{\"@id\":\"https:\/\/vuce.gub.uy\/staging1500\/#\/schema\/person\/8328845af156cc1910f16419d63591a6\"},\"breadcrumb\":{\"@id\":\"https:\/\/vuce.gub.uy\/staging1500\/capacitacion-para-nuevos-procesos\/#breadcrumb\"},\"inLanguage\":\"es-AR\",\"potentialAction\":[{\"@type\":\"ReadAction\",\"target\":[\"https:\/\/vuce.gub.uy\/staging1500\/capacitacion-para-nuevos-procesos\/\"]}]},{\"@type\":\"BreadcrumbList\",\"@id\":\"https:\/\/vuce.gub.uy\/staging1500\/capacitacion-para-nuevos-procesos\/#breadcrumb\",\"itemListElement\":[{\"@type\":\"ListItem\",\"position\":1,\"name\":\"Inicio\",\"item\":\"https:\/\/vuce.gub.uy\/staging1500\/\"},{\"@type\":\"ListItem\",\"position\":2,\"name\":\"Capacitaci\u00f3n para Nuevos Procesos\"}]},{\"@type\":\"WebSite\",\"@id\":\"https:\/\/vuce.gub.uy\/staging1500\/#website\",\"url\":\"https:\/\/vuce.gub.uy\/staging1500\/\",\"name\":\"VUCE\",\"description\":\"\",\"potentialAction\":[{\"@type\":\"SearchAction\",\"target\":{\"@type\":\"EntryPoint\",\"urlTemplate\":\"https:\/\/vuce.gub.uy\/staging1500\/?s={search_term_string}\"},\"query-input\":\"required name=search_term_string\"}],\"inLanguage\":\"es-AR\"},{\"@type\":\"Person\",\"@id\":\"https:\/\/vuce.gub.uy\/staging1500\/#\/schema\/person\/8328845af156cc1910f16419d63591a6\",\"name\":\"vuce\",\"url\":\"https:\/\/vuce.gub.uy\/staging1500\/author\/vuce\/\"}]}<\/script>\n<!-- \/ Yoast SEO plugin. -->","yoast_head_json":{"title":"Capacitaci\u00f3n para Nuevos Procesos - VUCE","robots":{"index":"index","follow":"follow","max-snippet":"max-snippet:-1","max-image-preview":"max-image-preview:large","max-video-preview":"max-video-preview:-1"},"canonical":"https:\/\/vuce.gub.uy\/staging1500\/capacitacion-para-nuevos-procesos\/","og_locale":"es_ES","og_type":"article","og_title":"Capacitaci\u00f3n para Nuevos Procesos - VUCE","og_description":"Se mostrar\u00e1n los procesos de Importaci\u00f3n de Sistemas de Retenci\u00f3n Infantil y Acero Estructural.","og_url":"https:\/\/vuce.gub.uy\/staging1500\/capacitacion-para-nuevos-procesos\/","og_site_name":"VUCE","article_published_time":"2014-09-10T18:42:14+00:00","og_image":[{"width":3456,"height":2136,"url":"https:\/\/vuce.gub.uy\/staging1500\/wp-content\/uploads\/2014\/09\/capacitacion.jpg","type":"image\/jpeg"}],"author":"vuce","twitter_card":"summary_large_image","twitter_misc":{"Escrito por":"vuce","Tiempo de lectura":"1 minuto"},"schema":{"@context":"https:\/\/schema.org","@graph":[{"@type":"WebPage","@id":"https:\/\/vuce.gub.uy\/staging1500\/capacitacion-para-nuevos-procesos\/","url":"https:\/\/vuce.gub.uy\/staging1500\/capacitacion-para-nuevos-procesos\/","name":"Capacitaci\u00f3n para Nuevos Procesos - VUCE","isPartOf":{"@id":"https:\/\/vuce.gub.uy\/staging1500\/#website"},"datePublished":"2014-09-10T18:42:14+00:00","dateModified":"2014-09-10T18:42:14+00:00","author":{"@id":"https:\/\/vuce.gub.uy\/staging1500\/#\/schema\/person\/8328845af156cc1910f16419d63591a6"},"breadcrumb":{"@id":"https:\/\/vuce.gub.uy\/staging1500\/capacitacion-para-nuevos-procesos\/#breadcrumb"},"inLanguage":"es-AR","potentialAction":[{"@type":"ReadAction","target":["https:\/\/vuce.gub.uy\/staging1500\/capacitacion-para-nuevos-procesos\/"]}]},{"@type":"BreadcrumbList","@id":"https:\/\/vuce.gub.uy\/staging1500\/capacitacion-para-nuevos-procesos\/#breadcrumb","itemListElement":[{"@type":"ListItem","position":1,"name":"Inicio","item":"https:\/\/vuce.gub.uy\/staging1500\/"},{"@type":"ListItem","position":2,"name":"Capacitaci\u00f3n para Nuevos Procesos"}]},{"@type":"WebSite","@id":"https:\/\/vuce.gub.uy\/staging1500\/#website","url":"https:\/\/vuce.gub.uy\/staging1500\/","name":"VUCE","description":"","potentialAction":[{"@type":"SearchAction","target":{"@type":"EntryPoint","urlTemplate":"https:\/\/vuce.gub.uy\/staging1500\/?s={search_term_string}"},"query-input":"required name=search_term_string"}],"inLanguage":"es-AR"},{"@type":"Person","@id":"https:\/\/vuce.gub.uy\/staging1500\/#\/schema\/person\/8328845af156cc1910f16419d63591a6","name":"vuce","url":"https:\/\/vuce.gub.uy\/staging1500\/author\/vuce\/"}]}},"_links":{"self":[{"href":"https:\/\/vuce.gub.uy\/staging1500\/wp-json\/wp\/v2\/posts\/1621"}],"collection":[{"href":"https:\/\/vuce.gub.uy\/staging1500\/wp-json\/wp\/v2\/posts"}],"about":[{"href":"https:\/\/vuce.gub.uy\/staging1500\/wp-json\/wp\/v2\/types\/post"}],"author":[{"embeddable":true,"href":"https:\/\/vuce.gub.uy\/staging1500\/wp-json\/wp\/v2\/users\/1"}],"replies":[{"embeddable":true,"href":"https:\/\/vuce.gub.uy\/staging1500\/wp-json\/wp\/v2\/comments?post=1621"}],"version-history":[{"count":0,"href":"https:\/\/vuce.gub.uy\/staging1500\/wp-json\/wp\/v2\/posts\/1621\/revisions"}],"wp:featuredmedia":[{"embeddable":true,"href":"https:\/\/vuce.gub.uy\/staging1500\/wp-json\/wp\/v2\/media\/1622"}],"wp:attachment":[{"href":"https:\/\/vuce.gub.uy\/staging1500\/wp-json\/wp\/v2\/media?parent=1621"}],"wp:term":[{"taxonomy":"category","embeddable":true,"href":"https:\/\/vuce.gub.uy\/staging1500\/wp-json\/wp\/v2\/categories?post=1621"},{"taxonomy":"post_tag","embeddable":true,"href":"https:\/\/vuce.gub.uy\/staging1500\/wp-json\/wp\/v2\/tags?post=1621"}],"curies":[{"name":"wp","href":"https:\/\/api.w.org\/{rel}","templated":true}]}}