{"id":1629,"date":"2014-09-18T15:02:36","date_gmt":"2014-09-18T15:02:36","guid":{"rendered":"http:\/\/vuce.gub.uy\/staging1500\/?p=1629"},"modified":"2014-09-18T15:02:36","modified_gmt":"2014-09-18T15:02:36","slug":"lanzamiento-acuerdo-de-cooperacion-con-ursec","status":"publish","type":"post","link":"https:\/\/vuce.gub.uy\/staging1500\/lanzamiento-acuerdo-de-cooperacion-con-ursec\/","title":{"rendered":"Lanzamiento Acuerdo de Cooperaci\u00f3n con URSEC"},"content":{"rendered":"<p>El 19 de Setiembre tuvo lugar el lanzamiento del Acuerdo Espec\u00edfico de Cooperaci\u00f3n T\u00e9cnica para el desarrollo de la Ventanilla \u00danica de Comercio Exterior entre la Direcci\u00f3n Nacional de Aduanas, la Comisi\u00f3n Interministerial de Asuntos para Comercio Exterior, Uruguay XXI y la Unidad Reguladora de Servicios de Comunicaciones. El evento se llev\u00f3 a cabo en la Sala de Actos de Presidencia de la Rep\u00fablica y cont\u00f3 con la participaci\u00f3n de los distintos organismos involucrados y del sector privado.<strong><br \/>\n<\/strong><\/p>\n<p>&nbsp;<\/p>\n<p>&nbsp;<\/p>\n","protected":false},"excerpt":{"rendered":"<p>Tuvo lugar en la Sala de Actos de Presidencia de la Rep\u00fablica a las 10 y 30 horas.<\/p>\n","protected":false},"author":1,"featured_media":1635,"comment_status":"closed","ping_status":"open","sticky":false,"template":"","format":"standard","meta":{"footnotes":""},"categories":[3],"tags":[],"yoast_head":"<!-- This site is optimized with the Yoast SEO plugin v21.5 - https:\/\/yoast.com\/wordpress\/plugins\/seo\/ -->\n<title>Lanzamiento Acuerdo de Cooperaci\u00f3n con URSEC - VUCE<\/title>\n<meta name=\"robots\" content=\"index, follow, max-snippet:-1, max-image-preview:large, max-video-preview:-1\" \/>\n<link rel=\"canonical\" href=\"https:\/\/vuce.gub.uy\/staging1500\/lanzamiento-acuerdo-de-cooperacion-con-ursec\/\" \/>\n<meta property=\"og:locale\" content=\"es_ES\" \/>\n<meta property=\"og:type\" content=\"article\" \/>\n<meta property=\"og:title\" content=\"Lanzamiento Acuerdo de Cooperaci\u00f3n con URSEC - VUCE\" \/>\n<meta property=\"og:description\" content=\"Tuvo lugar en la Sala de Actos de Presidencia de la Rep\u00fablica a las 10 y 30 horas.\" \/>\n<meta property=\"og:url\" content=\"https:\/\/vuce.gub.uy\/staging1500\/lanzamiento-acuerdo-de-cooperacion-con-ursec\/\" \/>\n<meta property=\"og:site_name\" content=\"VUCE\" \/>\n<meta property=\"article:published_time\" content=\"2014-09-18T15:02:36+00:00\" \/>\n<meta property=\"og:image\" content=\"https:\/\/vuce.gub.uy\/staging1500\/wp-content\/uploads\/2014\/09\/portada-ursec.jpg\" \/>\n\t<meta property=\"og:image:width\" content=\"4608\" \/>\n\t<meta property=\"og:image:height\" content=\"2381\" \/>\n\t<meta property=\"og:image:type\" content=\"image\/jpeg\" \/>\n<meta name=\"author\" content=\"vuce\" \/>\n<meta name=\"twitter:card\" content=\"summary_large_image\" \/>\n<meta name=\"twitter:label1\" content=\"Escrito por\" \/>\n\t<meta name=\"twitter:data1\" content=\"vuce\" \/>\n<script type=\"application\/ld+json\" class=\"yoast-schema-graph\">{\"@context\":\"https:\/\/schema.org\",\"@graph\":[{\"@type\":\"WebPage\",\"@id\":\"https:\/\/vuce.gub.uy\/staging1500\/lanzamiento-acuerdo-de-cooperacion-con-ursec\/\",\"url\":\"https:\/\/vuce.gub.uy\/staging1500\/lanzamiento-acuerdo-de-cooperacion-con-ursec\/\",\"name\":\"Lanzamiento Acuerdo de Cooperaci\u00f3n con URSEC - VUCE\",\"isPartOf\":{\"@id\":\"https:\/\/vuce.gub.uy\/staging1500\/#website\"},\"datePublished\":\"2014-09-18T15:02:36+00:00\",\"dateModified\":\"2014-09-18T15:02:36+00:00\",\"author\":{\"@id\":\"https:\/\/vuce.gub.uy\/staging1500\/#\/schema\/person\/8328845af156cc1910f16419d63591a6\"},\"breadcrumb\":{\"@id\":\"https:\/\/vuce.gub.uy\/staging1500\/lanzamiento-acuerdo-de-cooperacion-con-ursec\/#breadcrumb\"},\"inLanguage\":\"es-AR\",\"potentialAction\":[{\"@type\":\"ReadAction\",\"target\":[\"https:\/\/vuce.gub.uy\/staging1500\/lanzamiento-acuerdo-de-cooperacion-con-ursec\/\"]}]},{\"@type\":\"BreadcrumbList\",\"@id\":\"https:\/\/vuce.gub.uy\/staging1500\/lanzamiento-acuerdo-de-cooperacion-con-ursec\/#breadcrumb\",\"itemListElement\":[{\"@type\":\"ListItem\",\"position\":1,\"name\":\"Inicio\",\"item\":\"https:\/\/vuce.gub.uy\/staging1500\/\"},{\"@type\":\"ListItem\",\"position\":2,\"name\":\"Lanzamiento Acuerdo de Cooperaci\u00f3n con URSEC\"}]},{\"@type\":\"WebSite\",\"@id\":\"https:\/\/vuce.gub.uy\/staging1500\/#website\",\"url\":\"https:\/\/vuce.gub.uy\/staging1500\/\",\"name\":\"VUCE\",\"description\":\"\",\"potentialAction\":[{\"@type\":\"SearchAction\",\"target\":{\"@type\":\"EntryPoint\",\"urlTemplate\":\"https:\/\/vuce.gub.uy\/staging1500\/?s={search_term_string}\"},\"query-input\":\"required name=search_term_string\"}],\"inLanguage\":\"es-AR\"},{\"@type\":\"Person\",\"@id\":\"https:\/\/vuce.gub.uy\/staging1500\/#\/schema\/person\/8328845af156cc1910f16419d63591a6\",\"name\":\"vuce\",\"url\":\"https:\/\/vuce.gub.uy\/staging1500\/author\/vuce\/\"}]}<\/script>\n<!-- \/ Yoast SEO plugin. -->","yoast_head_json":{"title":"Lanzamiento Acuerdo de Cooperaci\u00f3n con URSEC - VUCE","robots":{"index":"index","follow":"follow","max-snippet":"max-snippet:-1","max-image-preview":"max-image-preview:large","max-video-preview":"max-video-preview:-1"},"canonical":"https:\/\/vuce.gub.uy\/staging1500\/lanzamiento-acuerdo-de-cooperacion-con-ursec\/","og_locale":"es_ES","og_type":"article","og_title":"Lanzamiento Acuerdo de Cooperaci\u00f3n con URSEC - VUCE","og_description":"Tuvo lugar en la Sala de Actos de Presidencia de la Rep\u00fablica a las 10 y 30 horas.","og_url":"https:\/\/vuce.gub.uy\/staging1500\/lanzamiento-acuerdo-de-cooperacion-con-ursec\/","og_site_name":"VUCE","article_published_time":"2014-09-18T15:02:36+00:00","og_image":[{"width":4608,"height":2381,"url":"https:\/\/vuce.gub.uy\/staging1500\/wp-content\/uploads\/2014\/09\/portada-ursec.jpg","type":"image\/jpeg"}],"author":"vuce","twitter_card":"summary_large_image","twitter_misc":{"Escrito por":"vuce"},"schema":{"@context":"https:\/\/schema.org","@graph":[{"@type":"WebPage","@id":"https:\/\/vuce.gub.uy\/staging1500\/lanzamiento-acuerdo-de-cooperacion-con-ursec\/","url":"https:\/\/vuce.gub.uy\/staging1500\/lanzamiento-acuerdo-de-cooperacion-con-ursec\/","name":"Lanzamiento Acuerdo de Cooperaci\u00f3n con URSEC - VUCE","isPartOf":{"@id":"https:\/\/vuce.gub.uy\/staging1500\/#website"},"datePublished":"2014-09-18T15:02:36+00:00","dateModified":"2014-09-18T15:02:36+00:00","author":{"@id":"https:\/\/vuce.gub.uy\/staging1500\/#\/schema\/person\/8328845af156cc1910f16419d63591a6"},"breadcrumb":{"@id":"https:\/\/vuce.gub.uy\/staging1500\/lanzamiento-acuerdo-de-cooperacion-con-ursec\/#breadcrumb"},"inLanguage":"es-AR","potentialAction":[{"@type":"ReadAction","target":["https:\/\/vuce.gub.uy\/staging1500\/lanzamiento-acuerdo-de-cooperacion-con-ursec\/"]}]},{"@type":"BreadcrumbList","@id":"https:\/\/vuce.gub.uy\/staging1500\/lanzamiento-acuerdo-de-cooperacion-con-ursec\/#breadcrumb","itemListElement":[{"@type":"ListItem","position":1,"name":"Inicio","item":"https:\/\/vuce.gub.uy\/staging1500\/"},{"@type":"ListItem","position":2,"name":"Lanzamiento Acuerdo de Cooperaci\u00f3n con URSEC"}]},{"@type":"WebSite","@id":"https:\/\/vuce.gub.uy\/staging1500\/#website","url":"https:\/\/vuce.gub.uy\/staging1500\/","name":"VUCE","description":"","potentialAction":[{"@type":"SearchAction","target":{"@type":"EntryPoint","urlTemplate":"https:\/\/vuce.gub.uy\/staging1500\/?s={search_term_string}"},"query-input":"required name=search_term_string"}],"inLanguage":"es-AR"},{"@type":"Person","@id":"https:\/\/vuce.gub.uy\/staging1500\/#\/schema\/person\/8328845af156cc1910f16419d63591a6","name":"vuce","url":"https:\/\/vuce.gub.uy\/staging1500\/author\/vuce\/"}]}},"_links":{"self":[{"href":"https:\/\/vuce.gub.uy\/staging1500\/wp-json\/wp\/v2\/posts\/1629"}],"collection":[{"href":"https:\/\/vuce.gub.uy\/staging1500\/wp-json\/wp\/v2\/posts"}],"about":[{"href":"https:\/\/vuce.gub.uy\/staging1500\/wp-json\/wp\/v2\/types\/post"}],"author":[{"embeddable":true,"href":"https:\/\/vuce.gub.uy\/staging1500\/wp-json\/wp\/v2\/users\/1"}],"replies":[{"embeddable":true,"href":"https:\/\/vuce.gub.uy\/staging1500\/wp-json\/wp\/v2\/comments?post=1629"}],"version-history":[{"count":0,"href":"https:\/\/vuce.gub.uy\/staging1500\/wp-json\/wp\/v2\/posts\/1629\/revisions"}],"wp:featuredmedia":[{"embeddable":true,"href":"https:\/\/vuce.gub.uy\/staging1500\/wp-json\/wp\/v2\/media\/1635"}],"wp:attachment":[{"href":"https:\/\/vuce.gub.uy\/staging1500\/wp-json\/wp\/v2\/media?parent=1629"}],"wp:term":[{"taxonomy":"category","embeddable":true,"href":"https:\/\/vuce.gub.uy\/staging1500\/wp-json\/wp\/v2\/categories?post=1629"},{"taxonomy":"post_tag","embeddable":true,"href":"https:\/\/vuce.gub.uy\/staging1500\/wp-json\/wp\/v2\/tags?post=1629"}],"curies":[{"name":"wp","href":"https:\/\/api.w.org\/{rel}","templated":true}]}}