{"id":1637,"date":"2014-09-19T18:49:41","date_gmt":"2014-09-19T18:49:41","guid":{"rendered":"http:\/\/vuce.gub.uy\/staging1500\/?p=1637"},"modified":"2014-09-19T18:49:41","modified_gmt":"2014-09-19T18:49:41","slug":"semana-de-presentaciones","status":"publish","type":"post","link":"https:\/\/vuce.gub.uy\/staging1500\/semana-de-presentaciones\/","title":{"rendered":"Semana de Presentaciones"},"content":{"rendered":"<p>Durante la semana\u00a0 se realizon dos presentaciones muy importantes para VUCE que forman parte del Ciclo de Charlas previsto para este a\u00f1o.<\/p>\n<p><a href=\"http:\/\/vuce.gub.uy\/staging1500\/wp-content\/uploads\/2014\/09\/clei.jpg\"><img decoding=\"async\" class=\" wp-image-1638 alignleft\" alt=\"clei\" src=\"http:\/\/vuce.gub.uy\/staging1500\/wp-content\/uploads\/2014\/09\/clei.jpg\" width=\"324\" height=\"244\" srcset=\"https:\/\/vuce.gub.uy\/staging1500\/wp-content\/uploads\/2014\/09\/clei-200x150.jpg 200w, https:\/\/vuce.gub.uy\/staging1500\/wp-content\/uploads\/2014\/09\/clei-300x225.jpg 300w, https:\/\/vuce.gub.uy\/staging1500\/wp-content\/uploads\/2014\/09\/clei-400x300.jpg 400w, https:\/\/vuce.gub.uy\/staging1500\/wp-content\/uploads\/2014\/09\/clei.jpg 526w\" sizes=\"(max-width: 324px) 100vw, 324px\" \/><\/a>El d\u00eda 16\/09\/14 tuvo lugar la presentaci\u00f3n &#8220;VUCE: integrando organismos, sistemas y procesos con BPM&#8221; durante las <a href=\"https:\/\/www.fing.edu.uy\/inco\/eventos\/bpmuy\/index.html\">Terceras Jornadas Uruguayas de Gesti\u00f3n y Tecnolog\u00edas de Procesos de Negocio (BPMUY)<\/a>.<\/p>\n<p>La presentaci\u00f3n fue realizada junto a la empresa Genexus Consulting, en representaci\u00f3n del Consorcio que conformaron junto con la empresa Concepto para el desarrollo de la Plataforma VUCE. El objetivo fue compartir lecciones aprendidas y mejores pr\u00e1cticas con la comunidad de profesionales en BPM.<\/p>\n<p>Acceda <a href=\"https:\/\/www.fing.edu.uy\/inco\/eventos\/bpmuy\/programa.html\">aqu\u00ed <\/a>a m\u00e1s informaci\u00f3n del evento.<\/p>\n<p>&nbsp;<\/p>\n<p>&nbsp;<\/p>\n<p>&nbsp;<\/p>\n<p><a href=\"http:\/\/vuce.gub.uy\/staging1500\/wp-content\/uploads\/2014\/09\/jiap.jpg\"><img decoding=\"async\" class=\"wp-image-1642 alignleft\" alt=\"jiap\" src=\"http:\/\/vuce.gub.uy\/staging1500\/wp-content\/uploads\/2014\/09\/jiap.jpg\" width=\"323\" height=\"241\" srcset=\"https:\/\/vuce.gub.uy\/staging1500\/wp-content\/uploads\/2014\/09\/jiap-200x150.jpg 200w, https:\/\/vuce.gub.uy\/staging1500\/wp-content\/uploads\/2014\/09\/jiap-300x225.jpg 300w, https:\/\/vuce.gub.uy\/staging1500\/wp-content\/uploads\/2014\/09\/jiap-400x300.jpg 400w, https:\/\/vuce.gub.uy\/staging1500\/wp-content\/uploads\/2014\/09\/jiap-600x450.jpg 600w, https:\/\/vuce.gub.uy\/staging1500\/wp-content\/uploads\/2014\/09\/jiap-768x576.jpg 768w, https:\/\/vuce.gub.uy\/staging1500\/wp-content\/uploads\/2014\/09\/jiap-800x600.jpg 800w, https:\/\/vuce.gub.uy\/staging1500\/wp-content\/uploads\/2014\/09\/jiap.jpg 1024w\" sizes=\"(max-width: 323px) 100vw, 323px\" \/><\/a>El d\u00eda 17\/09\/14 tuvo lugar la presentaci\u00f3n &#8220;VUCE: El proyecto m\u00e1s integrador del Gobierno Electr\u00f3nico en Uruguay&#8221; durante las <a href=\"http:\/\/www.asiap.org\/AsIAP\/index.php\/jiap\/jiap-2014\">23\u00ba Jornadas Inform\u00e1ticas de la Administraci\u00f3n P\u00fablica<\/a>.<\/p>\n<p>La presentaci\u00f3n fue realizada junto a la empresa Genexus Consulting, en representaci\u00f3n del Consorcio que conformaron junto con la empresa Concepto para el desarrollo de la Plataforma VUCE. El objetivo fue compartir lecciones aprendidas y mejores pr\u00e1cticas sobre el proyecto.<\/p>\n<p>Acceda <a href=\"http:\/\/www.asiap.org\/AsIAP\/index.php\/jiap\/jiap-2014\">aqu\u00ed <\/a>a m\u00e1s informaci\u00f3n del evento.<\/p>\n<p>&nbsp;<\/p>\n<p>&nbsp;<\/p>\n<p>&nbsp;<\/p>\n<p>&nbsp;<\/p>\n<p>&nbsp;<\/p>\n<p>&nbsp;<\/p>\n","protected":false},"excerpt":{"rendered":"<p>Se realiz\u00f3 presentaci\u00f3n sobre VUCE en BPMUY y JIAP<\/p>\n","protected":false},"author":1,"featured_media":1638,"comment_status":"closed","ping_status":"open","sticky":false,"template":"","format":"standard","meta":{"footnotes":""},"categories":[3],"tags":[],"yoast_head":"<!-- This site is optimized with the Yoast SEO plugin v21.5 - https:\/\/yoast.com\/wordpress\/plugins\/seo\/ -->\n<title>Semana de Presentaciones - VUCE<\/title>\n<meta name=\"robots\" content=\"index, follow, max-snippet:-1, max-image-preview:large, max-video-preview:-1\" \/>\n<link rel=\"canonical\" href=\"https:\/\/vuce.gub.uy\/staging1500\/semana-de-presentaciones\/\" \/>\n<meta property=\"og:locale\" content=\"es_ES\" \/>\n<meta property=\"og:type\" content=\"article\" \/>\n<meta property=\"og:title\" content=\"Semana de Presentaciones - VUCE\" \/>\n<meta property=\"og:description\" content=\"Se realiz\u00f3 presentaci\u00f3n sobre VUCE en BPMUY y JIAP\" \/>\n<meta property=\"og:url\" content=\"https:\/\/vuce.gub.uy\/staging1500\/semana-de-presentaciones\/\" \/>\n<meta property=\"og:site_name\" content=\"VUCE\" \/>\n<meta property=\"article:published_time\" content=\"2014-09-19T18:49:41+00:00\" \/>\n<meta property=\"og:image\" content=\"https:\/\/vuce.gub.uy\/staging1500\/wp-content\/uploads\/2014\/09\/clei.jpg\" \/>\n\t<meta property=\"og:image:width\" content=\"526\" \/>\n\t<meta property=\"og:image:height\" content=\"394\" \/>\n\t<meta property=\"og:image:type\" content=\"image\/jpeg\" \/>\n<meta name=\"author\" content=\"vuce\" \/>\n<meta name=\"twitter:card\" content=\"summary_large_image\" \/>\n<meta name=\"twitter:label1\" content=\"Escrito por\" \/>\n\t<meta name=\"twitter:data1\" content=\"vuce\" \/>\n\t<meta name=\"twitter:label2\" content=\"Tiempo de lectura\" \/>\n\t<meta name=\"twitter:data2\" content=\"1 minuto\" \/>\n<script type=\"application\/ld+json\" class=\"yoast-schema-graph\">{\"@context\":\"https:\/\/schema.org\",\"@graph\":[{\"@type\":\"WebPage\",\"@id\":\"https:\/\/vuce.gub.uy\/staging1500\/semana-de-presentaciones\/\",\"url\":\"https:\/\/vuce.gub.uy\/staging1500\/semana-de-presentaciones\/\",\"name\":\"Semana de Presentaciones - VUCE\",\"isPartOf\":{\"@id\":\"https:\/\/vuce.gub.uy\/staging1500\/#website\"},\"datePublished\":\"2014-09-19T18:49:41+00:00\",\"dateModified\":\"2014-09-19T18:49:41+00:00\",\"author\":{\"@id\":\"https:\/\/vuce.gub.uy\/staging1500\/#\/schema\/person\/8328845af156cc1910f16419d63591a6\"},\"breadcrumb\":{\"@id\":\"https:\/\/vuce.gub.uy\/staging1500\/semana-de-presentaciones\/#breadcrumb\"},\"inLanguage\":\"es-AR\",\"potentialAction\":[{\"@type\":\"ReadAction\",\"target\":[\"https:\/\/vuce.gub.uy\/staging1500\/semana-de-presentaciones\/\"]}]},{\"@type\":\"BreadcrumbList\",\"@id\":\"https:\/\/vuce.gub.uy\/staging1500\/semana-de-presentaciones\/#breadcrumb\",\"itemListElement\":[{\"@type\":\"ListItem\",\"position\":1,\"name\":\"Inicio\",\"item\":\"https:\/\/vuce.gub.uy\/staging1500\/\"},{\"@type\":\"ListItem\",\"position\":2,\"name\":\"Semana de Presentaciones\"}]},{\"@type\":\"WebSite\",\"@id\":\"https:\/\/vuce.gub.uy\/staging1500\/#website\",\"url\":\"https:\/\/vuce.gub.uy\/staging1500\/\",\"name\":\"VUCE\",\"description\":\"\",\"potentialAction\":[{\"@type\":\"SearchAction\",\"target\":{\"@type\":\"EntryPoint\",\"urlTemplate\":\"https:\/\/vuce.gub.uy\/staging1500\/?s={search_term_string}\"},\"query-input\":\"required name=search_term_string\"}],\"inLanguage\":\"es-AR\"},{\"@type\":\"Person\",\"@id\":\"https:\/\/vuce.gub.uy\/staging1500\/#\/schema\/person\/8328845af156cc1910f16419d63591a6\",\"name\":\"vuce\",\"url\":\"https:\/\/vuce.gub.uy\/staging1500\/author\/vuce\/\"}]}<\/script>\n<!-- \/ Yoast SEO plugin. -->","yoast_head_json":{"title":"Semana de Presentaciones - VUCE","robots":{"index":"index","follow":"follow","max-snippet":"max-snippet:-1","max-image-preview":"max-image-preview:large","max-video-preview":"max-video-preview:-1"},"canonical":"https:\/\/vuce.gub.uy\/staging1500\/semana-de-presentaciones\/","og_locale":"es_ES","og_type":"article","og_title":"Semana de Presentaciones - VUCE","og_description":"Se realiz\u00f3 presentaci\u00f3n sobre VUCE en BPMUY y JIAP","og_url":"https:\/\/vuce.gub.uy\/staging1500\/semana-de-presentaciones\/","og_site_name":"VUCE","article_published_time":"2014-09-19T18:49:41+00:00","og_image":[{"width":526,"height":394,"url":"https:\/\/vuce.gub.uy\/staging1500\/wp-content\/uploads\/2014\/09\/clei.jpg","type":"image\/jpeg"}],"author":"vuce","twitter_card":"summary_large_image","twitter_misc":{"Escrito por":"vuce","Tiempo de lectura":"1 minuto"},"schema":{"@context":"https:\/\/schema.org","@graph":[{"@type":"WebPage","@id":"https:\/\/vuce.gub.uy\/staging1500\/semana-de-presentaciones\/","url":"https:\/\/vuce.gub.uy\/staging1500\/semana-de-presentaciones\/","name":"Semana de Presentaciones - VUCE","isPartOf":{"@id":"https:\/\/vuce.gub.uy\/staging1500\/#website"},"datePublished":"2014-09-19T18:49:41+00:00","dateModified":"2014-09-19T18:49:41+00:00","author":{"@id":"https:\/\/vuce.gub.uy\/staging1500\/#\/schema\/person\/8328845af156cc1910f16419d63591a6"},"breadcrumb":{"@id":"https:\/\/vuce.gub.uy\/staging1500\/semana-de-presentaciones\/#breadcrumb"},"inLanguage":"es-AR","potentialAction":[{"@type":"ReadAction","target":["https:\/\/vuce.gub.uy\/staging1500\/semana-de-presentaciones\/"]}]},{"@type":"BreadcrumbList","@id":"https:\/\/vuce.gub.uy\/staging1500\/semana-de-presentaciones\/#breadcrumb","itemListElement":[{"@type":"ListItem","position":1,"name":"Inicio","item":"https:\/\/vuce.gub.uy\/staging1500\/"},{"@type":"ListItem","position":2,"name":"Semana de Presentaciones"}]},{"@type":"WebSite","@id":"https:\/\/vuce.gub.uy\/staging1500\/#website","url":"https:\/\/vuce.gub.uy\/staging1500\/","name":"VUCE","description":"","potentialAction":[{"@type":"SearchAction","target":{"@type":"EntryPoint","urlTemplate":"https:\/\/vuce.gub.uy\/staging1500\/?s={search_term_string}"},"query-input":"required name=search_term_string"}],"inLanguage":"es-AR"},{"@type":"Person","@id":"https:\/\/vuce.gub.uy\/staging1500\/#\/schema\/person\/8328845af156cc1910f16419d63591a6","name":"vuce","url":"https:\/\/vuce.gub.uy\/staging1500\/author\/vuce\/"}]}},"_links":{"self":[{"href":"https:\/\/vuce.gub.uy\/staging1500\/wp-json\/wp\/v2\/posts\/1637"}],"collection":[{"href":"https:\/\/vuce.gub.uy\/staging1500\/wp-json\/wp\/v2\/posts"}],"about":[{"href":"https:\/\/vuce.gub.uy\/staging1500\/wp-json\/wp\/v2\/types\/post"}],"author":[{"embeddable":true,"href":"https:\/\/vuce.gub.uy\/staging1500\/wp-json\/wp\/v2\/users\/1"}],"replies":[{"embeddable":true,"href":"https:\/\/vuce.gub.uy\/staging1500\/wp-json\/wp\/v2\/comments?post=1637"}],"version-history":[{"count":0,"href":"https:\/\/vuce.gub.uy\/staging1500\/wp-json\/wp\/v2\/posts\/1637\/revisions"}],"wp:featuredmedia":[{"embeddable":true,"href":"https:\/\/vuce.gub.uy\/staging1500\/wp-json\/wp\/v2\/media\/1638"}],"wp:attachment":[{"href":"https:\/\/vuce.gub.uy\/staging1500\/wp-json\/wp\/v2\/media?parent=1637"}],"wp:term":[{"taxonomy":"category","embeddable":true,"href":"https:\/\/vuce.gub.uy\/staging1500\/wp-json\/wp\/v2\/categories?post=1637"},{"taxonomy":"post_tag","embeddable":true,"href":"https:\/\/vuce.gub.uy\/staging1500\/wp-json\/wp\/v2\/tags?post=1637"}],"curies":[{"name":"wp","href":"https:\/\/api.w.org\/{rel}","templated":true}]}}