{"id":1648,"date":"2014-09-22T17:36:11","date_gmt":"2014-09-22T17:36:11","guid":{"rendered":"http:\/\/vuce.gub.uy\/staging1500\/?p=1648"},"modified":"2014-09-22T17:36:11","modified_gmt":"2014-09-22T17:36:11","slug":"sistemas-de-retencion-infantil","status":"publish","type":"post","link":"https:\/\/vuce.gub.uy\/staging1500\/sistemas-de-retencion-infantil\/","title":{"rendered":"Sistemas de Retenci\u00f3n Infantil"},"content":{"rendered":"<p>A partir del 22 de setiembre se pone en marcha un\u00a0 nuevo proceso en la Ventanilla \u00danica de Comercio Exterior (VUCE) de acuerdo al Decreto Reglamentario y anexos de la ley 19.061\/2013 de normas complementarias de tr\u00e1nsito.<\/p>\n<p>Seg\u00fan el decreto, se deber\u00e1 obtener la autorizaci\u00f3n de la Direcci\u00f3n Nacional de Industrias (DNI) para la importaci\u00f3n de Sistemas de Retenci\u00f3n Infantil previo a la numeraci\u00f3n del DUA; el tr\u00e1mite se realizar\u00e1 ante la DNI a trav\u00e9s del sistema VUCE quien transmitir\u00e1 la autorizaci\u00f3n a la Direcci\u00f3n Nacional de Aduanas en forma electr\u00f3nica y autom\u00e1tica.<\/p>\n<p>El 12 de setiembre a las 10:00 horas\u00a0 se realiz\u00f3 en la Sala Azul de la DNI la presentaci\u00f3n del tr\u00e1mite donde representantes de DNI y VUCE explicaron\u00a0 el nuevo proceso enmarcando esta actividad no s\u00f3lo en el plan de capacitaciones previsto para los usuarios, sino en las acciones que se propone VUCE como articulador de la comunidad de comercio exterior.<\/p>\n<p>Por m\u00e1s capacitaciones comunicarse a los tel\u00e9fonos 2916.68.78 o dirigirse a i<a href=\"mailto:Info@vuce.gub.uy\">nfo@vuce.gub.uy<\/a>.<\/p>\n","protected":false},"excerpt":{"rendered":"<p>A partir del 22 de setiembre se pone en marcha este nuevo proceso para la Importaci\u00f3n de SRI<\/p>\n","protected":false},"author":1,"featured_media":1649,"comment_status":"closed","ping_status":"open","sticky":false,"template":"","format":"standard","meta":{"footnotes":""},"categories":[3],"tags":[],"yoast_head":"<!-- This site is optimized with the Yoast SEO plugin v21.5 - https:\/\/yoast.com\/wordpress\/plugins\/seo\/ -->\n<title>Sistemas de Retenci\u00f3n Infantil - VUCE<\/title>\n<meta name=\"robots\" content=\"index, follow, max-snippet:-1, max-image-preview:large, max-video-preview:-1\" \/>\n<link rel=\"canonical\" href=\"https:\/\/vuce.gub.uy\/staging1500\/sistemas-de-retencion-infantil\/\" \/>\n<meta property=\"og:locale\" content=\"es_ES\" \/>\n<meta property=\"og:type\" content=\"article\" \/>\n<meta property=\"og:title\" content=\"Sistemas de Retenci\u00f3n Infantil - VUCE\" \/>\n<meta property=\"og:description\" content=\"A partir del 22 de setiembre se pone en marcha este nuevo proceso para la Importaci\u00f3n de SRI\" \/>\n<meta property=\"og:url\" content=\"https:\/\/vuce.gub.uy\/staging1500\/sistemas-de-retencion-infantil\/\" \/>\n<meta property=\"og:site_name\" content=\"VUCE\" \/>\n<meta property=\"article:published_time\" content=\"2014-09-22T17:36:11+00:00\" \/>\n<meta property=\"og:image\" content=\"https:\/\/vuce.gub.uy\/staging1500\/wp-content\/uploads\/2014\/09\/1396050_84742640.jpg\" \/>\n\t<meta property=\"og:image:width\" content=\"2048\" \/>\n\t<meta property=\"og:image:height\" content=\"1375\" \/>\n\t<meta property=\"og:image:type\" content=\"image\/jpeg\" \/>\n<meta name=\"author\" content=\"vuce\" \/>\n<meta name=\"twitter:card\" content=\"summary_large_image\" \/>\n<meta name=\"twitter:label1\" content=\"Escrito por\" \/>\n\t<meta name=\"twitter:data1\" content=\"vuce\" \/>\n\t<meta name=\"twitter:label2\" content=\"Tiempo de lectura\" \/>\n\t<meta name=\"twitter:data2\" content=\"1 minuto\" \/>\n<script type=\"application\/ld+json\" class=\"yoast-schema-graph\">{\"@context\":\"https:\/\/schema.org\",\"@graph\":[{\"@type\":\"WebPage\",\"@id\":\"https:\/\/vuce.gub.uy\/staging1500\/sistemas-de-retencion-infantil\/\",\"url\":\"https:\/\/vuce.gub.uy\/staging1500\/sistemas-de-retencion-infantil\/\",\"name\":\"Sistemas de Retenci\u00f3n Infantil - VUCE\",\"isPartOf\":{\"@id\":\"https:\/\/vuce.gub.uy\/staging1500\/#website\"},\"datePublished\":\"2014-09-22T17:36:11+00:00\",\"dateModified\":\"2014-09-22T17:36:11+00:00\",\"author\":{\"@id\":\"https:\/\/vuce.gub.uy\/staging1500\/#\/schema\/person\/8328845af156cc1910f16419d63591a6\"},\"breadcrumb\":{\"@id\":\"https:\/\/vuce.gub.uy\/staging1500\/sistemas-de-retencion-infantil\/#breadcrumb\"},\"inLanguage\":\"es-AR\",\"potentialAction\":[{\"@type\":\"ReadAction\",\"target\":[\"https:\/\/vuce.gub.uy\/staging1500\/sistemas-de-retencion-infantil\/\"]}]},{\"@type\":\"BreadcrumbList\",\"@id\":\"https:\/\/vuce.gub.uy\/staging1500\/sistemas-de-retencion-infantil\/#breadcrumb\",\"itemListElement\":[{\"@type\":\"ListItem\",\"position\":1,\"name\":\"Inicio\",\"item\":\"https:\/\/vuce.gub.uy\/staging1500\/\"},{\"@type\":\"ListItem\",\"position\":2,\"name\":\"Sistemas de Retenci\u00f3n Infantil\"}]},{\"@type\":\"WebSite\",\"@id\":\"https:\/\/vuce.gub.uy\/staging1500\/#website\",\"url\":\"https:\/\/vuce.gub.uy\/staging1500\/\",\"name\":\"VUCE\",\"description\":\"\",\"potentialAction\":[{\"@type\":\"SearchAction\",\"target\":{\"@type\":\"EntryPoint\",\"urlTemplate\":\"https:\/\/vuce.gub.uy\/staging1500\/?s={search_term_string}\"},\"query-input\":\"required name=search_term_string\"}],\"inLanguage\":\"es-AR\"},{\"@type\":\"Person\",\"@id\":\"https:\/\/vuce.gub.uy\/staging1500\/#\/schema\/person\/8328845af156cc1910f16419d63591a6\",\"name\":\"vuce\",\"url\":\"https:\/\/vuce.gub.uy\/staging1500\/author\/vuce\/\"}]}<\/script>\n<!-- \/ Yoast SEO plugin. -->","yoast_head_json":{"title":"Sistemas de Retenci\u00f3n Infantil - VUCE","robots":{"index":"index","follow":"follow","max-snippet":"max-snippet:-1","max-image-preview":"max-image-preview:large","max-video-preview":"max-video-preview:-1"},"canonical":"https:\/\/vuce.gub.uy\/staging1500\/sistemas-de-retencion-infantil\/","og_locale":"es_ES","og_type":"article","og_title":"Sistemas de Retenci\u00f3n Infantil - VUCE","og_description":"A partir del 22 de setiembre se pone en marcha este nuevo proceso para la Importaci\u00f3n de SRI","og_url":"https:\/\/vuce.gub.uy\/staging1500\/sistemas-de-retencion-infantil\/","og_site_name":"VUCE","article_published_time":"2014-09-22T17:36:11+00:00","og_image":[{"width":2048,"height":1375,"url":"https:\/\/vuce.gub.uy\/staging1500\/wp-content\/uploads\/2014\/09\/1396050_84742640.jpg","type":"image\/jpeg"}],"author":"vuce","twitter_card":"summary_large_image","twitter_misc":{"Escrito por":"vuce","Tiempo de lectura":"1 minuto"},"schema":{"@context":"https:\/\/schema.org","@graph":[{"@type":"WebPage","@id":"https:\/\/vuce.gub.uy\/staging1500\/sistemas-de-retencion-infantil\/","url":"https:\/\/vuce.gub.uy\/staging1500\/sistemas-de-retencion-infantil\/","name":"Sistemas de Retenci\u00f3n Infantil - VUCE","isPartOf":{"@id":"https:\/\/vuce.gub.uy\/staging1500\/#website"},"datePublished":"2014-09-22T17:36:11+00:00","dateModified":"2014-09-22T17:36:11+00:00","author":{"@id":"https:\/\/vuce.gub.uy\/staging1500\/#\/schema\/person\/8328845af156cc1910f16419d63591a6"},"breadcrumb":{"@id":"https:\/\/vuce.gub.uy\/staging1500\/sistemas-de-retencion-infantil\/#breadcrumb"},"inLanguage":"es-AR","potentialAction":[{"@type":"ReadAction","target":["https:\/\/vuce.gub.uy\/staging1500\/sistemas-de-retencion-infantil\/"]}]},{"@type":"BreadcrumbList","@id":"https:\/\/vuce.gub.uy\/staging1500\/sistemas-de-retencion-infantil\/#breadcrumb","itemListElement":[{"@type":"ListItem","position":1,"name":"Inicio","item":"https:\/\/vuce.gub.uy\/staging1500\/"},{"@type":"ListItem","position":2,"name":"Sistemas de Retenci\u00f3n Infantil"}]},{"@type":"WebSite","@id":"https:\/\/vuce.gub.uy\/staging1500\/#website","url":"https:\/\/vuce.gub.uy\/staging1500\/","name":"VUCE","description":"","potentialAction":[{"@type":"SearchAction","target":{"@type":"EntryPoint","urlTemplate":"https:\/\/vuce.gub.uy\/staging1500\/?s={search_term_string}"},"query-input":"required name=search_term_string"}],"inLanguage":"es-AR"},{"@type":"Person","@id":"https:\/\/vuce.gub.uy\/staging1500\/#\/schema\/person\/8328845af156cc1910f16419d63591a6","name":"vuce","url":"https:\/\/vuce.gub.uy\/staging1500\/author\/vuce\/"}]}},"_links":{"self":[{"href":"https:\/\/vuce.gub.uy\/staging1500\/wp-json\/wp\/v2\/posts\/1648"}],"collection":[{"href":"https:\/\/vuce.gub.uy\/staging1500\/wp-json\/wp\/v2\/posts"}],"about":[{"href":"https:\/\/vuce.gub.uy\/staging1500\/wp-json\/wp\/v2\/types\/post"}],"author":[{"embeddable":true,"href":"https:\/\/vuce.gub.uy\/staging1500\/wp-json\/wp\/v2\/users\/1"}],"replies":[{"embeddable":true,"href":"https:\/\/vuce.gub.uy\/staging1500\/wp-json\/wp\/v2\/comments?post=1648"}],"version-history":[{"count":0,"href":"https:\/\/vuce.gub.uy\/staging1500\/wp-json\/wp\/v2\/posts\/1648\/revisions"}],"wp:featuredmedia":[{"embeddable":true,"href":"https:\/\/vuce.gub.uy\/staging1500\/wp-json\/wp\/v2\/media\/1649"}],"wp:attachment":[{"href":"https:\/\/vuce.gub.uy\/staging1500\/wp-json\/wp\/v2\/media?parent=1648"}],"wp:term":[{"taxonomy":"category","embeddable":true,"href":"https:\/\/vuce.gub.uy\/staging1500\/wp-json\/wp\/v2\/categories?post=1648"},{"taxonomy":"post_tag","embeddable":true,"href":"https:\/\/vuce.gub.uy\/staging1500\/wp-json\/wp\/v2\/tags?post=1648"}],"curies":[{"name":"wp","href":"https:\/\/api.w.org\/{rel}","templated":true}]}}