{"id":1696,"date":"2014-10-20T13:34:55","date_gmt":"2014-10-20T13:34:55","guid":{"rendered":"http:\/\/vuce.gub.uy\/staging1500\/?p=1696"},"modified":"2014-10-20T13:34:55","modified_gmt":"2014-10-20T13:34:55","slug":"importacion-de-acero-para-uso-estructural","status":"publish","type":"post","link":"https:\/\/vuce.gub.uy\/staging1500\/importacion-de-acero-para-uso-estructural\/","title":{"rendered":"Importaci\u00f3n de Acero para uso Estructural"},"content":{"rendered":"<p>A partir del 20 de octubre se cumple en implementar un\u00a0 nuevo proceso en la Ventanilla \u00danica de Comercio Exterior (VUCE) de acuerdo al Decreto Reglamentario 217\/014.<\/p>\n<p>Seg\u00fan el decreto, se deber\u00e1 obtener la autorizaci\u00f3n de la Direcci\u00f3n Nacional de Industrias (DNI) para la importaci\u00f3n de Acero para uso Estructural previo a la solicitud de canal del DUA; el tr\u00e1mite se realizar\u00e1 ante la DNI a trav\u00e9s del sistema VUCE quien transmitir\u00e1 la autorizaci\u00f3n a la Direcci\u00f3n Nacional de Aduanas en forma electr\u00f3nica y autom\u00e1tica.<\/p>\n<p>El 12 de setiembre a las 10:00 horas\u00a0 se realiz\u00f3 en la Sala Azul de la DNI la presentaci\u00f3n del tr\u00e1mite donde representantes de DNI y VUCE explicaron\u00a0 el nuevo proceso enmarcando esta actividad no s\u00f3lo en el plan de capacitaciones previsto para los usuarios, sino en las acciones que se propone VUCE como articulador de la comunidad de comercio exterior.<\/p>\n<p>Por m\u00e1s capacitaciones comunicarse a los tel\u00e9fonos 2916.68.78 o dirigirse a i<a href=\"mailto:Info@vuce.gub.uy\">nfo@vuce.gub.uy<\/a>.<\/p>\n","protected":false},"excerpt":{"rendered":"<p>A partir del 20 de octubre se cumple en implementar un\u00a0 [&hellip;]<\/p>\n","protected":false},"author":1,"featured_media":1698,"comment_status":"closed","ping_status":"open","sticky":false,"template":"","format":"standard","meta":{"footnotes":""},"categories":[3],"tags":[],"yoast_head":"<!-- This site is optimized with the Yoast SEO plugin v21.5 - https:\/\/yoast.com\/wordpress\/plugins\/seo\/ -->\n<title>Importaci\u00f3n de Acero para uso Estructural - VUCE<\/title>\n<meta name=\"robots\" content=\"index, follow, max-snippet:-1, max-image-preview:large, max-video-preview:-1\" \/>\n<link rel=\"canonical\" href=\"https:\/\/vuce.gub.uy\/staging1500\/importacion-de-acero-para-uso-estructural\/\" \/>\n<meta property=\"og:locale\" content=\"es_ES\" \/>\n<meta property=\"og:type\" content=\"article\" \/>\n<meta property=\"og:title\" content=\"Importaci\u00f3n de Acero para uso Estructural - VUCE\" \/>\n<meta property=\"og:description\" content=\"A partir del 20 de octubre se cumple en implementar un\u00a0 [&hellip;]\" \/>\n<meta property=\"og:url\" content=\"https:\/\/vuce.gub.uy\/staging1500\/importacion-de-acero-para-uso-estructural\/\" \/>\n<meta property=\"og:site_name\" content=\"VUCE\" \/>\n<meta property=\"article:published_time\" content=\"2014-10-20T13:34:55+00:00\" \/>\n<meta property=\"og:image\" content=\"https:\/\/vuce.gub.uy\/staging1500\/wp-content\/uploads\/2014\/10\/acero.jpg\" \/>\n\t<meta property=\"og:image:width\" content=\"1300\" \/>\n\t<meta property=\"og:image:height\" content=\"866\" \/>\n\t<meta property=\"og:image:type\" content=\"image\/jpeg\" \/>\n<meta name=\"author\" content=\"vuce\" \/>\n<meta name=\"twitter:card\" content=\"summary_large_image\" \/>\n<meta name=\"twitter:label1\" content=\"Escrito por\" \/>\n\t<meta name=\"twitter:data1\" content=\"vuce\" \/>\n\t<meta name=\"twitter:label2\" content=\"Tiempo de lectura\" \/>\n\t<meta name=\"twitter:data2\" content=\"1 minuto\" \/>\n<script type=\"application\/ld+json\" class=\"yoast-schema-graph\">{\"@context\":\"https:\/\/schema.org\",\"@graph\":[{\"@type\":\"WebPage\",\"@id\":\"https:\/\/vuce.gub.uy\/staging1500\/importacion-de-acero-para-uso-estructural\/\",\"url\":\"https:\/\/vuce.gub.uy\/staging1500\/importacion-de-acero-para-uso-estructural\/\",\"name\":\"Importaci\u00f3n de Acero para uso Estructural - VUCE\",\"isPartOf\":{\"@id\":\"https:\/\/vuce.gub.uy\/staging1500\/#website\"},\"datePublished\":\"2014-10-20T13:34:55+00:00\",\"dateModified\":\"2014-10-20T13:34:55+00:00\",\"author\":{\"@id\":\"https:\/\/vuce.gub.uy\/staging1500\/#\/schema\/person\/8328845af156cc1910f16419d63591a6\"},\"breadcrumb\":{\"@id\":\"https:\/\/vuce.gub.uy\/staging1500\/importacion-de-acero-para-uso-estructural\/#breadcrumb\"},\"inLanguage\":\"es-AR\",\"potentialAction\":[{\"@type\":\"ReadAction\",\"target\":[\"https:\/\/vuce.gub.uy\/staging1500\/importacion-de-acero-para-uso-estructural\/\"]}]},{\"@type\":\"BreadcrumbList\",\"@id\":\"https:\/\/vuce.gub.uy\/staging1500\/importacion-de-acero-para-uso-estructural\/#breadcrumb\",\"itemListElement\":[{\"@type\":\"ListItem\",\"position\":1,\"name\":\"Inicio\",\"item\":\"https:\/\/vuce.gub.uy\/staging1500\/\"},{\"@type\":\"ListItem\",\"position\":2,\"name\":\"Importaci\u00f3n de Acero para uso Estructural\"}]},{\"@type\":\"WebSite\",\"@id\":\"https:\/\/vuce.gub.uy\/staging1500\/#website\",\"url\":\"https:\/\/vuce.gub.uy\/staging1500\/\",\"name\":\"VUCE\",\"description\":\"\",\"potentialAction\":[{\"@type\":\"SearchAction\",\"target\":{\"@type\":\"EntryPoint\",\"urlTemplate\":\"https:\/\/vuce.gub.uy\/staging1500\/?s={search_term_string}\"},\"query-input\":\"required name=search_term_string\"}],\"inLanguage\":\"es-AR\"},{\"@type\":\"Person\",\"@id\":\"https:\/\/vuce.gub.uy\/staging1500\/#\/schema\/person\/8328845af156cc1910f16419d63591a6\",\"name\":\"vuce\",\"url\":\"https:\/\/vuce.gub.uy\/staging1500\/author\/vuce\/\"}]}<\/script>\n<!-- \/ Yoast SEO plugin. -->","yoast_head_json":{"title":"Importaci\u00f3n de Acero para uso Estructural - VUCE","robots":{"index":"index","follow":"follow","max-snippet":"max-snippet:-1","max-image-preview":"max-image-preview:large","max-video-preview":"max-video-preview:-1"},"canonical":"https:\/\/vuce.gub.uy\/staging1500\/importacion-de-acero-para-uso-estructural\/","og_locale":"es_ES","og_type":"article","og_title":"Importaci\u00f3n de Acero para uso Estructural - VUCE","og_description":"A partir del 20 de octubre se cumple en implementar un\u00a0 [&hellip;]","og_url":"https:\/\/vuce.gub.uy\/staging1500\/importacion-de-acero-para-uso-estructural\/","og_site_name":"VUCE","article_published_time":"2014-10-20T13:34:55+00:00","og_image":[{"width":1300,"height":866,"url":"https:\/\/vuce.gub.uy\/staging1500\/wp-content\/uploads\/2014\/10\/acero.jpg","type":"image\/jpeg"}],"author":"vuce","twitter_card":"summary_large_image","twitter_misc":{"Escrito por":"vuce","Tiempo de lectura":"1 minuto"},"schema":{"@context":"https:\/\/schema.org","@graph":[{"@type":"WebPage","@id":"https:\/\/vuce.gub.uy\/staging1500\/importacion-de-acero-para-uso-estructural\/","url":"https:\/\/vuce.gub.uy\/staging1500\/importacion-de-acero-para-uso-estructural\/","name":"Importaci\u00f3n de Acero para uso Estructural - VUCE","isPartOf":{"@id":"https:\/\/vuce.gub.uy\/staging1500\/#website"},"datePublished":"2014-10-20T13:34:55+00:00","dateModified":"2014-10-20T13:34:55+00:00","author":{"@id":"https:\/\/vuce.gub.uy\/staging1500\/#\/schema\/person\/8328845af156cc1910f16419d63591a6"},"breadcrumb":{"@id":"https:\/\/vuce.gub.uy\/staging1500\/importacion-de-acero-para-uso-estructural\/#breadcrumb"},"inLanguage":"es-AR","potentialAction":[{"@type":"ReadAction","target":["https:\/\/vuce.gub.uy\/staging1500\/importacion-de-acero-para-uso-estructural\/"]}]},{"@type":"BreadcrumbList","@id":"https:\/\/vuce.gub.uy\/staging1500\/importacion-de-acero-para-uso-estructural\/#breadcrumb","itemListElement":[{"@type":"ListItem","position":1,"name":"Inicio","item":"https:\/\/vuce.gub.uy\/staging1500\/"},{"@type":"ListItem","position":2,"name":"Importaci\u00f3n de Acero para uso Estructural"}]},{"@type":"WebSite","@id":"https:\/\/vuce.gub.uy\/staging1500\/#website","url":"https:\/\/vuce.gub.uy\/staging1500\/","name":"VUCE","description":"","potentialAction":[{"@type":"SearchAction","target":{"@type":"EntryPoint","urlTemplate":"https:\/\/vuce.gub.uy\/staging1500\/?s={search_term_string}"},"query-input":"required name=search_term_string"}],"inLanguage":"es-AR"},{"@type":"Person","@id":"https:\/\/vuce.gub.uy\/staging1500\/#\/schema\/person\/8328845af156cc1910f16419d63591a6","name":"vuce","url":"https:\/\/vuce.gub.uy\/staging1500\/author\/vuce\/"}]}},"_links":{"self":[{"href":"https:\/\/vuce.gub.uy\/staging1500\/wp-json\/wp\/v2\/posts\/1696"}],"collection":[{"href":"https:\/\/vuce.gub.uy\/staging1500\/wp-json\/wp\/v2\/posts"}],"about":[{"href":"https:\/\/vuce.gub.uy\/staging1500\/wp-json\/wp\/v2\/types\/post"}],"author":[{"embeddable":true,"href":"https:\/\/vuce.gub.uy\/staging1500\/wp-json\/wp\/v2\/users\/1"}],"replies":[{"embeddable":true,"href":"https:\/\/vuce.gub.uy\/staging1500\/wp-json\/wp\/v2\/comments?post=1696"}],"version-history":[{"count":0,"href":"https:\/\/vuce.gub.uy\/staging1500\/wp-json\/wp\/v2\/posts\/1696\/revisions"}],"wp:featuredmedia":[{"embeddable":true,"href":"https:\/\/vuce.gub.uy\/staging1500\/wp-json\/wp\/v2\/media\/1698"}],"wp:attachment":[{"href":"https:\/\/vuce.gub.uy\/staging1500\/wp-json\/wp\/v2\/media?parent=1696"}],"wp:term":[{"taxonomy":"category","embeddable":true,"href":"https:\/\/vuce.gub.uy\/staging1500\/wp-json\/wp\/v2\/categories?post=1696"},{"taxonomy":"post_tag","embeddable":true,"href":"https:\/\/vuce.gub.uy\/staging1500\/wp-json\/wp\/v2\/tags?post=1696"}],"curies":[{"name":"wp","href":"https:\/\/api.w.org\/{rel}","templated":true}]}}