{"id":1723,"date":"2014-11-07T16:37:24","date_gmt":"2014-11-07T16:37:24","guid":{"rendered":"http:\/\/vuce.gub.uy\/staging1500\/?p=1723"},"modified":"2014-11-07T16:37:24","modified_gmt":"2014-11-07T16:37:24","slug":"el-encuentro-2015-sera-realizado-en-uruguay","status":"publish","type":"post","link":"https:\/\/vuce.gub.uy\/staging1500\/el-encuentro-2015-sera-realizado-en-uruguay\/","title":{"rendered":"El Encuentro 2015 ser\u00e1 realizado en Uruguay"},"content":{"rendered":"<p>Los d\u00edas 30 y 31 de octubre 2014, tuvo lugar el VI Encuentro de Ventanillas \u00danicas de Comercio Exterior, en la ciudad de Puerto Espa\u00f1a, Trinidad y Tobago.<\/p>\n<p>Organizado en forma conjunta por el Sistema Econ\u00f3mico Latinoamericano y del Caribe (SELA) y el Ministerio de Comercio, Industria, Inversi\u00f3n y Comunicaciones de Trinidad y Tobago, bajo el lema: \u201clas VUCE y su integraci\u00f3n con diferentes eslabones de la cadena internacional de suministro\u201d.<\/p>\n<p>El evento cont\u00f3 con la participaci\u00f3n autoridades y t\u00e9cnicos de m\u00faltiples pa\u00edses de Am\u00e9rica Latina y el Caribe, as\u00ed como expertos de organismos internacionales y consultores.<\/p>\n<p>En esta oportunidad el equipo de Ventanilla \u00danica de Comercio Exterior de Uruguay realiz\u00f3 una presentaci\u00f3n sobre los avances y las experiencias de la puesta en producci\u00f3n de la plataforma.<\/p>\n<p>Durante el evento se inform\u00f3 tambi\u00e9n que el pr\u00f3ximo encuentro (correspondiente a la 7\u00ba edici\u00f3n) ser\u00e1 realizado en Uruguay.<\/p>\n","protected":false},"excerpt":{"rendered":"<p>Los d\u00edas 30 y 31 de octubre 2014, tuvo lugar el [&hellip;]<\/p>\n","protected":false},"author":1,"featured_media":1724,"comment_status":"closed","ping_status":"open","sticky":false,"template":"","format":"standard","meta":{"footnotes":""},"categories":[3],"tags":[],"yoast_head":"<!-- This site is optimized with the Yoast SEO plugin v21.5 - https:\/\/yoast.com\/wordpress\/plugins\/seo\/ -->\n<title>El Encuentro 2015 ser\u00e1 realizado en Uruguay - VUCE<\/title>\n<meta name=\"robots\" content=\"index, follow, max-snippet:-1, max-image-preview:large, max-video-preview:-1\" \/>\n<link rel=\"canonical\" href=\"https:\/\/vuce.gub.uy\/staging1500\/el-encuentro-2015-sera-realizado-en-uruguay\/\" \/>\n<meta property=\"og:locale\" content=\"es_ES\" \/>\n<meta property=\"og:type\" content=\"article\" \/>\n<meta property=\"og:title\" content=\"El Encuentro 2015 ser\u00e1 realizado en Uruguay - VUCE\" \/>\n<meta property=\"og:description\" content=\"Los d\u00edas 30 y 31 de octubre 2014, tuvo lugar el [&hellip;]\" \/>\n<meta property=\"og:url\" content=\"https:\/\/vuce.gub.uy\/staging1500\/el-encuentro-2015-sera-realizado-en-uruguay\/\" \/>\n<meta property=\"og:site_name\" content=\"VUCE\" \/>\n<meta property=\"article:published_time\" content=\"2014-11-07T16:37:24+00:00\" \/>\n<meta property=\"og:image\" content=\"https:\/\/vuce.gub.uy\/staging1500\/wp-content\/uploads\/2014\/11\/SVL6136.jpg\" \/>\n\t<meta property=\"og:image:width\" content=\"994\" \/>\n\t<meta property=\"og:image:height\" content=\"768\" \/>\n\t<meta property=\"og:image:type\" content=\"image\/jpeg\" \/>\n<meta name=\"author\" content=\"vuce\" \/>\n<meta name=\"twitter:card\" content=\"summary_large_image\" \/>\n<meta name=\"twitter:label1\" content=\"Escrito por\" \/>\n\t<meta name=\"twitter:data1\" content=\"vuce\" \/>\n\t<meta name=\"twitter:label2\" content=\"Tiempo de lectura\" \/>\n\t<meta name=\"twitter:data2\" content=\"1 minuto\" \/>\n<script type=\"application\/ld+json\" class=\"yoast-schema-graph\">{\"@context\":\"https:\/\/schema.org\",\"@graph\":[{\"@type\":\"WebPage\",\"@id\":\"https:\/\/vuce.gub.uy\/staging1500\/el-encuentro-2015-sera-realizado-en-uruguay\/\",\"url\":\"https:\/\/vuce.gub.uy\/staging1500\/el-encuentro-2015-sera-realizado-en-uruguay\/\",\"name\":\"El Encuentro 2015 ser\u00e1 realizado en Uruguay - VUCE\",\"isPartOf\":{\"@id\":\"https:\/\/vuce.gub.uy\/staging1500\/#website\"},\"datePublished\":\"2014-11-07T16:37:24+00:00\",\"dateModified\":\"2014-11-07T16:37:24+00:00\",\"author\":{\"@id\":\"https:\/\/vuce.gub.uy\/staging1500\/#\/schema\/person\/8328845af156cc1910f16419d63591a6\"},\"breadcrumb\":{\"@id\":\"https:\/\/vuce.gub.uy\/staging1500\/el-encuentro-2015-sera-realizado-en-uruguay\/#breadcrumb\"},\"inLanguage\":\"es-AR\",\"potentialAction\":[{\"@type\":\"ReadAction\",\"target\":[\"https:\/\/vuce.gub.uy\/staging1500\/el-encuentro-2015-sera-realizado-en-uruguay\/\"]}]},{\"@type\":\"BreadcrumbList\",\"@id\":\"https:\/\/vuce.gub.uy\/staging1500\/el-encuentro-2015-sera-realizado-en-uruguay\/#breadcrumb\",\"itemListElement\":[{\"@type\":\"ListItem\",\"position\":1,\"name\":\"Inicio\",\"item\":\"https:\/\/vuce.gub.uy\/staging1500\/\"},{\"@type\":\"ListItem\",\"position\":2,\"name\":\"El Encuentro 2015 ser\u00e1 realizado en Uruguay\"}]},{\"@type\":\"WebSite\",\"@id\":\"https:\/\/vuce.gub.uy\/staging1500\/#website\",\"url\":\"https:\/\/vuce.gub.uy\/staging1500\/\",\"name\":\"VUCE\",\"description\":\"\",\"potentialAction\":[{\"@type\":\"SearchAction\",\"target\":{\"@type\":\"EntryPoint\",\"urlTemplate\":\"https:\/\/vuce.gub.uy\/staging1500\/?s={search_term_string}\"},\"query-input\":\"required name=search_term_string\"}],\"inLanguage\":\"es-AR\"},{\"@type\":\"Person\",\"@id\":\"https:\/\/vuce.gub.uy\/staging1500\/#\/schema\/person\/8328845af156cc1910f16419d63591a6\",\"name\":\"vuce\",\"url\":\"https:\/\/vuce.gub.uy\/staging1500\/author\/vuce\/\"}]}<\/script>\n<!-- \/ Yoast SEO plugin. -->","yoast_head_json":{"title":"El Encuentro 2015 ser\u00e1 realizado en Uruguay - VUCE","robots":{"index":"index","follow":"follow","max-snippet":"max-snippet:-1","max-image-preview":"max-image-preview:large","max-video-preview":"max-video-preview:-1"},"canonical":"https:\/\/vuce.gub.uy\/staging1500\/el-encuentro-2015-sera-realizado-en-uruguay\/","og_locale":"es_ES","og_type":"article","og_title":"El Encuentro 2015 ser\u00e1 realizado en Uruguay - VUCE","og_description":"Los d\u00edas 30 y 31 de octubre 2014, tuvo lugar el [&hellip;]","og_url":"https:\/\/vuce.gub.uy\/staging1500\/el-encuentro-2015-sera-realizado-en-uruguay\/","og_site_name":"VUCE","article_published_time":"2014-11-07T16:37:24+00:00","og_image":[{"width":994,"height":768,"url":"https:\/\/vuce.gub.uy\/staging1500\/wp-content\/uploads\/2014\/11\/SVL6136.jpg","type":"image\/jpeg"}],"author":"vuce","twitter_card":"summary_large_image","twitter_misc":{"Escrito por":"vuce","Tiempo de lectura":"1 minuto"},"schema":{"@context":"https:\/\/schema.org","@graph":[{"@type":"WebPage","@id":"https:\/\/vuce.gub.uy\/staging1500\/el-encuentro-2015-sera-realizado-en-uruguay\/","url":"https:\/\/vuce.gub.uy\/staging1500\/el-encuentro-2015-sera-realizado-en-uruguay\/","name":"El Encuentro 2015 ser\u00e1 realizado en Uruguay - VUCE","isPartOf":{"@id":"https:\/\/vuce.gub.uy\/staging1500\/#website"},"datePublished":"2014-11-07T16:37:24+00:00","dateModified":"2014-11-07T16:37:24+00:00","author":{"@id":"https:\/\/vuce.gub.uy\/staging1500\/#\/schema\/person\/8328845af156cc1910f16419d63591a6"},"breadcrumb":{"@id":"https:\/\/vuce.gub.uy\/staging1500\/el-encuentro-2015-sera-realizado-en-uruguay\/#breadcrumb"},"inLanguage":"es-AR","potentialAction":[{"@type":"ReadAction","target":["https:\/\/vuce.gub.uy\/staging1500\/el-encuentro-2015-sera-realizado-en-uruguay\/"]}]},{"@type":"BreadcrumbList","@id":"https:\/\/vuce.gub.uy\/staging1500\/el-encuentro-2015-sera-realizado-en-uruguay\/#breadcrumb","itemListElement":[{"@type":"ListItem","position":1,"name":"Inicio","item":"https:\/\/vuce.gub.uy\/staging1500\/"},{"@type":"ListItem","position":2,"name":"El Encuentro 2015 ser\u00e1 realizado en Uruguay"}]},{"@type":"WebSite","@id":"https:\/\/vuce.gub.uy\/staging1500\/#website","url":"https:\/\/vuce.gub.uy\/staging1500\/","name":"VUCE","description":"","potentialAction":[{"@type":"SearchAction","target":{"@type":"EntryPoint","urlTemplate":"https:\/\/vuce.gub.uy\/staging1500\/?s={search_term_string}"},"query-input":"required name=search_term_string"}],"inLanguage":"es-AR"},{"@type":"Person","@id":"https:\/\/vuce.gub.uy\/staging1500\/#\/schema\/person\/8328845af156cc1910f16419d63591a6","name":"vuce","url":"https:\/\/vuce.gub.uy\/staging1500\/author\/vuce\/"}]}},"_links":{"self":[{"href":"https:\/\/vuce.gub.uy\/staging1500\/wp-json\/wp\/v2\/posts\/1723"}],"collection":[{"href":"https:\/\/vuce.gub.uy\/staging1500\/wp-json\/wp\/v2\/posts"}],"about":[{"href":"https:\/\/vuce.gub.uy\/staging1500\/wp-json\/wp\/v2\/types\/post"}],"author":[{"embeddable":true,"href":"https:\/\/vuce.gub.uy\/staging1500\/wp-json\/wp\/v2\/users\/1"}],"replies":[{"embeddable":true,"href":"https:\/\/vuce.gub.uy\/staging1500\/wp-json\/wp\/v2\/comments?post=1723"}],"version-history":[{"count":0,"href":"https:\/\/vuce.gub.uy\/staging1500\/wp-json\/wp\/v2\/posts\/1723\/revisions"}],"wp:featuredmedia":[{"embeddable":true,"href":"https:\/\/vuce.gub.uy\/staging1500\/wp-json\/wp\/v2\/media\/1724"}],"wp:attachment":[{"href":"https:\/\/vuce.gub.uy\/staging1500\/wp-json\/wp\/v2\/media?parent=1723"}],"wp:term":[{"taxonomy":"category","embeddable":true,"href":"https:\/\/vuce.gub.uy\/staging1500\/wp-json\/wp\/v2\/categories?post=1723"},{"taxonomy":"post_tag","embeddable":true,"href":"https:\/\/vuce.gub.uy\/staging1500\/wp-json\/wp\/v2\/tags?post=1723"}],"curies":[{"name":"wp","href":"https:\/\/api.w.org\/{rel}","templated":true}]}}