{"id":1780,"date":"2014-12-05T16:15:46","date_gmt":"2014-12-05T16:15:46","guid":{"rendered":"http:\/\/vuce.gub.uy\/staging1500\/?p=1780"},"modified":"2014-12-05T16:15:46","modified_gmt":"2014-12-05T16:15:46","slug":"vi-reunion-de-la-red-de-vuces","status":"publish","type":"post","link":"https:\/\/vuce.gub.uy\/staging1500\/vi-reunion-de-la-red-de-vuces\/","title":{"rendered":"VI Reuni\u00f3n de la Red de VUCEs"},"content":{"rendered":"<p>Los d\u00edas 4 y 5 de diciembre se llev\u00f3 a cabo la VI reuni\u00f3n de la Red Interamericana de Ventanillas \u00danicas de Comercio Exterior, organizada por el Ministerio de Comercio Exterior y Turismo de Per\u00fa y el Banco Interamericano de Desarrollo.<\/p>\n<p>El encuentro busc\u00f3 continuar intercambiando experiencias y buenas pr\u00e1cticas sobre el dise\u00f1o y la implementaci\u00f3n de VUCEs, as\u00ed como identificar acciones que permiten realizar progresos en la interoperabilidad. En esta reuni\u00f3n en particular, se trabaj\u00f3 sobre indicadores espec\u00edficos que permitan medir el avance e impacto de proyectos de VUCEs.<\/p>\n<p>Durante la primera jornada, representantes del equipo de VUCE Uruguay compartieron experiencias sobre la puesta en funcionamiento de la plataforma y las principales lecciones aprendidas del proyecto.<\/p>\n<p>&nbsp;<\/p>\n","protected":false},"excerpt":{"rendered":"<p>Se llev\u00f3 a cabo en la ciudad de Cusco organizada por el Ministerio de Comercio Exterior y Turismo de Per\u00fa y el BID.<\/p>\n","protected":false},"author":1,"featured_media":1779,"comment_status":"closed","ping_status":"open","sticky":false,"template":"","format":"standard","meta":{"footnotes":""},"categories":[3],"tags":[],"yoast_head":"<!-- This site is optimized with the Yoast SEO plugin v21.5 - https:\/\/yoast.com\/wordpress\/plugins\/seo\/ -->\n<title>VI Reuni\u00f3n de la Red de VUCEs - VUCE<\/title>\n<meta name=\"robots\" content=\"index, follow, max-snippet:-1, max-image-preview:large, max-video-preview:-1\" \/>\n<link rel=\"canonical\" href=\"https:\/\/vuce.gub.uy\/staging1500\/vi-reunion-de-la-red-de-vuces\/\" \/>\n<meta property=\"og:locale\" content=\"es_ES\" \/>\n<meta property=\"og:type\" content=\"article\" \/>\n<meta property=\"og:title\" content=\"VI Reuni\u00f3n de la Red de VUCEs - VUCE\" \/>\n<meta property=\"og:description\" content=\"Se llev\u00f3 a cabo en la ciudad de Cusco organizada por el Ministerio de Comercio Exterior y Turismo de Per\u00fa y el BID.\" \/>\n<meta property=\"og:url\" content=\"https:\/\/vuce.gub.uy\/staging1500\/vi-reunion-de-la-red-de-vuces\/\" \/>\n<meta property=\"og:site_name\" content=\"VUCE\" \/>\n<meta property=\"article:published_time\" content=\"2014-12-05T16:15:46+00:00\" \/>\n<meta property=\"og:image\" content=\"https:\/\/vuce.gub.uy\/staging1500\/wp-content\/uploads\/2014\/12\/PeruVuce.jpg\" \/>\n\t<meta property=\"og:image:width\" content=\"1024\" \/>\n\t<meta property=\"og:image:height\" content=\"768\" \/>\n\t<meta property=\"og:image:type\" content=\"image\/jpeg\" \/>\n<meta name=\"author\" content=\"vuce\" \/>\n<meta name=\"twitter:card\" content=\"summary_large_image\" \/>\n<meta name=\"twitter:label1\" content=\"Escrito por\" \/>\n\t<meta name=\"twitter:data1\" content=\"vuce\" \/>\n\t<meta name=\"twitter:label2\" content=\"Tiempo de lectura\" \/>\n\t<meta name=\"twitter:data2\" content=\"1 minuto\" \/>\n<script type=\"application\/ld+json\" class=\"yoast-schema-graph\">{\"@context\":\"https:\/\/schema.org\",\"@graph\":[{\"@type\":\"WebPage\",\"@id\":\"https:\/\/vuce.gub.uy\/staging1500\/vi-reunion-de-la-red-de-vuces\/\",\"url\":\"https:\/\/vuce.gub.uy\/staging1500\/vi-reunion-de-la-red-de-vuces\/\",\"name\":\"VI Reuni\u00f3n de la Red de VUCEs - VUCE\",\"isPartOf\":{\"@id\":\"https:\/\/vuce.gub.uy\/staging1500\/#website\"},\"datePublished\":\"2014-12-05T16:15:46+00:00\",\"dateModified\":\"2014-12-05T16:15:46+00:00\",\"author\":{\"@id\":\"https:\/\/vuce.gub.uy\/staging1500\/#\/schema\/person\/8328845af156cc1910f16419d63591a6\"},\"breadcrumb\":{\"@id\":\"https:\/\/vuce.gub.uy\/staging1500\/vi-reunion-de-la-red-de-vuces\/#breadcrumb\"},\"inLanguage\":\"es-AR\",\"potentialAction\":[{\"@type\":\"ReadAction\",\"target\":[\"https:\/\/vuce.gub.uy\/staging1500\/vi-reunion-de-la-red-de-vuces\/\"]}]},{\"@type\":\"BreadcrumbList\",\"@id\":\"https:\/\/vuce.gub.uy\/staging1500\/vi-reunion-de-la-red-de-vuces\/#breadcrumb\",\"itemListElement\":[{\"@type\":\"ListItem\",\"position\":1,\"name\":\"Inicio\",\"item\":\"https:\/\/vuce.gub.uy\/staging1500\/\"},{\"@type\":\"ListItem\",\"position\":2,\"name\":\"VI Reuni\u00f3n de la Red de VUCEs\"}]},{\"@type\":\"WebSite\",\"@id\":\"https:\/\/vuce.gub.uy\/staging1500\/#website\",\"url\":\"https:\/\/vuce.gub.uy\/staging1500\/\",\"name\":\"VUCE\",\"description\":\"\",\"potentialAction\":[{\"@type\":\"SearchAction\",\"target\":{\"@type\":\"EntryPoint\",\"urlTemplate\":\"https:\/\/vuce.gub.uy\/staging1500\/?s={search_term_string}\"},\"query-input\":\"required name=search_term_string\"}],\"inLanguage\":\"es-AR\"},{\"@type\":\"Person\",\"@id\":\"https:\/\/vuce.gub.uy\/staging1500\/#\/schema\/person\/8328845af156cc1910f16419d63591a6\",\"name\":\"vuce\",\"url\":\"https:\/\/vuce.gub.uy\/staging1500\/author\/vuce\/\"}]}<\/script>\n<!-- \/ Yoast SEO plugin. -->","yoast_head_json":{"title":"VI Reuni\u00f3n de la Red de VUCEs - VUCE","robots":{"index":"index","follow":"follow","max-snippet":"max-snippet:-1","max-image-preview":"max-image-preview:large","max-video-preview":"max-video-preview:-1"},"canonical":"https:\/\/vuce.gub.uy\/staging1500\/vi-reunion-de-la-red-de-vuces\/","og_locale":"es_ES","og_type":"article","og_title":"VI Reuni\u00f3n de la Red de VUCEs - VUCE","og_description":"Se llev\u00f3 a cabo en la ciudad de Cusco organizada por el Ministerio de Comercio Exterior y Turismo de Per\u00fa y el BID.","og_url":"https:\/\/vuce.gub.uy\/staging1500\/vi-reunion-de-la-red-de-vuces\/","og_site_name":"VUCE","article_published_time":"2014-12-05T16:15:46+00:00","og_image":[{"width":1024,"height":768,"url":"https:\/\/vuce.gub.uy\/staging1500\/wp-content\/uploads\/2014\/12\/PeruVuce.jpg","type":"image\/jpeg"}],"author":"vuce","twitter_card":"summary_large_image","twitter_misc":{"Escrito por":"vuce","Tiempo de lectura":"1 minuto"},"schema":{"@context":"https:\/\/schema.org","@graph":[{"@type":"WebPage","@id":"https:\/\/vuce.gub.uy\/staging1500\/vi-reunion-de-la-red-de-vuces\/","url":"https:\/\/vuce.gub.uy\/staging1500\/vi-reunion-de-la-red-de-vuces\/","name":"VI Reuni\u00f3n de la Red de VUCEs - VUCE","isPartOf":{"@id":"https:\/\/vuce.gub.uy\/staging1500\/#website"},"datePublished":"2014-12-05T16:15:46+00:00","dateModified":"2014-12-05T16:15:46+00:00","author":{"@id":"https:\/\/vuce.gub.uy\/staging1500\/#\/schema\/person\/8328845af156cc1910f16419d63591a6"},"breadcrumb":{"@id":"https:\/\/vuce.gub.uy\/staging1500\/vi-reunion-de-la-red-de-vuces\/#breadcrumb"},"inLanguage":"es-AR","potentialAction":[{"@type":"ReadAction","target":["https:\/\/vuce.gub.uy\/staging1500\/vi-reunion-de-la-red-de-vuces\/"]}]},{"@type":"BreadcrumbList","@id":"https:\/\/vuce.gub.uy\/staging1500\/vi-reunion-de-la-red-de-vuces\/#breadcrumb","itemListElement":[{"@type":"ListItem","position":1,"name":"Inicio","item":"https:\/\/vuce.gub.uy\/staging1500\/"},{"@type":"ListItem","position":2,"name":"VI Reuni\u00f3n de la Red de VUCEs"}]},{"@type":"WebSite","@id":"https:\/\/vuce.gub.uy\/staging1500\/#website","url":"https:\/\/vuce.gub.uy\/staging1500\/","name":"VUCE","description":"","potentialAction":[{"@type":"SearchAction","target":{"@type":"EntryPoint","urlTemplate":"https:\/\/vuce.gub.uy\/staging1500\/?s={search_term_string}"},"query-input":"required name=search_term_string"}],"inLanguage":"es-AR"},{"@type":"Person","@id":"https:\/\/vuce.gub.uy\/staging1500\/#\/schema\/person\/8328845af156cc1910f16419d63591a6","name":"vuce","url":"https:\/\/vuce.gub.uy\/staging1500\/author\/vuce\/"}]}},"_links":{"self":[{"href":"https:\/\/vuce.gub.uy\/staging1500\/wp-json\/wp\/v2\/posts\/1780"}],"collection":[{"href":"https:\/\/vuce.gub.uy\/staging1500\/wp-json\/wp\/v2\/posts"}],"about":[{"href":"https:\/\/vuce.gub.uy\/staging1500\/wp-json\/wp\/v2\/types\/post"}],"author":[{"embeddable":true,"href":"https:\/\/vuce.gub.uy\/staging1500\/wp-json\/wp\/v2\/users\/1"}],"replies":[{"embeddable":true,"href":"https:\/\/vuce.gub.uy\/staging1500\/wp-json\/wp\/v2\/comments?post=1780"}],"version-history":[{"count":0,"href":"https:\/\/vuce.gub.uy\/staging1500\/wp-json\/wp\/v2\/posts\/1780\/revisions"}],"wp:featuredmedia":[{"embeddable":true,"href":"https:\/\/vuce.gub.uy\/staging1500\/wp-json\/wp\/v2\/media\/1779"}],"wp:attachment":[{"href":"https:\/\/vuce.gub.uy\/staging1500\/wp-json\/wp\/v2\/media?parent=1780"}],"wp:term":[{"taxonomy":"category","embeddable":true,"href":"https:\/\/vuce.gub.uy\/staging1500\/wp-json\/wp\/v2\/categories?post=1780"},{"taxonomy":"post_tag","embeddable":true,"href":"https:\/\/vuce.gub.uy\/staging1500\/wp-json\/wp\/v2\/tags?post=1780"}],"curies":[{"name":"wp","href":"https:\/\/api.w.org\/{rel}","templated":true}]}}