{"id":1866,"date":"2015-02-19T14:08:48","date_gmt":"2015-02-19T14:08:48","guid":{"rendered":"http:\/\/vuce.gub.uy\/staging1500\/?p=1866"},"modified":"2015-02-19T14:08:48","modified_gmt":"2015-02-19T14:08:48","slug":"equipos-y-materiales-radioactivos","status":"publish","type":"post","link":"https:\/\/vuce.gub.uy\/staging1500\/equipos-y-materiales-radioactivos\/","title":{"rendered":"Equipos y Materiales Radioactivos"},"content":{"rendered":"<p>El 25\/02\/2015 se realizar\u00e1 el lanzamiento de los procesos de Importaci\u00f3n de Equipos y Materiales Radioactivos, con la participaci\u00f3n de autoridades de la Agencia de Gobierno Electr\u00f3nico (AGESIC), Autoridad Reguladora Nacional en Radioprotecci\u00f3n (ARNR) y VUCE. Hasta el momento se estuvieron realizando pruebas para asegurar el correcto funcionamento de los sistemas y en los primeros d\u00edas de marzo se habilitar\u00e1 el tr\u00e1mite a trav\u00e9s de VUCE.<\/p>\n<p>El evento se realizar\u00e1 el 25\/02\/2015 a las 10.00 en la Asociaci\u00f3n de Despachantes de Aduanas.<\/p>\n<p><a href=\"http:\/\/vuce.gub.uy\/staging1500\/wp-content\/uploads\/2015\/02\/Invitacion_ARNR_25_02_15.jpg\"><img decoding=\"async\" class=\"aligncenter size-large wp-image-1864\" alt=\"Invitacion_ARNR_25_02_15\" src=\"http:\/\/vuce.gub.uy\/staging1500\/wp-content\/uploads\/2015\/02\/Invitacion_ARNR_25_02_15-1024x590.jpg\" width=\"980\" height=\"564\" \/><\/a><\/p>\n","protected":false},"excerpt":{"rendered":"<p>El 25\/02\/2015 tendr\u00e1 lugar el lanzamiento de los procesos de Importaci\u00f3n de Equipos y Materiales Radioactivos.<\/p>\n","protected":false},"author":1,"featured_media":1864,"comment_status":"closed","ping_status":"open","sticky":false,"template":"","format":"standard","meta":{"footnotes":""},"categories":[3],"tags":[],"yoast_head":"<!-- This site is optimized with the Yoast SEO plugin v21.5 - https:\/\/yoast.com\/wordpress\/plugins\/seo\/ -->\n<title>Equipos y Materiales Radioactivos - VUCE<\/title>\n<meta name=\"robots\" content=\"index, follow, max-snippet:-1, max-image-preview:large, max-video-preview:-1\" \/>\n<link rel=\"canonical\" href=\"https:\/\/vuce.gub.uy\/staging1500\/equipos-y-materiales-radioactivos\/\" \/>\n<meta property=\"og:locale\" content=\"es_ES\" \/>\n<meta property=\"og:type\" content=\"article\" \/>\n<meta property=\"og:title\" content=\"Equipos y Materiales Radioactivos - VUCE\" \/>\n<meta property=\"og:description\" content=\"El 25\/02\/2015 tendr\u00e1 lugar el lanzamiento de los procesos de Importaci\u00f3n de Equipos y Materiales Radioactivos.\" \/>\n<meta property=\"og:url\" content=\"https:\/\/vuce.gub.uy\/staging1500\/equipos-y-materiales-radioactivos\/\" \/>\n<meta property=\"og:site_name\" content=\"VUCE\" \/>\n<meta property=\"article:published_time\" content=\"2015-02-19T14:08:48+00:00\" \/>\n<meta property=\"og:image\" content=\"https:\/\/vuce.gub.uy\/staging1500\/wp-content\/uploads\/2015\/02\/Invitacion_ARNR_25_02_15.jpg\" \/>\n\t<meta property=\"og:image:width\" content=\"2363\" \/>\n\t<meta property=\"og:image:height\" content=\"1363\" \/>\n\t<meta property=\"og:image:type\" content=\"image\/jpeg\" \/>\n<meta name=\"author\" content=\"vuce\" \/>\n<meta name=\"twitter:card\" content=\"summary_large_image\" \/>\n<meta name=\"twitter:label1\" content=\"Escrito por\" \/>\n\t<meta name=\"twitter:data1\" content=\"vuce\" \/>\n<script type=\"application\/ld+json\" class=\"yoast-schema-graph\">{\"@context\":\"https:\/\/schema.org\",\"@graph\":[{\"@type\":\"WebPage\",\"@id\":\"https:\/\/vuce.gub.uy\/staging1500\/equipos-y-materiales-radioactivos\/\",\"url\":\"https:\/\/vuce.gub.uy\/staging1500\/equipos-y-materiales-radioactivos\/\",\"name\":\"Equipos y Materiales Radioactivos - VUCE\",\"isPartOf\":{\"@id\":\"https:\/\/vuce.gub.uy\/staging1500\/#website\"},\"datePublished\":\"2015-02-19T14:08:48+00:00\",\"dateModified\":\"2015-02-19T14:08:48+00:00\",\"author\":{\"@id\":\"https:\/\/vuce.gub.uy\/staging1500\/#\/schema\/person\/8328845af156cc1910f16419d63591a6\"},\"breadcrumb\":{\"@id\":\"https:\/\/vuce.gub.uy\/staging1500\/equipos-y-materiales-radioactivos\/#breadcrumb\"},\"inLanguage\":\"es-AR\",\"potentialAction\":[{\"@type\":\"ReadAction\",\"target\":[\"https:\/\/vuce.gub.uy\/staging1500\/equipos-y-materiales-radioactivos\/\"]}]},{\"@type\":\"BreadcrumbList\",\"@id\":\"https:\/\/vuce.gub.uy\/staging1500\/equipos-y-materiales-radioactivos\/#breadcrumb\",\"itemListElement\":[{\"@type\":\"ListItem\",\"position\":1,\"name\":\"Inicio\",\"item\":\"https:\/\/vuce.gub.uy\/staging1500\/\"},{\"@type\":\"ListItem\",\"position\":2,\"name\":\"Equipos y Materiales Radioactivos\"}]},{\"@type\":\"WebSite\",\"@id\":\"https:\/\/vuce.gub.uy\/staging1500\/#website\",\"url\":\"https:\/\/vuce.gub.uy\/staging1500\/\",\"name\":\"VUCE\",\"description\":\"\",\"potentialAction\":[{\"@type\":\"SearchAction\",\"target\":{\"@type\":\"EntryPoint\",\"urlTemplate\":\"https:\/\/vuce.gub.uy\/staging1500\/?s={search_term_string}\"},\"query-input\":\"required name=search_term_string\"}],\"inLanguage\":\"es-AR\"},{\"@type\":\"Person\",\"@id\":\"https:\/\/vuce.gub.uy\/staging1500\/#\/schema\/person\/8328845af156cc1910f16419d63591a6\",\"name\":\"vuce\",\"url\":\"https:\/\/vuce.gub.uy\/staging1500\/author\/vuce\/\"}]}<\/script>\n<!-- \/ Yoast SEO plugin. -->","yoast_head_json":{"title":"Equipos y Materiales Radioactivos - VUCE","robots":{"index":"index","follow":"follow","max-snippet":"max-snippet:-1","max-image-preview":"max-image-preview:large","max-video-preview":"max-video-preview:-1"},"canonical":"https:\/\/vuce.gub.uy\/staging1500\/equipos-y-materiales-radioactivos\/","og_locale":"es_ES","og_type":"article","og_title":"Equipos y Materiales Radioactivos - VUCE","og_description":"El 25\/02\/2015 tendr\u00e1 lugar el lanzamiento de los procesos de Importaci\u00f3n de Equipos y Materiales Radioactivos.","og_url":"https:\/\/vuce.gub.uy\/staging1500\/equipos-y-materiales-radioactivos\/","og_site_name":"VUCE","article_published_time":"2015-02-19T14:08:48+00:00","og_image":[{"width":2363,"height":1363,"url":"https:\/\/vuce.gub.uy\/staging1500\/wp-content\/uploads\/2015\/02\/Invitacion_ARNR_25_02_15.jpg","type":"image\/jpeg"}],"author":"vuce","twitter_card":"summary_large_image","twitter_misc":{"Escrito por":"vuce"},"schema":{"@context":"https:\/\/schema.org","@graph":[{"@type":"WebPage","@id":"https:\/\/vuce.gub.uy\/staging1500\/equipos-y-materiales-radioactivos\/","url":"https:\/\/vuce.gub.uy\/staging1500\/equipos-y-materiales-radioactivos\/","name":"Equipos y Materiales Radioactivos - VUCE","isPartOf":{"@id":"https:\/\/vuce.gub.uy\/staging1500\/#website"},"datePublished":"2015-02-19T14:08:48+00:00","dateModified":"2015-02-19T14:08:48+00:00","author":{"@id":"https:\/\/vuce.gub.uy\/staging1500\/#\/schema\/person\/8328845af156cc1910f16419d63591a6"},"breadcrumb":{"@id":"https:\/\/vuce.gub.uy\/staging1500\/equipos-y-materiales-radioactivos\/#breadcrumb"},"inLanguage":"es-AR","potentialAction":[{"@type":"ReadAction","target":["https:\/\/vuce.gub.uy\/staging1500\/equipos-y-materiales-radioactivos\/"]}]},{"@type":"BreadcrumbList","@id":"https:\/\/vuce.gub.uy\/staging1500\/equipos-y-materiales-radioactivos\/#breadcrumb","itemListElement":[{"@type":"ListItem","position":1,"name":"Inicio","item":"https:\/\/vuce.gub.uy\/staging1500\/"},{"@type":"ListItem","position":2,"name":"Equipos y Materiales Radioactivos"}]},{"@type":"WebSite","@id":"https:\/\/vuce.gub.uy\/staging1500\/#website","url":"https:\/\/vuce.gub.uy\/staging1500\/","name":"VUCE","description":"","potentialAction":[{"@type":"SearchAction","target":{"@type":"EntryPoint","urlTemplate":"https:\/\/vuce.gub.uy\/staging1500\/?s={search_term_string}"},"query-input":"required name=search_term_string"}],"inLanguage":"es-AR"},{"@type":"Person","@id":"https:\/\/vuce.gub.uy\/staging1500\/#\/schema\/person\/8328845af156cc1910f16419d63591a6","name":"vuce","url":"https:\/\/vuce.gub.uy\/staging1500\/author\/vuce\/"}]}},"_links":{"self":[{"href":"https:\/\/vuce.gub.uy\/staging1500\/wp-json\/wp\/v2\/posts\/1866"}],"collection":[{"href":"https:\/\/vuce.gub.uy\/staging1500\/wp-json\/wp\/v2\/posts"}],"about":[{"href":"https:\/\/vuce.gub.uy\/staging1500\/wp-json\/wp\/v2\/types\/post"}],"author":[{"embeddable":true,"href":"https:\/\/vuce.gub.uy\/staging1500\/wp-json\/wp\/v2\/users\/1"}],"replies":[{"embeddable":true,"href":"https:\/\/vuce.gub.uy\/staging1500\/wp-json\/wp\/v2\/comments?post=1866"}],"version-history":[{"count":0,"href":"https:\/\/vuce.gub.uy\/staging1500\/wp-json\/wp\/v2\/posts\/1866\/revisions"}],"wp:featuredmedia":[{"embeddable":true,"href":"https:\/\/vuce.gub.uy\/staging1500\/wp-json\/wp\/v2\/media\/1864"}],"wp:attachment":[{"href":"https:\/\/vuce.gub.uy\/staging1500\/wp-json\/wp\/v2\/media?parent=1866"}],"wp:term":[{"taxonomy":"category","embeddable":true,"href":"https:\/\/vuce.gub.uy\/staging1500\/wp-json\/wp\/v2\/categories?post=1866"},{"taxonomy":"post_tag","embeddable":true,"href":"https:\/\/vuce.gub.uy\/staging1500\/wp-json\/wp\/v2\/tags?post=1866"}],"curies":[{"name":"wp","href":"https:\/\/api.w.org\/{rel}","templated":true}]}}