{"id":1946,"date":"2015-05-21T16:22:27","date_gmt":"2015-05-21T16:22:27","guid":{"rendered":"http:\/\/vuce.gub.uy\/staging1500\/?p=1946"},"modified":"2015-05-21T16:22:27","modified_gmt":"2015-05-21T16:22:27","slug":"pilotos-para-importacion-de-calzados-y-textiles","status":"publish","type":"post","link":"https:\/\/vuce.gub.uy\/staging1500\/pilotos-para-importacion-de-calzados-y-textiles\/","title":{"rendered":"Pilotos para Importaci\u00f3n de Calzados y Textiles"},"content":{"rendered":"<p>A partir del 27\/05\/2015 comienza un per\u00edodo de pruebas para los procesos de Importaci\u00f3n de Calzados y Textiles.\u00a0En este contexto, se \u00a0solicitar\u00e1 el apoyo de empresas para que realicen algunos tr\u00e1mites a trav\u00e9s del nuevo sistema de DNI, con el objetivo de probar su correcto funcionamiento.\u00a0Una vez que las pruebas se hayan concluido se extender\u00e1 su uso para todos los usuarios.<\/p>\n<p>En paralelo, el equipo de VUCE y las empresas que desarrollan los sistemas de Software para Despachantes de Aduanas, se encuentran trabajando en una nueva versi\u00f3n del sistema que permitir\u00e1 transmitir autom\u00e1ticamente la informaci\u00f3n desde los sistemas privados a VUCE para no tener que ingresar dos veces los datos al crear un certificado. Estos nuevos mecanismos de comunicaci\u00f3n quedar\u00e1n habilitados durante el mes de Junio y se podr\u00e1n utilizar para este tr\u00e1mite y para cualquier otro certificado que se gestione a trav\u00e9s de VUCE.<\/p>\n","protected":false},"excerpt":{"rendered":"<p>Comienza un per\u00edodo de pruebas a partir del 27\/05\/2015<\/p>\n","protected":false},"author":1,"featured_media":1947,"comment_status":"closed","ping_status":"open","sticky":false,"template":"","format":"standard","meta":{"footnotes":""},"categories":[3],"tags":[],"yoast_head":"<!-- This site is optimized with the Yoast SEO plugin v21.5 - https:\/\/yoast.com\/wordpress\/plugins\/seo\/ -->\n<title>Pilotos para Importaci\u00f3n de Calzados y Textiles - VUCE<\/title>\n<meta name=\"robots\" content=\"index, follow, max-snippet:-1, max-image-preview:large, max-video-preview:-1\" \/>\n<link rel=\"canonical\" href=\"https:\/\/vuce.gub.uy\/staging1500\/pilotos-para-importacion-de-calzados-y-textiles\/\" \/>\n<meta property=\"og:locale\" content=\"es_ES\" \/>\n<meta property=\"og:type\" content=\"article\" \/>\n<meta property=\"og:title\" content=\"Pilotos para Importaci\u00f3n de Calzados y Textiles - VUCE\" \/>\n<meta property=\"og:description\" content=\"Comienza un per\u00edodo de pruebas a partir del 27\/05\/2015\" \/>\n<meta property=\"og:url\" content=\"https:\/\/vuce.gub.uy\/staging1500\/pilotos-para-importacion-de-calzados-y-textiles\/\" \/>\n<meta property=\"og:site_name\" content=\"VUCE\" \/>\n<meta property=\"article:published_time\" content=\"2015-05-21T16:22:27+00:00\" \/>\n<meta property=\"og:image\" content=\"https:\/\/vuce.gub.uy\/staging1500\/wp-content\/uploads\/2015\/05\/1426418_58951673-1024x683.jpg\" \/>\n\t<meta property=\"og:image:width\" content=\"1024\" \/>\n\t<meta property=\"og:image:height\" content=\"683\" \/>\n\t<meta property=\"og:image:type\" content=\"image\/jpeg\" \/>\n<meta name=\"author\" content=\"vuce\" \/>\n<meta name=\"twitter:card\" content=\"summary_large_image\" \/>\n<meta name=\"twitter:label1\" content=\"Escrito por\" \/>\n\t<meta name=\"twitter:data1\" content=\"vuce\" \/>\n\t<meta name=\"twitter:label2\" content=\"Tiempo de lectura\" \/>\n\t<meta name=\"twitter:data2\" content=\"1 minuto\" \/>\n<script type=\"application\/ld+json\" class=\"yoast-schema-graph\">{\"@context\":\"https:\/\/schema.org\",\"@graph\":[{\"@type\":\"WebPage\",\"@id\":\"https:\/\/vuce.gub.uy\/staging1500\/pilotos-para-importacion-de-calzados-y-textiles\/\",\"url\":\"https:\/\/vuce.gub.uy\/staging1500\/pilotos-para-importacion-de-calzados-y-textiles\/\",\"name\":\"Pilotos para Importaci\u00f3n de Calzados y Textiles - VUCE\",\"isPartOf\":{\"@id\":\"https:\/\/vuce.gub.uy\/staging1500\/#website\"},\"datePublished\":\"2015-05-21T16:22:27+00:00\",\"dateModified\":\"2015-05-21T16:22:27+00:00\",\"author\":{\"@id\":\"https:\/\/vuce.gub.uy\/staging1500\/#\/schema\/person\/8328845af156cc1910f16419d63591a6\"},\"breadcrumb\":{\"@id\":\"https:\/\/vuce.gub.uy\/staging1500\/pilotos-para-importacion-de-calzados-y-textiles\/#breadcrumb\"},\"inLanguage\":\"es-AR\",\"potentialAction\":[{\"@type\":\"ReadAction\",\"target\":[\"https:\/\/vuce.gub.uy\/staging1500\/pilotos-para-importacion-de-calzados-y-textiles\/\"]}]},{\"@type\":\"BreadcrumbList\",\"@id\":\"https:\/\/vuce.gub.uy\/staging1500\/pilotos-para-importacion-de-calzados-y-textiles\/#breadcrumb\",\"itemListElement\":[{\"@type\":\"ListItem\",\"position\":1,\"name\":\"Inicio\",\"item\":\"https:\/\/vuce.gub.uy\/staging1500\/\"},{\"@type\":\"ListItem\",\"position\":2,\"name\":\"Pilotos para Importaci\u00f3n de Calzados y Textiles\"}]},{\"@type\":\"WebSite\",\"@id\":\"https:\/\/vuce.gub.uy\/staging1500\/#website\",\"url\":\"https:\/\/vuce.gub.uy\/staging1500\/\",\"name\":\"VUCE\",\"description\":\"\",\"potentialAction\":[{\"@type\":\"SearchAction\",\"target\":{\"@type\":\"EntryPoint\",\"urlTemplate\":\"https:\/\/vuce.gub.uy\/staging1500\/?s={search_term_string}\"},\"query-input\":\"required name=search_term_string\"}],\"inLanguage\":\"es-AR\"},{\"@type\":\"Person\",\"@id\":\"https:\/\/vuce.gub.uy\/staging1500\/#\/schema\/person\/8328845af156cc1910f16419d63591a6\",\"name\":\"vuce\",\"url\":\"https:\/\/vuce.gub.uy\/staging1500\/author\/vuce\/\"}]}<\/script>\n<!-- \/ Yoast SEO plugin. -->","yoast_head_json":{"title":"Pilotos para Importaci\u00f3n de Calzados y Textiles - VUCE","robots":{"index":"index","follow":"follow","max-snippet":"max-snippet:-1","max-image-preview":"max-image-preview:large","max-video-preview":"max-video-preview:-1"},"canonical":"https:\/\/vuce.gub.uy\/staging1500\/pilotos-para-importacion-de-calzados-y-textiles\/","og_locale":"es_ES","og_type":"article","og_title":"Pilotos para Importaci\u00f3n de Calzados y Textiles - VUCE","og_description":"Comienza un per\u00edodo de pruebas a partir del 27\/05\/2015","og_url":"https:\/\/vuce.gub.uy\/staging1500\/pilotos-para-importacion-de-calzados-y-textiles\/","og_site_name":"VUCE","article_published_time":"2015-05-21T16:22:27+00:00","og_image":[{"width":1024,"height":683,"url":"https:\/\/vuce.gub.uy\/staging1500\/wp-content\/uploads\/2015\/05\/1426418_58951673-1024x683.jpg","type":"image\/jpeg"}],"author":"vuce","twitter_card":"summary_large_image","twitter_misc":{"Escrito por":"vuce","Tiempo de lectura":"1 minuto"},"schema":{"@context":"https:\/\/schema.org","@graph":[{"@type":"WebPage","@id":"https:\/\/vuce.gub.uy\/staging1500\/pilotos-para-importacion-de-calzados-y-textiles\/","url":"https:\/\/vuce.gub.uy\/staging1500\/pilotos-para-importacion-de-calzados-y-textiles\/","name":"Pilotos para Importaci\u00f3n de Calzados y Textiles - VUCE","isPartOf":{"@id":"https:\/\/vuce.gub.uy\/staging1500\/#website"},"datePublished":"2015-05-21T16:22:27+00:00","dateModified":"2015-05-21T16:22:27+00:00","author":{"@id":"https:\/\/vuce.gub.uy\/staging1500\/#\/schema\/person\/8328845af156cc1910f16419d63591a6"},"breadcrumb":{"@id":"https:\/\/vuce.gub.uy\/staging1500\/pilotos-para-importacion-de-calzados-y-textiles\/#breadcrumb"},"inLanguage":"es-AR","potentialAction":[{"@type":"ReadAction","target":["https:\/\/vuce.gub.uy\/staging1500\/pilotos-para-importacion-de-calzados-y-textiles\/"]}]},{"@type":"BreadcrumbList","@id":"https:\/\/vuce.gub.uy\/staging1500\/pilotos-para-importacion-de-calzados-y-textiles\/#breadcrumb","itemListElement":[{"@type":"ListItem","position":1,"name":"Inicio","item":"https:\/\/vuce.gub.uy\/staging1500\/"},{"@type":"ListItem","position":2,"name":"Pilotos para Importaci\u00f3n de Calzados y Textiles"}]},{"@type":"WebSite","@id":"https:\/\/vuce.gub.uy\/staging1500\/#website","url":"https:\/\/vuce.gub.uy\/staging1500\/","name":"VUCE","description":"","potentialAction":[{"@type":"SearchAction","target":{"@type":"EntryPoint","urlTemplate":"https:\/\/vuce.gub.uy\/staging1500\/?s={search_term_string}"},"query-input":"required name=search_term_string"}],"inLanguage":"es-AR"},{"@type":"Person","@id":"https:\/\/vuce.gub.uy\/staging1500\/#\/schema\/person\/8328845af156cc1910f16419d63591a6","name":"vuce","url":"https:\/\/vuce.gub.uy\/staging1500\/author\/vuce\/"}]}},"_links":{"self":[{"href":"https:\/\/vuce.gub.uy\/staging1500\/wp-json\/wp\/v2\/posts\/1946"}],"collection":[{"href":"https:\/\/vuce.gub.uy\/staging1500\/wp-json\/wp\/v2\/posts"}],"about":[{"href":"https:\/\/vuce.gub.uy\/staging1500\/wp-json\/wp\/v2\/types\/post"}],"author":[{"embeddable":true,"href":"https:\/\/vuce.gub.uy\/staging1500\/wp-json\/wp\/v2\/users\/1"}],"replies":[{"embeddable":true,"href":"https:\/\/vuce.gub.uy\/staging1500\/wp-json\/wp\/v2\/comments?post=1946"}],"version-history":[{"count":0,"href":"https:\/\/vuce.gub.uy\/staging1500\/wp-json\/wp\/v2\/posts\/1946\/revisions"}],"wp:featuredmedia":[{"embeddable":true,"href":"https:\/\/vuce.gub.uy\/staging1500\/wp-json\/wp\/v2\/media\/1947"}],"wp:attachment":[{"href":"https:\/\/vuce.gub.uy\/staging1500\/wp-json\/wp\/v2\/media?parent=1946"}],"wp:term":[{"taxonomy":"category","embeddable":true,"href":"https:\/\/vuce.gub.uy\/staging1500\/wp-json\/wp\/v2\/categories?post=1946"},{"taxonomy":"post_tag","embeddable":true,"href":"https:\/\/vuce.gub.uy\/staging1500\/wp-json\/wp\/v2\/tags?post=1946"}],"curies":[{"name":"wp","href":"https:\/\/api.w.org\/{rel}","templated":true}]}}