{"id":2064,"date":"2015-09-08T14:03:56","date_gmt":"2015-09-08T14:03:56","guid":{"rendered":"http:\/\/vuce.gub.uy\/staging1500\/?p=2064"},"modified":"2015-09-08T14:03:56","modified_gmt":"2015-09-08T14:03:56","slug":"partir-del-martes-1o-de-setiembre-se-encuentra-habilitado-en-vuce-el-piloto-para-el-tramite-de-destruccion-de-mercaderias-en-zona-franca","status":"publish","type":"post","link":"https:\/\/vuce.gub.uy\/staging1500\/partir-del-martes-1o-de-setiembre-se-encuentra-habilitado-en-vuce-el-piloto-para-el-tramite-de-destruccion-de-mercaderias-en-zona-franca\/","title":{"rendered":"Destrucci\u00f3n de Mercader\u00edas en Zona Franca"},"content":{"rendered":"<p>A partir del martes 1\u00ba de setiembre se encuentra habilitado en VUCE el piloto para el tr\u00e1mite de Destrucci\u00f3n de Mercader\u00edas en Zona Franca sujetas a control de la Direcci\u00f3n Nacional de Medio Ambiente (DINAMA) y la Direcci\u00f3n Nacional de Aduanas (DNA).<\/p>\n<p>En este contexto fue realizada en la Sala de Actos de la DNA una presentaci\u00f3n conjunta por parte de la DINAMA, DNA y VUCE explicando esta nueva forma de trabajo, haciendo hincapi\u00e9 en la necesidad de la activa participaci\u00f3n de las empresas con el objetivo de evaluar oportunidades de mejora a ser incorporadas a este nuevo sistema.<\/p>\n<p>Una vez aprobada por DINAMA la destrucci\u00f3n, la plataforma VUCE trasmitir\u00e1 la informaci\u00f3n autom\u00e1ticamente a la DNA, el certificado gestionado ser\u00e1 requerido para la creaci\u00f3n del expediente electr\u00f3nico GEX bajo el c\u00f3digo \u201cDEST\u201d.<\/p>\n<p>La Aduana ha formalizado este nuevo proceso a trav\u00e9s de la publicaci\u00f3n de la\u00a0<a href=\"http:\/\/www.aduanas.gub.uy\/innovaportal\/v\/14235\/1\/innova.front\/resolucion_general_62_2015.html\" target=\"_blank\">Resoluci\u00f3n General 62\/2015<\/a>.<\/p>\n<p>Por m\u00e1s informaci\u00f3n podr\u00e1 ver el\u00a0 <a href=\"http:\/\/vuce.gub.uy\/staging1500\/wp-content\/uploads\/2015\/09\/Procedimiento_Destruccion_Residuos_DINAMA.pdf\" target=\"_blank\">instructivo de VUCE<\/a>, comunicarse a los tel\u00e9fonos 2916.68.78 o al mail\u00a0<a href=\"mailto:info@vuce.gub.uy\" target=\"_blank\">info@vuce.gub.uy<\/a>.<\/p>\n<p>&nbsp;<\/p>\n<p>Puede acceder a las presentaci\u00f3nes realizadas por los distintos participantes del proceso haciendo click en los siguientes links:<\/p>\n<p><a href=\"http:\/\/vuce.gub.uy\/staging1500\/wp-content\/uploads\/2015\/09\/DINAMA.ppt\" target=\"_blank\">Presentaci\u00f3n de DINAMA<\/a><\/p>\n<p><a href=\"http:\/\/vuce.gub.uy\/staging1500\/wp-content\/uploads\/2015\/09\/DNA.pptx\" target=\"_blank\">Presentaci\u00f3n de DNA<\/a><\/p>\n<p><a href=\"http:\/\/vuce.gub.uy\/staging1500\/wp-content\/uploads\/2015\/09\/VUCE.pptx\" target=\"_blank\">Presentaci\u00f3n de VUCE<\/a><\/p>\n","protected":false},"excerpt":{"rendered":"<p>A partir del 1\u00ba de setiembre se habilit\u00f3 en VUCE el tr\u00e1mite de Destrucci\u00f3n de Mercader\u00edas en Zona Franca.<\/p>\n","protected":false},"author":1,"featured_media":2065,"comment_status":"closed","ping_status":"open","sticky":false,"template":"","format":"standard","meta":{"footnotes":""},"categories":[3],"tags":[],"yoast_head":"<!-- This site is optimized with the Yoast SEO plugin v21.5 - https:\/\/yoast.com\/wordpress\/plugins\/seo\/ -->\n<title>Destrucci\u00f3n de Mercader\u00edas en Zona Franca - VUCE<\/title>\n<meta name=\"robots\" content=\"index, follow, max-snippet:-1, max-image-preview:large, max-video-preview:-1\" \/>\n<link rel=\"canonical\" href=\"https:\/\/vuce.gub.uy\/staging1500\/partir-del-martes-1o-de-setiembre-se-encuentra-habilitado-en-vuce-el-piloto-para-el-tramite-de-destruccion-de-mercaderias-en-zona-franca\/\" \/>\n<meta property=\"og:locale\" content=\"es_ES\" \/>\n<meta property=\"og:type\" content=\"article\" \/>\n<meta property=\"og:title\" content=\"Destrucci\u00f3n de Mercader\u00edas en Zona Franca - VUCE\" \/>\n<meta property=\"og:description\" content=\"A partir del 1\u00ba de setiembre se habilit\u00f3 en VUCE el tr\u00e1mite de Destrucci\u00f3n de Mercader\u00edas en Zona Franca.\" \/>\n<meta property=\"og:url\" content=\"https:\/\/vuce.gub.uy\/staging1500\/partir-del-martes-1o-de-setiembre-se-encuentra-habilitado-en-vuce-el-piloto-para-el-tramite-de-destruccion-de-mercaderias-en-zona-franca\/\" \/>\n<meta property=\"og:site_name\" content=\"VUCE\" \/>\n<meta property=\"article:published_time\" content=\"2015-09-08T14:03:56+00:00\" \/>\n<meta property=\"og:image\" content=\"https:\/\/vuce.gub.uy\/staging1500\/wp-content\/uploads\/2015\/09\/shredders.jpg\" \/>\n\t<meta property=\"og:image:width\" content=\"920\" \/>\n\t<meta property=\"og:image:height\" content=\"300\" \/>\n\t<meta property=\"og:image:type\" content=\"image\/jpeg\" \/>\n<meta name=\"author\" content=\"vuce\" \/>\n<meta name=\"twitter:card\" content=\"summary_large_image\" \/>\n<meta name=\"twitter:label1\" content=\"Escrito por\" \/>\n\t<meta name=\"twitter:data1\" content=\"vuce\" \/>\n\t<meta name=\"twitter:label2\" content=\"Tiempo de lectura\" \/>\n\t<meta name=\"twitter:data2\" content=\"1 minuto\" \/>\n<script type=\"application\/ld+json\" class=\"yoast-schema-graph\">{\"@context\":\"https:\/\/schema.org\",\"@graph\":[{\"@type\":\"WebPage\",\"@id\":\"https:\/\/vuce.gub.uy\/staging1500\/partir-del-martes-1o-de-setiembre-se-encuentra-habilitado-en-vuce-el-piloto-para-el-tramite-de-destruccion-de-mercaderias-en-zona-franca\/\",\"url\":\"https:\/\/vuce.gub.uy\/staging1500\/partir-del-martes-1o-de-setiembre-se-encuentra-habilitado-en-vuce-el-piloto-para-el-tramite-de-destruccion-de-mercaderias-en-zona-franca\/\",\"name\":\"Destrucci\u00f3n de Mercader\u00edas en Zona Franca - VUCE\",\"isPartOf\":{\"@id\":\"https:\/\/vuce.gub.uy\/staging1500\/#website\"},\"datePublished\":\"2015-09-08T14:03:56+00:00\",\"dateModified\":\"2015-09-08T14:03:56+00:00\",\"author\":{\"@id\":\"https:\/\/vuce.gub.uy\/staging1500\/#\/schema\/person\/8328845af156cc1910f16419d63591a6\"},\"breadcrumb\":{\"@id\":\"https:\/\/vuce.gub.uy\/staging1500\/partir-del-martes-1o-de-setiembre-se-encuentra-habilitado-en-vuce-el-piloto-para-el-tramite-de-destruccion-de-mercaderias-en-zona-franca\/#breadcrumb\"},\"inLanguage\":\"es-AR\",\"potentialAction\":[{\"@type\":\"ReadAction\",\"target\":[\"https:\/\/vuce.gub.uy\/staging1500\/partir-del-martes-1o-de-setiembre-se-encuentra-habilitado-en-vuce-el-piloto-para-el-tramite-de-destruccion-de-mercaderias-en-zona-franca\/\"]}]},{\"@type\":\"BreadcrumbList\",\"@id\":\"https:\/\/vuce.gub.uy\/staging1500\/partir-del-martes-1o-de-setiembre-se-encuentra-habilitado-en-vuce-el-piloto-para-el-tramite-de-destruccion-de-mercaderias-en-zona-franca\/#breadcrumb\",\"itemListElement\":[{\"@type\":\"ListItem\",\"position\":1,\"name\":\"Inicio\",\"item\":\"https:\/\/vuce.gub.uy\/staging1500\/\"},{\"@type\":\"ListItem\",\"position\":2,\"name\":\"Destrucci\u00f3n de Mercader\u00edas en Zona Franca\"}]},{\"@type\":\"WebSite\",\"@id\":\"https:\/\/vuce.gub.uy\/staging1500\/#website\",\"url\":\"https:\/\/vuce.gub.uy\/staging1500\/\",\"name\":\"VUCE\",\"description\":\"\",\"potentialAction\":[{\"@type\":\"SearchAction\",\"target\":{\"@type\":\"EntryPoint\",\"urlTemplate\":\"https:\/\/vuce.gub.uy\/staging1500\/?s={search_term_string}\"},\"query-input\":\"required name=search_term_string\"}],\"inLanguage\":\"es-AR\"},{\"@type\":\"Person\",\"@id\":\"https:\/\/vuce.gub.uy\/staging1500\/#\/schema\/person\/8328845af156cc1910f16419d63591a6\",\"name\":\"vuce\",\"url\":\"https:\/\/vuce.gub.uy\/staging1500\/author\/vuce\/\"}]}<\/script>\n<!-- \/ Yoast SEO plugin. -->","yoast_head_json":{"title":"Destrucci\u00f3n de Mercader\u00edas en Zona Franca - VUCE","robots":{"index":"index","follow":"follow","max-snippet":"max-snippet:-1","max-image-preview":"max-image-preview:large","max-video-preview":"max-video-preview:-1"},"canonical":"https:\/\/vuce.gub.uy\/staging1500\/partir-del-martes-1o-de-setiembre-se-encuentra-habilitado-en-vuce-el-piloto-para-el-tramite-de-destruccion-de-mercaderias-en-zona-franca\/","og_locale":"es_ES","og_type":"article","og_title":"Destrucci\u00f3n de Mercader\u00edas en Zona Franca - VUCE","og_description":"A partir del 1\u00ba de setiembre se habilit\u00f3 en VUCE el tr\u00e1mite de Destrucci\u00f3n de Mercader\u00edas en Zona Franca.","og_url":"https:\/\/vuce.gub.uy\/staging1500\/partir-del-martes-1o-de-setiembre-se-encuentra-habilitado-en-vuce-el-piloto-para-el-tramite-de-destruccion-de-mercaderias-en-zona-franca\/","og_site_name":"VUCE","article_published_time":"2015-09-08T14:03:56+00:00","og_image":[{"width":920,"height":300,"url":"https:\/\/vuce.gub.uy\/staging1500\/wp-content\/uploads\/2015\/09\/shredders.jpg","type":"image\/jpeg"}],"author":"vuce","twitter_card":"summary_large_image","twitter_misc":{"Escrito por":"vuce","Tiempo de lectura":"1 minuto"},"schema":{"@context":"https:\/\/schema.org","@graph":[{"@type":"WebPage","@id":"https:\/\/vuce.gub.uy\/staging1500\/partir-del-martes-1o-de-setiembre-se-encuentra-habilitado-en-vuce-el-piloto-para-el-tramite-de-destruccion-de-mercaderias-en-zona-franca\/","url":"https:\/\/vuce.gub.uy\/staging1500\/partir-del-martes-1o-de-setiembre-se-encuentra-habilitado-en-vuce-el-piloto-para-el-tramite-de-destruccion-de-mercaderias-en-zona-franca\/","name":"Destrucci\u00f3n de Mercader\u00edas en Zona Franca - VUCE","isPartOf":{"@id":"https:\/\/vuce.gub.uy\/staging1500\/#website"},"datePublished":"2015-09-08T14:03:56+00:00","dateModified":"2015-09-08T14:03:56+00:00","author":{"@id":"https:\/\/vuce.gub.uy\/staging1500\/#\/schema\/person\/8328845af156cc1910f16419d63591a6"},"breadcrumb":{"@id":"https:\/\/vuce.gub.uy\/staging1500\/partir-del-martes-1o-de-setiembre-se-encuentra-habilitado-en-vuce-el-piloto-para-el-tramite-de-destruccion-de-mercaderias-en-zona-franca\/#breadcrumb"},"inLanguage":"es-AR","potentialAction":[{"@type":"ReadAction","target":["https:\/\/vuce.gub.uy\/staging1500\/partir-del-martes-1o-de-setiembre-se-encuentra-habilitado-en-vuce-el-piloto-para-el-tramite-de-destruccion-de-mercaderias-en-zona-franca\/"]}]},{"@type":"BreadcrumbList","@id":"https:\/\/vuce.gub.uy\/staging1500\/partir-del-martes-1o-de-setiembre-se-encuentra-habilitado-en-vuce-el-piloto-para-el-tramite-de-destruccion-de-mercaderias-en-zona-franca\/#breadcrumb","itemListElement":[{"@type":"ListItem","position":1,"name":"Inicio","item":"https:\/\/vuce.gub.uy\/staging1500\/"},{"@type":"ListItem","position":2,"name":"Destrucci\u00f3n de Mercader\u00edas en Zona Franca"}]},{"@type":"WebSite","@id":"https:\/\/vuce.gub.uy\/staging1500\/#website","url":"https:\/\/vuce.gub.uy\/staging1500\/","name":"VUCE","description":"","potentialAction":[{"@type":"SearchAction","target":{"@type":"EntryPoint","urlTemplate":"https:\/\/vuce.gub.uy\/staging1500\/?s={search_term_string}"},"query-input":"required name=search_term_string"}],"inLanguage":"es-AR"},{"@type":"Person","@id":"https:\/\/vuce.gub.uy\/staging1500\/#\/schema\/person\/8328845af156cc1910f16419d63591a6","name":"vuce","url":"https:\/\/vuce.gub.uy\/staging1500\/author\/vuce\/"}]}},"_links":{"self":[{"href":"https:\/\/vuce.gub.uy\/staging1500\/wp-json\/wp\/v2\/posts\/2064"}],"collection":[{"href":"https:\/\/vuce.gub.uy\/staging1500\/wp-json\/wp\/v2\/posts"}],"about":[{"href":"https:\/\/vuce.gub.uy\/staging1500\/wp-json\/wp\/v2\/types\/post"}],"author":[{"embeddable":true,"href":"https:\/\/vuce.gub.uy\/staging1500\/wp-json\/wp\/v2\/users\/1"}],"replies":[{"embeddable":true,"href":"https:\/\/vuce.gub.uy\/staging1500\/wp-json\/wp\/v2\/comments?post=2064"}],"version-history":[{"count":0,"href":"https:\/\/vuce.gub.uy\/staging1500\/wp-json\/wp\/v2\/posts\/2064\/revisions"}],"wp:featuredmedia":[{"embeddable":true,"href":"https:\/\/vuce.gub.uy\/staging1500\/wp-json\/wp\/v2\/media\/2065"}],"wp:attachment":[{"href":"https:\/\/vuce.gub.uy\/staging1500\/wp-json\/wp\/v2\/media?parent=2064"}],"wp:term":[{"taxonomy":"category","embeddable":true,"href":"https:\/\/vuce.gub.uy\/staging1500\/wp-json\/wp\/v2\/categories?post=2064"},{"taxonomy":"post_tag","embeddable":true,"href":"https:\/\/vuce.gub.uy\/staging1500\/wp-json\/wp\/v2\/tags?post=2064"}],"curies":[{"name":"wp","href":"https:\/\/api.w.org\/{rel}","templated":true}]}}