{"id":2122,"date":"2015-10-19T19:25:46","date_gmt":"2015-10-19T19:25:46","guid":{"rendered":"http:\/\/vuce.gub.uy\/staging1500\/?p=2122"},"modified":"2015-10-19T19:25:46","modified_gmt":"2015-10-19T19:25:46","slug":"uruguay-fue-anfitrion-del-vii-encuentro-regional-latinoamericano-y-del-caribe-de-ventanillas-unicas-de-comercio-exterior","status":"publish","type":"post","link":"https:\/\/vuce.gub.uy\/staging1500\/uruguay-fue-anfitrion-del-vii-encuentro-regional-latinoamericano-y-del-caribe-de-ventanillas-unicas-de-comercio-exterior\/","title":{"rendered":"Uruguay fue anfitri\u00f3n del VII Encuentro Regional Latinoamericano y del Caribe de Ventanillas \u00danicas de Comercio Exterior"},"content":{"rendered":"<p>Uruguay fue sede para el  VII Encuentro Regional Latinoamericano y del Caribe sobre Ventanillas \u00danicas de Comercio Exterior que se realiz\u00f3 los d\u00edas 15 y 16 de octubre 2015 en Radisson Montevideo Victoria Plaza Hotel.<\/p>\n<p>Dicho encuentro fue organizado en forma conjunta por la Secretar\u00eda Permanente del Sistema Econ\u00f3mico Latinoamericano y del Caribe \u2013 SELA-, y el Instituto de Promoci\u00f3n de Inversiones y Exportaciones \u2013 Uruguay XXI bajo el lema \u201cVentanillas \u00danicas como Herramientas para la Facilitaci\u00f3n del Comercio y la Integraci\u00f3n Comercial\u201d.<\/p>\n<p>El evento cont\u00f3 con la participaci\u00f3n autoridades y t\u00e9cnicos de m\u00faltiples pa\u00edses de Am\u00e9rica Latina y el Caribe, as\u00ed como expertos de organismos internacionales y consultores; la discusi\u00f3n estuvo focalizada en la revisi\u00f3n de la funci\u00f3n estrat\u00e9gica de las VUCE en el contexto del reciente Acuerdo de la OMC sobre Facilitaci\u00f3n del Comercio y en los mecanismos de integraci\u00f3n comercial en la regi\u00f3n latinoamericana y caribe\u00f1a. Asimismo  se revisaron los avances del proyecto de Interoperabilidad de Ventanillas \u00danicas y se compartieron experiencias de distintos pa\u00edses de la regi\u00f3n.<\/p>\n<p>En esta oportunidad el equipo de Ventanilla \u00danica de Comercio Exterior de Uruguay realiz\u00f3 una presentaci\u00f3n intercambiando experiencias sobre la puesta en producci\u00f3n de la plataforma, en dicha presentaci\u00f3n, Uruguay mostr\u00f3 los avances en los que se encuentra trabajando el equipo para la implementaci\u00f3n de tableros de mando, acceso al sistema con la nueva c\u00e9dula de identidad y VUCE mobile.<\/p>\n<p>El acto de clausura cont\u00f3 con la participaci\u00f3n del ministro de Econom\u00eda y Finanzas, Danilo Astori, el Gerente General del Instituto Uruguay XXI, Alvaro Inchauspe y la directora de la red de Informaci\u00f3n y Conocimiento del Sistema Econ\u00f3mico Latinoamericano y del Caribe (SELA), Gloria Ca\u00f1as.<\/p>\n","protected":false},"excerpt":{"rendered":"<p>Uruguay fue sede para el VII Encuentro Regional Latinoamericano y del [&hellip;]<\/p>\n","protected":false},"author":1,"featured_media":2123,"comment_status":"closed","ping_status":"open","sticky":false,"template":"","format":"standard","meta":{"footnotes":""},"categories":[3],"tags":[],"yoast_head":"<!-- This site is optimized with the Yoast SEO plugin v21.5 - https:\/\/yoast.com\/wordpress\/plugins\/seo\/ -->\n<title>Uruguay fue anfitri\u00f3n del VII Encuentro Regional Latinoamericano y del Caribe de Ventanillas \u00danicas de Comercio Exterior - VUCE<\/title>\n<meta name=\"robots\" content=\"index, follow, max-snippet:-1, max-image-preview:large, max-video-preview:-1\" \/>\n<link rel=\"canonical\" href=\"https:\/\/vuce.gub.uy\/staging1500\/uruguay-fue-anfitrion-del-vii-encuentro-regional-latinoamericano-y-del-caribe-de-ventanillas-unicas-de-comercio-exterior\/\" \/>\n<meta property=\"og:locale\" content=\"es_ES\" \/>\n<meta property=\"og:type\" content=\"article\" \/>\n<meta property=\"og:title\" content=\"Uruguay fue anfitri\u00f3n del VII Encuentro Regional Latinoamericano y del Caribe de Ventanillas \u00danicas de Comercio Exterior - VUCE\" \/>\n<meta property=\"og:description\" content=\"Uruguay fue sede para el VII Encuentro Regional Latinoamericano y del [&hellip;]\" \/>\n<meta property=\"og:url\" content=\"https:\/\/vuce.gub.uy\/staging1500\/uruguay-fue-anfitrion-del-vii-encuentro-regional-latinoamericano-y-del-caribe-de-ventanillas-unicas-de-comercio-exterior\/\" \/>\n<meta property=\"og:site_name\" content=\"VUCE\" \/>\n<meta property=\"article:published_time\" content=\"2015-10-19T19:25:46+00:00\" \/>\n<meta property=\"og:image\" content=\"https:\/\/vuce.gub.uy\/staging1500\/wp-content\/uploads\/2015\/10\/MRC_6897a.jpg\" \/>\n\t<meta property=\"og:image:width\" content=\"1000\" \/>\n\t<meta property=\"og:image:height\" content=\"423\" \/>\n\t<meta property=\"og:image:type\" content=\"image\/jpeg\" \/>\n<meta name=\"author\" content=\"vuce\" \/>\n<meta name=\"twitter:card\" content=\"summary_large_image\" \/>\n<meta name=\"twitter:label1\" content=\"Escrito por\" \/>\n\t<meta name=\"twitter:data1\" content=\"vuce\" \/>\n\t<meta name=\"twitter:label2\" content=\"Tiempo de lectura\" \/>\n\t<meta name=\"twitter:data2\" content=\"2 minutos\" \/>\n<script type=\"application\/ld+json\" class=\"yoast-schema-graph\">{\"@context\":\"https:\/\/schema.org\",\"@graph\":[{\"@type\":\"WebPage\",\"@id\":\"https:\/\/vuce.gub.uy\/staging1500\/uruguay-fue-anfitrion-del-vii-encuentro-regional-latinoamericano-y-del-caribe-de-ventanillas-unicas-de-comercio-exterior\/\",\"url\":\"https:\/\/vuce.gub.uy\/staging1500\/uruguay-fue-anfitrion-del-vii-encuentro-regional-latinoamericano-y-del-caribe-de-ventanillas-unicas-de-comercio-exterior\/\",\"name\":\"Uruguay fue anfitri\u00f3n del VII Encuentro Regional Latinoamericano y del Caribe de Ventanillas \u00danicas de Comercio Exterior - VUCE\",\"isPartOf\":{\"@id\":\"https:\/\/vuce.gub.uy\/staging1500\/#website\"},\"datePublished\":\"2015-10-19T19:25:46+00:00\",\"dateModified\":\"2015-10-19T19:25:46+00:00\",\"author\":{\"@id\":\"https:\/\/vuce.gub.uy\/staging1500\/#\/schema\/person\/8328845af156cc1910f16419d63591a6\"},\"breadcrumb\":{\"@id\":\"https:\/\/vuce.gub.uy\/staging1500\/uruguay-fue-anfitrion-del-vii-encuentro-regional-latinoamericano-y-del-caribe-de-ventanillas-unicas-de-comercio-exterior\/#breadcrumb\"},\"inLanguage\":\"es-AR\",\"potentialAction\":[{\"@type\":\"ReadAction\",\"target\":[\"https:\/\/vuce.gub.uy\/staging1500\/uruguay-fue-anfitrion-del-vii-encuentro-regional-latinoamericano-y-del-caribe-de-ventanillas-unicas-de-comercio-exterior\/\"]}]},{\"@type\":\"BreadcrumbList\",\"@id\":\"https:\/\/vuce.gub.uy\/staging1500\/uruguay-fue-anfitrion-del-vii-encuentro-regional-latinoamericano-y-del-caribe-de-ventanillas-unicas-de-comercio-exterior\/#breadcrumb\",\"itemListElement\":[{\"@type\":\"ListItem\",\"position\":1,\"name\":\"Inicio\",\"item\":\"https:\/\/vuce.gub.uy\/staging1500\/\"},{\"@type\":\"ListItem\",\"position\":2,\"name\":\"Uruguay fue anfitri\u00f3n del VII Encuentro Regional Latinoamericano y del Caribe de Ventanillas \u00danicas de Comercio Exterior\"}]},{\"@type\":\"WebSite\",\"@id\":\"https:\/\/vuce.gub.uy\/staging1500\/#website\",\"url\":\"https:\/\/vuce.gub.uy\/staging1500\/\",\"name\":\"VUCE\",\"description\":\"\",\"potentialAction\":[{\"@type\":\"SearchAction\",\"target\":{\"@type\":\"EntryPoint\",\"urlTemplate\":\"https:\/\/vuce.gub.uy\/staging1500\/?s={search_term_string}\"},\"query-input\":\"required name=search_term_string\"}],\"inLanguage\":\"es-AR\"},{\"@type\":\"Person\",\"@id\":\"https:\/\/vuce.gub.uy\/staging1500\/#\/schema\/person\/8328845af156cc1910f16419d63591a6\",\"name\":\"vuce\",\"url\":\"https:\/\/vuce.gub.uy\/staging1500\/author\/vuce\/\"}]}<\/script>\n<!-- \/ Yoast SEO plugin. -->","yoast_head_json":{"title":"Uruguay fue anfitri\u00f3n del VII Encuentro Regional Latinoamericano y del Caribe de Ventanillas \u00danicas de Comercio Exterior - VUCE","robots":{"index":"index","follow":"follow","max-snippet":"max-snippet:-1","max-image-preview":"max-image-preview:large","max-video-preview":"max-video-preview:-1"},"canonical":"https:\/\/vuce.gub.uy\/staging1500\/uruguay-fue-anfitrion-del-vii-encuentro-regional-latinoamericano-y-del-caribe-de-ventanillas-unicas-de-comercio-exterior\/","og_locale":"es_ES","og_type":"article","og_title":"Uruguay fue anfitri\u00f3n del VII Encuentro Regional Latinoamericano y del Caribe de Ventanillas \u00danicas de Comercio Exterior - VUCE","og_description":"Uruguay fue sede para el VII Encuentro Regional Latinoamericano y del [&hellip;]","og_url":"https:\/\/vuce.gub.uy\/staging1500\/uruguay-fue-anfitrion-del-vii-encuentro-regional-latinoamericano-y-del-caribe-de-ventanillas-unicas-de-comercio-exterior\/","og_site_name":"VUCE","article_published_time":"2015-10-19T19:25:46+00:00","og_image":[{"width":1000,"height":423,"url":"https:\/\/vuce.gub.uy\/staging1500\/wp-content\/uploads\/2015\/10\/MRC_6897a.jpg","type":"image\/jpeg"}],"author":"vuce","twitter_card":"summary_large_image","twitter_misc":{"Escrito por":"vuce","Tiempo de lectura":"2 minutos"},"schema":{"@context":"https:\/\/schema.org","@graph":[{"@type":"WebPage","@id":"https:\/\/vuce.gub.uy\/staging1500\/uruguay-fue-anfitrion-del-vii-encuentro-regional-latinoamericano-y-del-caribe-de-ventanillas-unicas-de-comercio-exterior\/","url":"https:\/\/vuce.gub.uy\/staging1500\/uruguay-fue-anfitrion-del-vii-encuentro-regional-latinoamericano-y-del-caribe-de-ventanillas-unicas-de-comercio-exterior\/","name":"Uruguay fue anfitri\u00f3n del VII Encuentro Regional Latinoamericano y del Caribe de Ventanillas \u00danicas de Comercio Exterior - VUCE","isPartOf":{"@id":"https:\/\/vuce.gub.uy\/staging1500\/#website"},"datePublished":"2015-10-19T19:25:46+00:00","dateModified":"2015-10-19T19:25:46+00:00","author":{"@id":"https:\/\/vuce.gub.uy\/staging1500\/#\/schema\/person\/8328845af156cc1910f16419d63591a6"},"breadcrumb":{"@id":"https:\/\/vuce.gub.uy\/staging1500\/uruguay-fue-anfitrion-del-vii-encuentro-regional-latinoamericano-y-del-caribe-de-ventanillas-unicas-de-comercio-exterior\/#breadcrumb"},"inLanguage":"es-AR","potentialAction":[{"@type":"ReadAction","target":["https:\/\/vuce.gub.uy\/staging1500\/uruguay-fue-anfitrion-del-vii-encuentro-regional-latinoamericano-y-del-caribe-de-ventanillas-unicas-de-comercio-exterior\/"]}]},{"@type":"BreadcrumbList","@id":"https:\/\/vuce.gub.uy\/staging1500\/uruguay-fue-anfitrion-del-vii-encuentro-regional-latinoamericano-y-del-caribe-de-ventanillas-unicas-de-comercio-exterior\/#breadcrumb","itemListElement":[{"@type":"ListItem","position":1,"name":"Inicio","item":"https:\/\/vuce.gub.uy\/staging1500\/"},{"@type":"ListItem","position":2,"name":"Uruguay fue anfitri\u00f3n del VII Encuentro Regional Latinoamericano y del Caribe de Ventanillas \u00danicas de Comercio Exterior"}]},{"@type":"WebSite","@id":"https:\/\/vuce.gub.uy\/staging1500\/#website","url":"https:\/\/vuce.gub.uy\/staging1500\/","name":"VUCE","description":"","potentialAction":[{"@type":"SearchAction","target":{"@type":"EntryPoint","urlTemplate":"https:\/\/vuce.gub.uy\/staging1500\/?s={search_term_string}"},"query-input":"required name=search_term_string"}],"inLanguage":"es-AR"},{"@type":"Person","@id":"https:\/\/vuce.gub.uy\/staging1500\/#\/schema\/person\/8328845af156cc1910f16419d63591a6","name":"vuce","url":"https:\/\/vuce.gub.uy\/staging1500\/author\/vuce\/"}]}},"_links":{"self":[{"href":"https:\/\/vuce.gub.uy\/staging1500\/wp-json\/wp\/v2\/posts\/2122"}],"collection":[{"href":"https:\/\/vuce.gub.uy\/staging1500\/wp-json\/wp\/v2\/posts"}],"about":[{"href":"https:\/\/vuce.gub.uy\/staging1500\/wp-json\/wp\/v2\/types\/post"}],"author":[{"embeddable":true,"href":"https:\/\/vuce.gub.uy\/staging1500\/wp-json\/wp\/v2\/users\/1"}],"replies":[{"embeddable":true,"href":"https:\/\/vuce.gub.uy\/staging1500\/wp-json\/wp\/v2\/comments?post=2122"}],"version-history":[{"count":0,"href":"https:\/\/vuce.gub.uy\/staging1500\/wp-json\/wp\/v2\/posts\/2122\/revisions"}],"wp:featuredmedia":[{"embeddable":true,"href":"https:\/\/vuce.gub.uy\/staging1500\/wp-json\/wp\/v2\/media\/2123"}],"wp:attachment":[{"href":"https:\/\/vuce.gub.uy\/staging1500\/wp-json\/wp\/v2\/media?parent=2122"}],"wp:term":[{"taxonomy":"category","embeddable":true,"href":"https:\/\/vuce.gub.uy\/staging1500\/wp-json\/wp\/v2\/categories?post=2122"},{"taxonomy":"post_tag","embeddable":true,"href":"https:\/\/vuce.gub.uy\/staging1500\/wp-json\/wp\/v2\/tags?post=2122"}],"curies":[{"name":"wp","href":"https:\/\/api.w.org\/{rel}","templated":true}]}}