{"id":2132,"date":"2015-11-13T14:16:15","date_gmt":"2015-11-13T14:16:15","guid":{"rendered":"http:\/\/vuce.gub.uy\/staging1500\/?p=2132"},"modified":"2015-11-13T14:16:15","modified_gmt":"2015-11-13T14:16:15","slug":"firma-de-acuerdo-especifico-de-cooperacion-tecnica-msp-dna-agesic-vuce","status":"publish","type":"post","link":"https:\/\/vuce.gub.uy\/staging1500\/firma-de-acuerdo-especifico-de-cooperacion-tecnica-msp-dna-agesic-vuce\/","title":{"rendered":"Firma de Acuerdo Espec\u00edfico de Cooperaci\u00f3n T\u00e9cnica MSP &#8211; DNA &#8211; AGESIC &#8211; VUCE"},"content":{"rendered":"<p>El 24\/11\/2015 se realizar\u00e1 lanzamiento del Acuerdo Espec\u00edfico de Cooperaci\u00f3n T\u00e9cnica para el desarrollo de la Ventanilla \u00danica de Comercio Exterior entre el Ministerio de Salud P\u00fablica, la Direcci\u00f3n Nacional de Aduanas, la Agencia de Gobierno Electr\u00f3nico (AGESIC) y Uruguay XXI.<br \/>\nEl evento se llevar\u00e1 a cabo en la Sala de Actos del Ministerio de Salud P\u00fablica con la participaci\u00f3n del Sr. Ministro de Salud P\u00fablica Dr. Jorge Basso, Ing. Jos\u00e9 Clastornik Director de la Agencia de Gobierno Electr\u00f3nico (AGESIC), Cr. Enrique Canon Director de la Direcci\u00f3n Nacional de Aduanas y Dr. Antonio Car\u00e1mbula Director de Uruguay XXI (VUCE).<br \/>\nLuego de la firma del Acuerdo, se realizar\u00e1 la presentaci\u00f3n de los primeros tr\u00e1mites que se incorporan a VUCE: Importaci\u00f3n, Exportaci\u00f3n y Tr\u00e1nsito de Estupefacientes, Psicof\u00e1rmacos, Precursores y Productos Qu\u00edmicos.<\/p>\n<p>&nbsp;<\/p>\n<p>&nbsp;<\/p>\n<p><a href=\"http:\/\/vuce.gub.uy\/staging1500\/wp-content\/uploads\/2015\/11\/invitacionlanzamientoMSP.png\"><img decoding=\"async\" class=\"aligncenter size-full wp-image-2142\" alt=\"invitacionlanzamientoMSP\" src=\"http:\/\/vuce.gub.uy\/staging1500\/wp-content\/uploads\/2015\/11\/invitacionlanzamientoMSP.png\" width=\"924\" height=\"600\" srcset=\"https:\/\/vuce.gub.uy\/staging1500\/wp-content\/uploads\/2015\/11\/invitacionlanzamientoMSP-200x130.png 200w, https:\/\/vuce.gub.uy\/staging1500\/wp-content\/uploads\/2015\/11\/invitacionlanzamientoMSP-300x195.png 300w, https:\/\/vuce.gub.uy\/staging1500\/wp-content\/uploads\/2015\/11\/invitacionlanzamientoMSP-400x260.png 400w, https:\/\/vuce.gub.uy\/staging1500\/wp-content\/uploads\/2015\/11\/invitacionlanzamientoMSP-600x390.png 600w, https:\/\/vuce.gub.uy\/staging1500\/wp-content\/uploads\/2015\/11\/invitacionlanzamientoMSP-768x499.png 768w, https:\/\/vuce.gub.uy\/staging1500\/wp-content\/uploads\/2015\/11\/invitacionlanzamientoMSP-800x519.png 800w, https:\/\/vuce.gub.uy\/staging1500\/wp-content\/uploads\/2015\/11\/invitacionlanzamientoMSP.png 924w\" sizes=\"(max-width: 924px) 100vw, 924px\" \/><\/a><\/p>\n","protected":false},"excerpt":{"rendered":"<p>El 24\/11\/2015 se realizar\u00e1 lanzamiento del Acuerdo Espec\u00edfico de Cooperaci\u00f3n T\u00e9cnica para el desarrollo de la Ventanilla \u00danica de Comercio Exterior entre el Ministerio de Salud P\u00fablica, la Direcci\u00f3n Nacional de Aduanas, la Agencia de Gobierno Electr\u00f3nico (AGESIC) y Uruguay XXI.<\/p>\n","protected":false},"author":1,"featured_media":2137,"comment_status":"closed","ping_status":"open","sticky":false,"template":"","format":"standard","meta":{"footnotes":""},"categories":[3],"tags":[],"yoast_head":"<!-- This site is optimized with the Yoast SEO plugin v21.5 - https:\/\/yoast.com\/wordpress\/plugins\/seo\/ -->\n<title>Firma de Acuerdo Espec\u00edfico de Cooperaci\u00f3n T\u00e9cnica MSP - DNA - AGESIC - VUCE - VUCE<\/title>\n<meta name=\"robots\" content=\"index, follow, max-snippet:-1, max-image-preview:large, max-video-preview:-1\" \/>\n<link rel=\"canonical\" href=\"https:\/\/vuce.gub.uy\/staging1500\/firma-de-acuerdo-especifico-de-cooperacion-tecnica-msp-dna-agesic-vuce\/\" \/>\n<meta property=\"og:locale\" content=\"es_ES\" \/>\n<meta property=\"og:type\" content=\"article\" \/>\n<meta property=\"og:title\" content=\"Firma de Acuerdo Espec\u00edfico de Cooperaci\u00f3n T\u00e9cnica MSP - DNA - AGESIC - VUCE - VUCE\" \/>\n<meta property=\"og:description\" content=\"El 24\/11\/2015 se realizar\u00e1 lanzamiento del Acuerdo Espec\u00edfico de Cooperaci\u00f3n T\u00e9cnica para el desarrollo de la Ventanilla \u00danica de Comercio Exterior entre el Ministerio de Salud P\u00fablica, la Direcci\u00f3n Nacional de Aduanas, la Agencia de Gobierno Electr\u00f3nico (AGESIC) y Uruguay XXI.\" \/>\n<meta property=\"og:url\" content=\"https:\/\/vuce.gub.uy\/staging1500\/firma-de-acuerdo-especifico-de-cooperacion-tecnica-msp-dna-agesic-vuce\/\" \/>\n<meta property=\"og:site_name\" content=\"VUCE\" \/>\n<meta property=\"article:published_time\" content=\"2015-11-13T14:16:15+00:00\" \/>\n<meta property=\"og:image\" content=\"https:\/\/vuce.gub.uy\/staging1500\/wp-content\/uploads\/2015\/11\/invitacion_22.png\" \/>\n\t<meta property=\"og:image:width\" content=\"1055\" \/>\n\t<meta property=\"og:image:height\" content=\"349\" \/>\n\t<meta property=\"og:image:type\" content=\"image\/png\" \/>\n<meta name=\"author\" content=\"vuce\" \/>\n<meta name=\"twitter:card\" content=\"summary_large_image\" \/>\n<meta name=\"twitter:label1\" content=\"Escrito por\" \/>\n\t<meta name=\"twitter:data1\" content=\"vuce\" \/>\n\t<meta name=\"twitter:label2\" content=\"Tiempo de lectura\" \/>\n\t<meta name=\"twitter:data2\" content=\"1 minuto\" \/>\n<script type=\"application\/ld+json\" class=\"yoast-schema-graph\">{\"@context\":\"https:\/\/schema.org\",\"@graph\":[{\"@type\":\"WebPage\",\"@id\":\"https:\/\/vuce.gub.uy\/staging1500\/firma-de-acuerdo-especifico-de-cooperacion-tecnica-msp-dna-agesic-vuce\/\",\"url\":\"https:\/\/vuce.gub.uy\/staging1500\/firma-de-acuerdo-especifico-de-cooperacion-tecnica-msp-dna-agesic-vuce\/\",\"name\":\"Firma de Acuerdo Espec\u00edfico de Cooperaci\u00f3n T\u00e9cnica MSP - DNA - AGESIC - VUCE - VUCE\",\"isPartOf\":{\"@id\":\"https:\/\/vuce.gub.uy\/staging1500\/#website\"},\"datePublished\":\"2015-11-13T14:16:15+00:00\",\"dateModified\":\"2015-11-13T14:16:15+00:00\",\"author\":{\"@id\":\"https:\/\/vuce.gub.uy\/staging1500\/#\/schema\/person\/8328845af156cc1910f16419d63591a6\"},\"breadcrumb\":{\"@id\":\"https:\/\/vuce.gub.uy\/staging1500\/firma-de-acuerdo-especifico-de-cooperacion-tecnica-msp-dna-agesic-vuce\/#breadcrumb\"},\"inLanguage\":\"es-AR\",\"potentialAction\":[{\"@type\":\"ReadAction\",\"target\":[\"https:\/\/vuce.gub.uy\/staging1500\/firma-de-acuerdo-especifico-de-cooperacion-tecnica-msp-dna-agesic-vuce\/\"]}]},{\"@type\":\"BreadcrumbList\",\"@id\":\"https:\/\/vuce.gub.uy\/staging1500\/firma-de-acuerdo-especifico-de-cooperacion-tecnica-msp-dna-agesic-vuce\/#breadcrumb\",\"itemListElement\":[{\"@type\":\"ListItem\",\"position\":1,\"name\":\"Inicio\",\"item\":\"https:\/\/vuce.gub.uy\/staging1500\/\"},{\"@type\":\"ListItem\",\"position\":2,\"name\":\"Firma de Acuerdo Espec\u00edfico de Cooperaci\u00f3n T\u00e9cnica MSP &#8211; DNA &#8211; AGESIC &#8211; VUCE\"}]},{\"@type\":\"WebSite\",\"@id\":\"https:\/\/vuce.gub.uy\/staging1500\/#website\",\"url\":\"https:\/\/vuce.gub.uy\/staging1500\/\",\"name\":\"VUCE\",\"description\":\"\",\"potentialAction\":[{\"@type\":\"SearchAction\",\"target\":{\"@type\":\"EntryPoint\",\"urlTemplate\":\"https:\/\/vuce.gub.uy\/staging1500\/?s={search_term_string}\"},\"query-input\":\"required name=search_term_string\"}],\"inLanguage\":\"es-AR\"},{\"@type\":\"Person\",\"@id\":\"https:\/\/vuce.gub.uy\/staging1500\/#\/schema\/person\/8328845af156cc1910f16419d63591a6\",\"name\":\"vuce\",\"url\":\"https:\/\/vuce.gub.uy\/staging1500\/author\/vuce\/\"}]}<\/script>\n<!-- \/ Yoast SEO plugin. -->","yoast_head_json":{"title":"Firma de Acuerdo Espec\u00edfico de Cooperaci\u00f3n T\u00e9cnica MSP - DNA - AGESIC - VUCE - VUCE","robots":{"index":"index","follow":"follow","max-snippet":"max-snippet:-1","max-image-preview":"max-image-preview:large","max-video-preview":"max-video-preview:-1"},"canonical":"https:\/\/vuce.gub.uy\/staging1500\/firma-de-acuerdo-especifico-de-cooperacion-tecnica-msp-dna-agesic-vuce\/","og_locale":"es_ES","og_type":"article","og_title":"Firma de Acuerdo Espec\u00edfico de Cooperaci\u00f3n T\u00e9cnica MSP - DNA - AGESIC - VUCE - VUCE","og_description":"El 24\/11\/2015 se realizar\u00e1 lanzamiento del Acuerdo Espec\u00edfico de Cooperaci\u00f3n T\u00e9cnica para el desarrollo de la Ventanilla \u00danica de Comercio Exterior entre el Ministerio de Salud P\u00fablica, la Direcci\u00f3n Nacional de Aduanas, la Agencia de Gobierno Electr\u00f3nico (AGESIC) y Uruguay XXI.","og_url":"https:\/\/vuce.gub.uy\/staging1500\/firma-de-acuerdo-especifico-de-cooperacion-tecnica-msp-dna-agesic-vuce\/","og_site_name":"VUCE","article_published_time":"2015-11-13T14:16:15+00:00","og_image":[{"width":1055,"height":349,"url":"https:\/\/vuce.gub.uy\/staging1500\/wp-content\/uploads\/2015\/11\/invitacion_22.png","type":"image\/png"}],"author":"vuce","twitter_card":"summary_large_image","twitter_misc":{"Escrito por":"vuce","Tiempo de lectura":"1 minuto"},"schema":{"@context":"https:\/\/schema.org","@graph":[{"@type":"WebPage","@id":"https:\/\/vuce.gub.uy\/staging1500\/firma-de-acuerdo-especifico-de-cooperacion-tecnica-msp-dna-agesic-vuce\/","url":"https:\/\/vuce.gub.uy\/staging1500\/firma-de-acuerdo-especifico-de-cooperacion-tecnica-msp-dna-agesic-vuce\/","name":"Firma de Acuerdo Espec\u00edfico de Cooperaci\u00f3n T\u00e9cnica MSP - DNA - AGESIC - VUCE - VUCE","isPartOf":{"@id":"https:\/\/vuce.gub.uy\/staging1500\/#website"},"datePublished":"2015-11-13T14:16:15+00:00","dateModified":"2015-11-13T14:16:15+00:00","author":{"@id":"https:\/\/vuce.gub.uy\/staging1500\/#\/schema\/person\/8328845af156cc1910f16419d63591a6"},"breadcrumb":{"@id":"https:\/\/vuce.gub.uy\/staging1500\/firma-de-acuerdo-especifico-de-cooperacion-tecnica-msp-dna-agesic-vuce\/#breadcrumb"},"inLanguage":"es-AR","potentialAction":[{"@type":"ReadAction","target":["https:\/\/vuce.gub.uy\/staging1500\/firma-de-acuerdo-especifico-de-cooperacion-tecnica-msp-dna-agesic-vuce\/"]}]},{"@type":"BreadcrumbList","@id":"https:\/\/vuce.gub.uy\/staging1500\/firma-de-acuerdo-especifico-de-cooperacion-tecnica-msp-dna-agesic-vuce\/#breadcrumb","itemListElement":[{"@type":"ListItem","position":1,"name":"Inicio","item":"https:\/\/vuce.gub.uy\/staging1500\/"},{"@type":"ListItem","position":2,"name":"Firma de Acuerdo Espec\u00edfico de Cooperaci\u00f3n T\u00e9cnica MSP &#8211; DNA &#8211; AGESIC &#8211; VUCE"}]},{"@type":"WebSite","@id":"https:\/\/vuce.gub.uy\/staging1500\/#website","url":"https:\/\/vuce.gub.uy\/staging1500\/","name":"VUCE","description":"","potentialAction":[{"@type":"SearchAction","target":{"@type":"EntryPoint","urlTemplate":"https:\/\/vuce.gub.uy\/staging1500\/?s={search_term_string}"},"query-input":"required name=search_term_string"}],"inLanguage":"es-AR"},{"@type":"Person","@id":"https:\/\/vuce.gub.uy\/staging1500\/#\/schema\/person\/8328845af156cc1910f16419d63591a6","name":"vuce","url":"https:\/\/vuce.gub.uy\/staging1500\/author\/vuce\/"}]}},"_links":{"self":[{"href":"https:\/\/vuce.gub.uy\/staging1500\/wp-json\/wp\/v2\/posts\/2132"}],"collection":[{"href":"https:\/\/vuce.gub.uy\/staging1500\/wp-json\/wp\/v2\/posts"}],"about":[{"href":"https:\/\/vuce.gub.uy\/staging1500\/wp-json\/wp\/v2\/types\/post"}],"author":[{"embeddable":true,"href":"https:\/\/vuce.gub.uy\/staging1500\/wp-json\/wp\/v2\/users\/1"}],"replies":[{"embeddable":true,"href":"https:\/\/vuce.gub.uy\/staging1500\/wp-json\/wp\/v2\/comments?post=2132"}],"version-history":[{"count":0,"href":"https:\/\/vuce.gub.uy\/staging1500\/wp-json\/wp\/v2\/posts\/2132\/revisions"}],"wp:featuredmedia":[{"embeddable":true,"href":"https:\/\/vuce.gub.uy\/staging1500\/wp-json\/wp\/v2\/media\/2137"}],"wp:attachment":[{"href":"https:\/\/vuce.gub.uy\/staging1500\/wp-json\/wp\/v2\/media?parent=2132"}],"wp:term":[{"taxonomy":"category","embeddable":true,"href":"https:\/\/vuce.gub.uy\/staging1500\/wp-json\/wp\/v2\/categories?post=2132"},{"taxonomy":"post_tag","embeddable":true,"href":"https:\/\/vuce.gub.uy\/staging1500\/wp-json\/wp\/v2\/tags?post=2132"}],"curies":[{"name":"wp","href":"https:\/\/api.w.org\/{rel}","templated":true}]}}