{"id":2144,"date":"2015-11-25T14:25:58","date_gmt":"2015-11-25T14:25:58","guid":{"rendered":"http:\/\/vuce.gub.uy\/staging1500\/?p=2144"},"modified":"2015-11-25T14:25:58","modified_gmt":"2015-11-25T14:25:58","slug":"lanzamiento-oficial-de-los-nuevos-procesos-de-msp-que-ingresaran-la-vuce","status":"publish","type":"post","link":"https:\/\/vuce.gub.uy\/staging1500\/lanzamiento-oficial-de-los-nuevos-procesos-de-msp-que-ingresaran-la-vuce\/","title":{"rendered":"Lanzamiento oficial de los nuevos procesos de MSP que ingresar\u00e1n a la VUCE."},"content":{"rendered":"<p>En el d\u00eda martes 24\/11 se realiz\u00f3 en el Sal\u00f3n de Actos del Ministerio de Salud P\u00fablica el lanzamiento oficial de los nuevos procesos de MSP que ingresar\u00e1n a la Ventanilla \u00danica de Comercio Exterior. El evento cont\u00f3 con la presencia del Sr. Ministro de Salud P\u00fablica Dr. Jorge Basso, el Director Nacional de Aduanas Cr. Enrique Canon, el Ing. Jos\u00e9 Clastornik, Director Ejecutivo de AGESIC, y el Dr. Antonio Car\u00e1mbula, Director Ejecutivo del Instituto Uruguay XXI quienes suscribieron un Acuerdo de Cooperaci\u00f3n Institucional, reafirmando el compromiso de las partes de continuar implementado nuevos tr\u00e1mites en la Ventanilla \u00fanica de Comercio Exterior avanzando hacia la concreci\u00f3n del Gobierno Electr\u00f3nico.<br \/>\nLos primeros procesos que ser\u00e1n modelados en la plataforma ser\u00e1n las autorizaciones que emite la Divisi\u00f3n Sustancias Controladas de MSP para la importaci\u00f3n, exportaci\u00f3n y el tr\u00e1nsito de estupefacientes, precursores y productos qu\u00edmicos y sicotr\u00f3picos. Estos procesos comenzar\u00e1n a funcionar en la plataforma a partir del lunes 30\/11.<\/p>\n<p>Luego de la firma integrantes del equipo de VUCE y del MSP hicieron una breve introducci\u00f3n sobre el funcionamiento de la VUCE y los requisitos para operar la plataforma.<\/p>\n<p>El mi\u00e9rcoles 25\/11 hora 14 se llevar\u00e1 a cabo en la Asociaci\u00f3n de Despachantes de Aduanas del Uruguay una capacitaci\u00f3n dirigida a todos los usuarios involucrados con los procesos mencionados.<\/p>\n<p><a href=\"http:\/\/vuce.gub.uy\/staging1500\/wp-content\/uploads\/2015\/11\/Acuerdo-VUCE.MSP_.AGESIC.DNA-2015.pdf\" target=\"_blank\">Acuerdo MSP &#8211; AGESIC &#8211; DNA &#8211; VUCE 2015<\/a><\/p>\n","protected":false},"excerpt":{"rendered":"<p>En el d\u00eda martes 24\/11 se realiz\u00f3 en el Sal\u00f3n de Actos del Ministerio de Salud P\u00fablica el lanzamiento oficial de los nuevos procesos de MSP que ingresar\u00e1n a la Ventanilla \u00danica de Comercio Exterior.<\/p>\n","protected":false},"author":1,"featured_media":2146,"comment_status":"closed","ping_status":"open","sticky":false,"template":"","format":"standard","meta":{"footnotes":""},"categories":[3],"tags":[],"yoast_head":"<!-- This site is optimized with the Yoast SEO plugin v21.5 - https:\/\/yoast.com\/wordpress\/plugins\/seo\/ -->\n<title>Lanzamiento oficial de los nuevos procesos de MSP que ingresar\u00e1n a la VUCE. - VUCE<\/title>\n<meta name=\"robots\" content=\"index, follow, max-snippet:-1, max-image-preview:large, max-video-preview:-1\" \/>\n<link rel=\"canonical\" href=\"https:\/\/vuce.gub.uy\/staging1500\/lanzamiento-oficial-de-los-nuevos-procesos-de-msp-que-ingresaran-la-vuce\/\" \/>\n<meta property=\"og:locale\" content=\"es_ES\" \/>\n<meta property=\"og:type\" content=\"article\" \/>\n<meta property=\"og:title\" content=\"Lanzamiento oficial de los nuevos procesos de MSP que ingresar\u00e1n a la VUCE. - VUCE\" \/>\n<meta property=\"og:description\" content=\"En el d\u00eda martes 24\/11 se realiz\u00f3 en el Sal\u00f3n de Actos del Ministerio de Salud P\u00fablica el lanzamiento oficial de los nuevos procesos de MSP que ingresar\u00e1n a la Ventanilla \u00danica de Comercio Exterior.\" \/>\n<meta property=\"og:url\" content=\"https:\/\/vuce.gub.uy\/staging1500\/lanzamiento-oficial-de-los-nuevos-procesos-de-msp-que-ingresaran-la-vuce\/\" \/>\n<meta property=\"og:site_name\" content=\"VUCE\" \/>\n<meta property=\"article:published_time\" content=\"2015-11-25T14:25:58+00:00\" \/>\n<meta property=\"og:image\" content=\"https:\/\/vuce.gub.uy\/staging1500\/wp-content\/uploads\/2015\/11\/CUlGDXuWEAAWNLt.jpg\" \/>\n\t<meta property=\"og:image:width\" content=\"1024\" \/>\n\t<meta property=\"og:image:height\" content=\"576\" \/>\n\t<meta property=\"og:image:type\" content=\"image\/jpeg\" \/>\n<meta name=\"author\" content=\"vuce\" \/>\n<meta name=\"twitter:card\" content=\"summary_large_image\" \/>\n<meta name=\"twitter:label1\" content=\"Escrito por\" \/>\n\t<meta name=\"twitter:data1\" content=\"vuce\" \/>\n\t<meta name=\"twitter:label2\" content=\"Tiempo de lectura\" \/>\n\t<meta name=\"twitter:data2\" content=\"1 minuto\" \/>\n<script type=\"application\/ld+json\" class=\"yoast-schema-graph\">{\"@context\":\"https:\/\/schema.org\",\"@graph\":[{\"@type\":\"WebPage\",\"@id\":\"https:\/\/vuce.gub.uy\/staging1500\/lanzamiento-oficial-de-los-nuevos-procesos-de-msp-que-ingresaran-la-vuce\/\",\"url\":\"https:\/\/vuce.gub.uy\/staging1500\/lanzamiento-oficial-de-los-nuevos-procesos-de-msp-que-ingresaran-la-vuce\/\",\"name\":\"Lanzamiento oficial de los nuevos procesos de MSP que ingresar\u00e1n a la VUCE. - VUCE\",\"isPartOf\":{\"@id\":\"https:\/\/vuce.gub.uy\/staging1500\/#website\"},\"datePublished\":\"2015-11-25T14:25:58+00:00\",\"dateModified\":\"2015-11-25T14:25:58+00:00\",\"author\":{\"@id\":\"https:\/\/vuce.gub.uy\/staging1500\/#\/schema\/person\/8328845af156cc1910f16419d63591a6\"},\"breadcrumb\":{\"@id\":\"https:\/\/vuce.gub.uy\/staging1500\/lanzamiento-oficial-de-los-nuevos-procesos-de-msp-que-ingresaran-la-vuce\/#breadcrumb\"},\"inLanguage\":\"es-AR\",\"potentialAction\":[{\"@type\":\"ReadAction\",\"target\":[\"https:\/\/vuce.gub.uy\/staging1500\/lanzamiento-oficial-de-los-nuevos-procesos-de-msp-que-ingresaran-la-vuce\/\"]}]},{\"@type\":\"BreadcrumbList\",\"@id\":\"https:\/\/vuce.gub.uy\/staging1500\/lanzamiento-oficial-de-los-nuevos-procesos-de-msp-que-ingresaran-la-vuce\/#breadcrumb\",\"itemListElement\":[{\"@type\":\"ListItem\",\"position\":1,\"name\":\"Inicio\",\"item\":\"https:\/\/vuce.gub.uy\/staging1500\/\"},{\"@type\":\"ListItem\",\"position\":2,\"name\":\"Lanzamiento oficial de los nuevos procesos de MSP que ingresar\u00e1n a la VUCE.\"}]},{\"@type\":\"WebSite\",\"@id\":\"https:\/\/vuce.gub.uy\/staging1500\/#website\",\"url\":\"https:\/\/vuce.gub.uy\/staging1500\/\",\"name\":\"VUCE\",\"description\":\"\",\"potentialAction\":[{\"@type\":\"SearchAction\",\"target\":{\"@type\":\"EntryPoint\",\"urlTemplate\":\"https:\/\/vuce.gub.uy\/staging1500\/?s={search_term_string}\"},\"query-input\":\"required name=search_term_string\"}],\"inLanguage\":\"es-AR\"},{\"@type\":\"Person\",\"@id\":\"https:\/\/vuce.gub.uy\/staging1500\/#\/schema\/person\/8328845af156cc1910f16419d63591a6\",\"name\":\"vuce\",\"url\":\"https:\/\/vuce.gub.uy\/staging1500\/author\/vuce\/\"}]}<\/script>\n<!-- \/ Yoast SEO plugin. -->","yoast_head_json":{"title":"Lanzamiento oficial de los nuevos procesos de MSP que ingresar\u00e1n a la VUCE. - VUCE","robots":{"index":"index","follow":"follow","max-snippet":"max-snippet:-1","max-image-preview":"max-image-preview:large","max-video-preview":"max-video-preview:-1"},"canonical":"https:\/\/vuce.gub.uy\/staging1500\/lanzamiento-oficial-de-los-nuevos-procesos-de-msp-que-ingresaran-la-vuce\/","og_locale":"es_ES","og_type":"article","og_title":"Lanzamiento oficial de los nuevos procesos de MSP que ingresar\u00e1n a la VUCE. - VUCE","og_description":"En el d\u00eda martes 24\/11 se realiz\u00f3 en el Sal\u00f3n de Actos del Ministerio de Salud P\u00fablica el lanzamiento oficial de los nuevos procesos de MSP que ingresar\u00e1n a la Ventanilla \u00danica de Comercio Exterior.","og_url":"https:\/\/vuce.gub.uy\/staging1500\/lanzamiento-oficial-de-los-nuevos-procesos-de-msp-que-ingresaran-la-vuce\/","og_site_name":"VUCE","article_published_time":"2015-11-25T14:25:58+00:00","og_image":[{"width":1024,"height":576,"url":"https:\/\/vuce.gub.uy\/staging1500\/wp-content\/uploads\/2015\/11\/CUlGDXuWEAAWNLt.jpg","type":"image\/jpeg"}],"author":"vuce","twitter_card":"summary_large_image","twitter_misc":{"Escrito por":"vuce","Tiempo de lectura":"1 minuto"},"schema":{"@context":"https:\/\/schema.org","@graph":[{"@type":"WebPage","@id":"https:\/\/vuce.gub.uy\/staging1500\/lanzamiento-oficial-de-los-nuevos-procesos-de-msp-que-ingresaran-la-vuce\/","url":"https:\/\/vuce.gub.uy\/staging1500\/lanzamiento-oficial-de-los-nuevos-procesos-de-msp-que-ingresaran-la-vuce\/","name":"Lanzamiento oficial de los nuevos procesos de MSP que ingresar\u00e1n a la VUCE. - VUCE","isPartOf":{"@id":"https:\/\/vuce.gub.uy\/staging1500\/#website"},"datePublished":"2015-11-25T14:25:58+00:00","dateModified":"2015-11-25T14:25:58+00:00","author":{"@id":"https:\/\/vuce.gub.uy\/staging1500\/#\/schema\/person\/8328845af156cc1910f16419d63591a6"},"breadcrumb":{"@id":"https:\/\/vuce.gub.uy\/staging1500\/lanzamiento-oficial-de-los-nuevos-procesos-de-msp-que-ingresaran-la-vuce\/#breadcrumb"},"inLanguage":"es-AR","potentialAction":[{"@type":"ReadAction","target":["https:\/\/vuce.gub.uy\/staging1500\/lanzamiento-oficial-de-los-nuevos-procesos-de-msp-que-ingresaran-la-vuce\/"]}]},{"@type":"BreadcrumbList","@id":"https:\/\/vuce.gub.uy\/staging1500\/lanzamiento-oficial-de-los-nuevos-procesos-de-msp-que-ingresaran-la-vuce\/#breadcrumb","itemListElement":[{"@type":"ListItem","position":1,"name":"Inicio","item":"https:\/\/vuce.gub.uy\/staging1500\/"},{"@type":"ListItem","position":2,"name":"Lanzamiento oficial de los nuevos procesos de MSP que ingresar\u00e1n a la VUCE."}]},{"@type":"WebSite","@id":"https:\/\/vuce.gub.uy\/staging1500\/#website","url":"https:\/\/vuce.gub.uy\/staging1500\/","name":"VUCE","description":"","potentialAction":[{"@type":"SearchAction","target":{"@type":"EntryPoint","urlTemplate":"https:\/\/vuce.gub.uy\/staging1500\/?s={search_term_string}"},"query-input":"required name=search_term_string"}],"inLanguage":"es-AR"},{"@type":"Person","@id":"https:\/\/vuce.gub.uy\/staging1500\/#\/schema\/person\/8328845af156cc1910f16419d63591a6","name":"vuce","url":"https:\/\/vuce.gub.uy\/staging1500\/author\/vuce\/"}]}},"_links":{"self":[{"href":"https:\/\/vuce.gub.uy\/staging1500\/wp-json\/wp\/v2\/posts\/2144"}],"collection":[{"href":"https:\/\/vuce.gub.uy\/staging1500\/wp-json\/wp\/v2\/posts"}],"about":[{"href":"https:\/\/vuce.gub.uy\/staging1500\/wp-json\/wp\/v2\/types\/post"}],"author":[{"embeddable":true,"href":"https:\/\/vuce.gub.uy\/staging1500\/wp-json\/wp\/v2\/users\/1"}],"replies":[{"embeddable":true,"href":"https:\/\/vuce.gub.uy\/staging1500\/wp-json\/wp\/v2\/comments?post=2144"}],"version-history":[{"count":0,"href":"https:\/\/vuce.gub.uy\/staging1500\/wp-json\/wp\/v2\/posts\/2144\/revisions"}],"wp:featuredmedia":[{"embeddable":true,"href":"https:\/\/vuce.gub.uy\/staging1500\/wp-json\/wp\/v2\/media\/2146"}],"wp:attachment":[{"href":"https:\/\/vuce.gub.uy\/staging1500\/wp-json\/wp\/v2\/media?parent=2144"}],"wp:term":[{"taxonomy":"category","embeddable":true,"href":"https:\/\/vuce.gub.uy\/staging1500\/wp-json\/wp\/v2\/categories?post=2144"},{"taxonomy":"post_tag","embeddable":true,"href":"https:\/\/vuce.gub.uy\/staging1500\/wp-json\/wp\/v2\/tags?post=2144"}],"curies":[{"name":"wp","href":"https:\/\/api.w.org\/{rel}","templated":true}]}}