{"id":2284,"date":"2016-03-16T19:14:54","date_gmt":"2016-03-16T19:14:54","guid":{"rendered":"http:\/\/vuce.gub.uy\/staging1500\/?p=2284"},"modified":"2016-03-16T19:14:54","modified_gmt":"2016-03-16T19:14:54","slug":"comunidad-de-referentes","status":"publish","type":"post","link":"https:\/\/vuce.gub.uy\/staging1500\/comunidad-de-referentes\/","title":{"rendered":"Comunidad de Referentes"},"content":{"rendered":"<p><span style=\"line-height: 1.5em;\">El 16 de Marzo de 2016 tuvo lugar el Primer Encuentro de la Comunidad de Referentes VUCE.<\/span><\/p>\n<p>La misma fue realizada en la Direcci\u00f3n Nacional de Aduanas y cont\u00f3 con la participaci\u00f3n de funcionarios de gran parte de los organismos integrados a la plataforma.<\/p>\n<p>La comunidad de referentes de VUCE tiene por objetivos:<\/p>\n<ul>\n<li>Priorizar y planificar las actividades necesarias para la correcta implementaci\u00f3n de los Acuerdos de Cooperaci\u00f3n T\u00e9cnica firmados y evaluar el logro de los objetivos espec\u00edficos previstos.<\/li>\n<li>Velar por la mejora de los procesos y tr\u00e1mites integrados a la VUCE en pos de la facilitaci\u00f3n del comercio, la transparencia del estado y una mejor capacidad de control.<\/li>\n<li>Monitorear el cumplimiento de los plazos y t\u00e9rminos de los tr\u00e1mites realizados a trav\u00e9s de VUCE.<\/li>\n<li>Informar peri\u00f3dicamente el nivel de avance de ejecuci\u00f3n del servicio.<\/li>\n<li>Difundir y comunicar los resultados alcanzados, as\u00ed como cambios y nuevas funcionalidades previstas.<\/li>\n<\/ul>\n<p>&nbsp;<\/p>\n<p>En esta primera reuni\u00f3n se presentaron los objetivos y las principales actividades a realizar durante el a\u00f1o.<\/p>\n","protected":false},"excerpt":{"rendered":"<p>Se realiz\u00f3 el primer encuentro en la Direcci\u00f3n Nacional de Aduanas con representantes de los distintos organismos.<\/p>\n","protected":false},"author":1,"featured_media":2283,"comment_status":"closed","ping_status":"open","sticky":false,"template":"","format":"standard","meta":{"footnotes":""},"categories":[3],"tags":[],"yoast_head":"<!-- This site is optimized with the Yoast SEO plugin v21.5 - https:\/\/yoast.com\/wordpress\/plugins\/seo\/ -->\n<title>Comunidad de Referentes - VUCE<\/title>\n<meta name=\"robots\" content=\"index, follow, max-snippet:-1, max-image-preview:large, max-video-preview:-1\" \/>\n<link rel=\"canonical\" href=\"https:\/\/vuce.gub.uy\/staging1500\/comunidad-de-referentes\/\" \/>\n<meta property=\"og:locale\" content=\"es_ES\" \/>\n<meta property=\"og:type\" content=\"article\" \/>\n<meta property=\"og:title\" content=\"Comunidad de Referentes - VUCE\" \/>\n<meta property=\"og:description\" content=\"Se realiz\u00f3 el primer encuentro en la Direcci\u00f3n Nacional de Aduanas con representantes de los distintos organismos.\" \/>\n<meta property=\"og:url\" content=\"https:\/\/vuce.gub.uy\/staging1500\/comunidad-de-referentes\/\" \/>\n<meta property=\"og:site_name\" content=\"VUCE\" \/>\n<meta property=\"article:published_time\" content=\"2016-03-16T19:14:54+00:00\" \/>\n<meta property=\"og:image\" content=\"https:\/\/vuce.gub.uy\/staging1500\/wp-content\/uploads\/2016\/03\/iStock_000018256250_Double.jpg\" \/>\n\t<meta property=\"og:image:width\" content=\"1024\" \/>\n\t<meta property=\"og:image:height\" content=\"683\" \/>\n\t<meta property=\"og:image:type\" content=\"image\/jpeg\" \/>\n<meta name=\"author\" content=\"vuce\" \/>\n<meta name=\"twitter:card\" content=\"summary_large_image\" \/>\n<meta name=\"twitter:label1\" content=\"Escrito por\" \/>\n\t<meta name=\"twitter:data1\" content=\"vuce\" \/>\n\t<meta name=\"twitter:label2\" content=\"Tiempo de lectura\" \/>\n\t<meta name=\"twitter:data2\" content=\"1 minuto\" \/>\n<script type=\"application\/ld+json\" class=\"yoast-schema-graph\">{\"@context\":\"https:\/\/schema.org\",\"@graph\":[{\"@type\":\"WebPage\",\"@id\":\"https:\/\/vuce.gub.uy\/staging1500\/comunidad-de-referentes\/\",\"url\":\"https:\/\/vuce.gub.uy\/staging1500\/comunidad-de-referentes\/\",\"name\":\"Comunidad de Referentes - VUCE\",\"isPartOf\":{\"@id\":\"https:\/\/vuce.gub.uy\/staging1500\/#website\"},\"datePublished\":\"2016-03-16T19:14:54+00:00\",\"dateModified\":\"2016-03-16T19:14:54+00:00\",\"author\":{\"@id\":\"https:\/\/vuce.gub.uy\/staging1500\/#\/schema\/person\/8328845af156cc1910f16419d63591a6\"},\"breadcrumb\":{\"@id\":\"https:\/\/vuce.gub.uy\/staging1500\/comunidad-de-referentes\/#breadcrumb\"},\"inLanguage\":\"es-AR\",\"potentialAction\":[{\"@type\":\"ReadAction\",\"target\":[\"https:\/\/vuce.gub.uy\/staging1500\/comunidad-de-referentes\/\"]}]},{\"@type\":\"BreadcrumbList\",\"@id\":\"https:\/\/vuce.gub.uy\/staging1500\/comunidad-de-referentes\/#breadcrumb\",\"itemListElement\":[{\"@type\":\"ListItem\",\"position\":1,\"name\":\"Inicio\",\"item\":\"https:\/\/vuce.gub.uy\/staging1500\/\"},{\"@type\":\"ListItem\",\"position\":2,\"name\":\"Comunidad de Referentes\"}]},{\"@type\":\"WebSite\",\"@id\":\"https:\/\/vuce.gub.uy\/staging1500\/#website\",\"url\":\"https:\/\/vuce.gub.uy\/staging1500\/\",\"name\":\"VUCE\",\"description\":\"\",\"potentialAction\":[{\"@type\":\"SearchAction\",\"target\":{\"@type\":\"EntryPoint\",\"urlTemplate\":\"https:\/\/vuce.gub.uy\/staging1500\/?s={search_term_string}\"},\"query-input\":\"required name=search_term_string\"}],\"inLanguage\":\"es-AR\"},{\"@type\":\"Person\",\"@id\":\"https:\/\/vuce.gub.uy\/staging1500\/#\/schema\/person\/8328845af156cc1910f16419d63591a6\",\"name\":\"vuce\",\"url\":\"https:\/\/vuce.gub.uy\/staging1500\/author\/vuce\/\"}]}<\/script>\n<!-- \/ Yoast SEO plugin. -->","yoast_head_json":{"title":"Comunidad de Referentes - VUCE","robots":{"index":"index","follow":"follow","max-snippet":"max-snippet:-1","max-image-preview":"max-image-preview:large","max-video-preview":"max-video-preview:-1"},"canonical":"https:\/\/vuce.gub.uy\/staging1500\/comunidad-de-referentes\/","og_locale":"es_ES","og_type":"article","og_title":"Comunidad de Referentes - VUCE","og_description":"Se realiz\u00f3 el primer encuentro en la Direcci\u00f3n Nacional de Aduanas con representantes de los distintos organismos.","og_url":"https:\/\/vuce.gub.uy\/staging1500\/comunidad-de-referentes\/","og_site_name":"VUCE","article_published_time":"2016-03-16T19:14:54+00:00","og_image":[{"width":1024,"height":683,"url":"https:\/\/vuce.gub.uy\/staging1500\/wp-content\/uploads\/2016\/03\/iStock_000018256250_Double.jpg","type":"image\/jpeg"}],"author":"vuce","twitter_card":"summary_large_image","twitter_misc":{"Escrito por":"vuce","Tiempo de lectura":"1 minuto"},"schema":{"@context":"https:\/\/schema.org","@graph":[{"@type":"WebPage","@id":"https:\/\/vuce.gub.uy\/staging1500\/comunidad-de-referentes\/","url":"https:\/\/vuce.gub.uy\/staging1500\/comunidad-de-referentes\/","name":"Comunidad de Referentes - VUCE","isPartOf":{"@id":"https:\/\/vuce.gub.uy\/staging1500\/#website"},"datePublished":"2016-03-16T19:14:54+00:00","dateModified":"2016-03-16T19:14:54+00:00","author":{"@id":"https:\/\/vuce.gub.uy\/staging1500\/#\/schema\/person\/8328845af156cc1910f16419d63591a6"},"breadcrumb":{"@id":"https:\/\/vuce.gub.uy\/staging1500\/comunidad-de-referentes\/#breadcrumb"},"inLanguage":"es-AR","potentialAction":[{"@type":"ReadAction","target":["https:\/\/vuce.gub.uy\/staging1500\/comunidad-de-referentes\/"]}]},{"@type":"BreadcrumbList","@id":"https:\/\/vuce.gub.uy\/staging1500\/comunidad-de-referentes\/#breadcrumb","itemListElement":[{"@type":"ListItem","position":1,"name":"Inicio","item":"https:\/\/vuce.gub.uy\/staging1500\/"},{"@type":"ListItem","position":2,"name":"Comunidad de Referentes"}]},{"@type":"WebSite","@id":"https:\/\/vuce.gub.uy\/staging1500\/#website","url":"https:\/\/vuce.gub.uy\/staging1500\/","name":"VUCE","description":"","potentialAction":[{"@type":"SearchAction","target":{"@type":"EntryPoint","urlTemplate":"https:\/\/vuce.gub.uy\/staging1500\/?s={search_term_string}"},"query-input":"required name=search_term_string"}],"inLanguage":"es-AR"},{"@type":"Person","@id":"https:\/\/vuce.gub.uy\/staging1500\/#\/schema\/person\/8328845af156cc1910f16419d63591a6","name":"vuce","url":"https:\/\/vuce.gub.uy\/staging1500\/author\/vuce\/"}]}},"_links":{"self":[{"href":"https:\/\/vuce.gub.uy\/staging1500\/wp-json\/wp\/v2\/posts\/2284"}],"collection":[{"href":"https:\/\/vuce.gub.uy\/staging1500\/wp-json\/wp\/v2\/posts"}],"about":[{"href":"https:\/\/vuce.gub.uy\/staging1500\/wp-json\/wp\/v2\/types\/post"}],"author":[{"embeddable":true,"href":"https:\/\/vuce.gub.uy\/staging1500\/wp-json\/wp\/v2\/users\/1"}],"replies":[{"embeddable":true,"href":"https:\/\/vuce.gub.uy\/staging1500\/wp-json\/wp\/v2\/comments?post=2284"}],"version-history":[{"count":0,"href":"https:\/\/vuce.gub.uy\/staging1500\/wp-json\/wp\/v2\/posts\/2284\/revisions"}],"wp:featuredmedia":[{"embeddable":true,"href":"https:\/\/vuce.gub.uy\/staging1500\/wp-json\/wp\/v2\/media\/2283"}],"wp:attachment":[{"href":"https:\/\/vuce.gub.uy\/staging1500\/wp-json\/wp\/v2\/media?parent=2284"}],"wp:term":[{"taxonomy":"category","embeddable":true,"href":"https:\/\/vuce.gub.uy\/staging1500\/wp-json\/wp\/v2\/categories?post=2284"},{"taxonomy":"post_tag","embeddable":true,"href":"https:\/\/vuce.gub.uy\/staging1500\/wp-json\/wp\/v2\/tags?post=2284"}],"curies":[{"name":"wp","href":"https:\/\/api.w.org\/{rel}","templated":true}]}}