{"id":251,"date":"2013-03-01T16:32:12","date_gmt":"2013-03-01T16:32:12","guid":{"rendered":"http:\/\/vuce.gub.uy\/staging1500\/?p=251"},"modified":"2013-03-01T16:32:12","modified_gmt":"2013-03-01T16:32:12","slug":"acuerdo-de-cooperacion-vuce-agesic","status":"publish","type":"post","link":"https:\/\/vuce.gub.uy\/staging1500\/acuerdo-de-cooperacion-vuce-agesic\/","title":{"rendered":"Acuerdo de cooperaci\u00f3n VUCE &#8211; AGESIC"},"content":{"rendered":"<p align=\"left\">El 20 de diciembre la Ventanilla \u00danica de Comercio Exterior (VUCE) y la Agencia de Gobierno Electr\u00f3nico y Sociedad de la informaci\u00f3n (AGESIC) firmaron un acuerdo de cooperaci\u00f3n interinstitucional para el desarrollo de la VUCE.<\/p>\n<p align=\"left\">La firma se realiz\u00f3 como parte del Evento de Cierre del A\u00f1o de la Direcci\u00f3n Nacional de Aduanas (instituci\u00f3n que lidera junto con la Comisi\u00f3n Interministerial para Asuntos de Comercio Exterior el proyecto). En dicho acto, estuvieron presentes el Ministro de Econom\u00eda y Finanzas, Ec. Fernando Lorenzo; el Director Nacional de Aduanas, Cr. Enrique Canon, el sub director Nacional de Aduanas, Cr. Guzm\u00e1n Ma\u00f1es; el Lic. Jorge Iribarnegaray, adscripto a la Direcci\u00f3n; el secretario ejecutivo de CIACEX Ec. Emb. \u00c1lvaro Ons y el Ing. Jos\u00e9 Clastornik, director Ejecutivo de AGESIC.<\/p>\n<p align=\"left\">La DNA y la CIACEX lideran en conjunto el proyecto de Ventanilla \u00danica de Comercio Exterior (VUCE), que tiene por objetivo principal la facilitaci\u00f3n del comercio exterior, optimizando y unificando la informaci\u00f3n a trav\u00e9s de medios electr\u00f3nicos en un solo punto de entrada para cumplir con todos los tr\u00e1mites de importaci\u00f3n, exportaci\u00f3n y tr\u00e1nsito.<\/p>\n<p align=\"left\">En este contexto, AGESIC promueve la mejora en la calidad de los servicios de Gobierno Electr\u00f3nico brindados a ciudadanos y a empresas en Uruguay, en particular trabajando en la simplificaci\u00f3n de tr\u00e1mites y en la optimizaci\u00f3n en el uso de las TIC.<\/p>\n<p>&nbsp;<\/p>\n<p>&nbsp;<\/p>\n<p align=\"left\">Acuerdo Firmado<\/p>\n<p>&nbsp;<\/p>\n<p>&nbsp;<\/p>\n","protected":false},"excerpt":{"rendered":"<p>El 20 de diciembre se firm\u00f3 un acuerdo de cooperaci\u00f3n interinstitucional para el desarrollo de la VUCE.<\/p>\n","protected":false},"author":1,"featured_media":252,"comment_status":"closed","ping_status":"open","sticky":false,"template":"","format":"standard","meta":{"footnotes":""},"categories":[2],"tags":[4],"yoast_head":"<!-- This site is optimized with the Yoast SEO plugin v21.5 - https:\/\/yoast.com\/wordpress\/plugins\/seo\/ -->\n<title>Acuerdo de cooperaci\u00f3n VUCE - AGESIC - VUCE<\/title>\n<meta name=\"robots\" content=\"index, follow, max-snippet:-1, max-image-preview:large, max-video-preview:-1\" \/>\n<link rel=\"canonical\" href=\"https:\/\/vuce.gub.uy\/staging1500\/acuerdo-de-cooperacion-vuce-agesic\/\" \/>\n<meta property=\"og:locale\" content=\"es_ES\" \/>\n<meta property=\"og:type\" content=\"article\" \/>\n<meta property=\"og:title\" content=\"Acuerdo de cooperaci\u00f3n VUCE - AGESIC - VUCE\" \/>\n<meta property=\"og:description\" content=\"El 20 de diciembre se firm\u00f3 un acuerdo de cooperaci\u00f3n interinstitucional para el desarrollo de la VUCE.\" \/>\n<meta property=\"og:url\" content=\"https:\/\/vuce.gub.uy\/staging1500\/acuerdo-de-cooperacion-vuce-agesic\/\" \/>\n<meta property=\"og:site_name\" content=\"VUCE\" \/>\n<meta property=\"article:published_time\" content=\"2013-03-01T16:32:12+00:00\" \/>\n<meta property=\"og:image\" content=\"https:\/\/vuce.gub.uy\/staging1500\/wp-content\/uploads\/2013\/03\/foto.png\" \/>\n\t<meta property=\"og:image:width\" content=\"580\" \/>\n\t<meta property=\"og:image:height\" content=\"435\" \/>\n\t<meta property=\"og:image:type\" content=\"image\/png\" \/>\n<meta name=\"author\" content=\"vuce\" \/>\n<meta name=\"twitter:card\" content=\"summary_large_image\" \/>\n<meta name=\"twitter:label1\" content=\"Escrito por\" \/>\n\t<meta name=\"twitter:data1\" content=\"vuce\" \/>\n\t<meta name=\"twitter:label2\" content=\"Tiempo de lectura\" \/>\n\t<meta name=\"twitter:data2\" content=\"1 minuto\" \/>\n<script type=\"application\/ld+json\" class=\"yoast-schema-graph\">{\"@context\":\"https:\/\/schema.org\",\"@graph\":[{\"@type\":\"WebPage\",\"@id\":\"https:\/\/vuce.gub.uy\/staging1500\/acuerdo-de-cooperacion-vuce-agesic\/\",\"url\":\"https:\/\/vuce.gub.uy\/staging1500\/acuerdo-de-cooperacion-vuce-agesic\/\",\"name\":\"Acuerdo de cooperaci\u00f3n VUCE - AGESIC - VUCE\",\"isPartOf\":{\"@id\":\"https:\/\/vuce.gub.uy\/staging1500\/#website\"},\"datePublished\":\"2013-03-01T16:32:12+00:00\",\"dateModified\":\"2013-03-01T16:32:12+00:00\",\"author\":{\"@id\":\"https:\/\/vuce.gub.uy\/staging1500\/#\/schema\/person\/8328845af156cc1910f16419d63591a6\"},\"breadcrumb\":{\"@id\":\"https:\/\/vuce.gub.uy\/staging1500\/acuerdo-de-cooperacion-vuce-agesic\/#breadcrumb\"},\"inLanguage\":\"es-AR\",\"potentialAction\":[{\"@type\":\"ReadAction\",\"target\":[\"https:\/\/vuce.gub.uy\/staging1500\/acuerdo-de-cooperacion-vuce-agesic\/\"]}]},{\"@type\":\"BreadcrumbList\",\"@id\":\"https:\/\/vuce.gub.uy\/staging1500\/acuerdo-de-cooperacion-vuce-agesic\/#breadcrumb\",\"itemListElement\":[{\"@type\":\"ListItem\",\"position\":1,\"name\":\"Inicio\",\"item\":\"https:\/\/vuce.gub.uy\/staging1500\/\"},{\"@type\":\"ListItem\",\"position\":2,\"name\":\"Acuerdo de cooperaci\u00f3n VUCE &#8211; AGESIC\"}]},{\"@type\":\"WebSite\",\"@id\":\"https:\/\/vuce.gub.uy\/staging1500\/#website\",\"url\":\"https:\/\/vuce.gub.uy\/staging1500\/\",\"name\":\"VUCE\",\"description\":\"\",\"potentialAction\":[{\"@type\":\"SearchAction\",\"target\":{\"@type\":\"EntryPoint\",\"urlTemplate\":\"https:\/\/vuce.gub.uy\/staging1500\/?s={search_term_string}\"},\"query-input\":\"required name=search_term_string\"}],\"inLanguage\":\"es-AR\"},{\"@type\":\"Person\",\"@id\":\"https:\/\/vuce.gub.uy\/staging1500\/#\/schema\/person\/8328845af156cc1910f16419d63591a6\",\"name\":\"vuce\",\"url\":\"https:\/\/vuce.gub.uy\/staging1500\/author\/vuce\/\"}]}<\/script>\n<!-- \/ Yoast SEO plugin. -->","yoast_head_json":{"title":"Acuerdo de cooperaci\u00f3n VUCE - AGESIC - VUCE","robots":{"index":"index","follow":"follow","max-snippet":"max-snippet:-1","max-image-preview":"max-image-preview:large","max-video-preview":"max-video-preview:-1"},"canonical":"https:\/\/vuce.gub.uy\/staging1500\/acuerdo-de-cooperacion-vuce-agesic\/","og_locale":"es_ES","og_type":"article","og_title":"Acuerdo de cooperaci\u00f3n VUCE - AGESIC - VUCE","og_description":"El 20 de diciembre se firm\u00f3 un acuerdo de cooperaci\u00f3n interinstitucional para el desarrollo de la VUCE.","og_url":"https:\/\/vuce.gub.uy\/staging1500\/acuerdo-de-cooperacion-vuce-agesic\/","og_site_name":"VUCE","article_published_time":"2013-03-01T16:32:12+00:00","og_image":[{"width":580,"height":435,"url":"https:\/\/vuce.gub.uy\/staging1500\/wp-content\/uploads\/2013\/03\/foto.png","type":"image\/png"}],"author":"vuce","twitter_card":"summary_large_image","twitter_misc":{"Escrito por":"vuce","Tiempo de lectura":"1 minuto"},"schema":{"@context":"https:\/\/schema.org","@graph":[{"@type":"WebPage","@id":"https:\/\/vuce.gub.uy\/staging1500\/acuerdo-de-cooperacion-vuce-agesic\/","url":"https:\/\/vuce.gub.uy\/staging1500\/acuerdo-de-cooperacion-vuce-agesic\/","name":"Acuerdo de cooperaci\u00f3n VUCE - AGESIC - VUCE","isPartOf":{"@id":"https:\/\/vuce.gub.uy\/staging1500\/#website"},"datePublished":"2013-03-01T16:32:12+00:00","dateModified":"2013-03-01T16:32:12+00:00","author":{"@id":"https:\/\/vuce.gub.uy\/staging1500\/#\/schema\/person\/8328845af156cc1910f16419d63591a6"},"breadcrumb":{"@id":"https:\/\/vuce.gub.uy\/staging1500\/acuerdo-de-cooperacion-vuce-agesic\/#breadcrumb"},"inLanguage":"es-AR","potentialAction":[{"@type":"ReadAction","target":["https:\/\/vuce.gub.uy\/staging1500\/acuerdo-de-cooperacion-vuce-agesic\/"]}]},{"@type":"BreadcrumbList","@id":"https:\/\/vuce.gub.uy\/staging1500\/acuerdo-de-cooperacion-vuce-agesic\/#breadcrumb","itemListElement":[{"@type":"ListItem","position":1,"name":"Inicio","item":"https:\/\/vuce.gub.uy\/staging1500\/"},{"@type":"ListItem","position":2,"name":"Acuerdo de cooperaci\u00f3n VUCE &#8211; AGESIC"}]},{"@type":"WebSite","@id":"https:\/\/vuce.gub.uy\/staging1500\/#website","url":"https:\/\/vuce.gub.uy\/staging1500\/","name":"VUCE","description":"","potentialAction":[{"@type":"SearchAction","target":{"@type":"EntryPoint","urlTemplate":"https:\/\/vuce.gub.uy\/staging1500\/?s={search_term_string}"},"query-input":"required name=search_term_string"}],"inLanguage":"es-AR"},{"@type":"Person","@id":"https:\/\/vuce.gub.uy\/staging1500\/#\/schema\/person\/8328845af156cc1910f16419d63591a6","name":"vuce","url":"https:\/\/vuce.gub.uy\/staging1500\/author\/vuce\/"}]}},"_links":{"self":[{"href":"https:\/\/vuce.gub.uy\/staging1500\/wp-json\/wp\/v2\/posts\/251"}],"collection":[{"href":"https:\/\/vuce.gub.uy\/staging1500\/wp-json\/wp\/v2\/posts"}],"about":[{"href":"https:\/\/vuce.gub.uy\/staging1500\/wp-json\/wp\/v2\/types\/post"}],"author":[{"embeddable":true,"href":"https:\/\/vuce.gub.uy\/staging1500\/wp-json\/wp\/v2\/users\/1"}],"replies":[{"embeddable":true,"href":"https:\/\/vuce.gub.uy\/staging1500\/wp-json\/wp\/v2\/comments?post=251"}],"version-history":[{"count":0,"href":"https:\/\/vuce.gub.uy\/staging1500\/wp-json\/wp\/v2\/posts\/251\/revisions"}],"wp:featuredmedia":[{"embeddable":true,"href":"https:\/\/vuce.gub.uy\/staging1500\/wp-json\/wp\/v2\/media\/252"}],"wp:attachment":[{"href":"https:\/\/vuce.gub.uy\/staging1500\/wp-json\/wp\/v2\/media?parent=251"}],"wp:term":[{"taxonomy":"category","embeddable":true,"href":"https:\/\/vuce.gub.uy\/staging1500\/wp-json\/wp\/v2\/categories?post=251"},{"taxonomy":"post_tag","embeddable":true,"href":"https:\/\/vuce.gub.uy\/staging1500\/wp-json\/wp\/v2\/tags?post=251"}],"curies":[{"name":"wp","href":"https:\/\/api.w.org\/{rel}","templated":true}]}}