{"id":307,"date":"2013-03-15T19:11:40","date_gmt":"2013-03-15T19:11:40","guid":{"rendered":"http:\/\/vuce.gub.uy\/staging1500\/?p=307"},"modified":"2013-03-15T19:11:40","modified_gmt":"2013-03-15T19:11:40","slug":"se-iniciara-el-ciclo-de-charlas-informativas","status":"publish","type":"post","link":"https:\/\/vuce.gub.uy\/staging1500\/se-iniciara-el-ciclo-de-charlas-informativas\/","title":{"rendered":"Se iniciar\u00e1 el ciclo de charlas informativas"},"content":{"rendered":"<p>Durante el 2013 se ha programado un ciclo de charlas informativas, con motivo de la puesta en funcionamiento de la Ventanilla \u00danica de Comercio Exterior.<\/p>\n<p>El objetivo del ciclo, ser\u00e1 presentar c\u00f3mo funcionar\u00e1 la Plataforma y recabar comentarios y sugerencias de los distintos actores involucrados.<\/p>\n<p>La primera sesi\u00f3n ser\u00e1 realizada para la Asociaci\u00f3n de Despachantes de Aduana del Uruguay el 10 de abril de 2013. En breve ser\u00e1 publicado el cronograma previsto para las siguientes charlas.<\/p>\n<p>Si est\u00e1s interesado en participar o proponer alguna charla para el cronograma, puedes escribirnos a: ciclodecharlas@vuce.gub.uy<\/p>\n<p>&nbsp;<\/p>\n","protected":false},"excerpt":{"rendered":"<p>Se ha programado un ciclo de charlas informativas, con motivo de la puesta en funcionamiento de la VUCE.<\/p>\n","protected":false},"author":1,"featured_media":312,"comment_status":"closed","ping_status":"open","sticky":false,"template":"","format":"standard","meta":{"footnotes":""},"categories":[3],"tags":[],"yoast_head":"<!-- This site is optimized with the Yoast SEO plugin v21.5 - https:\/\/yoast.com\/wordpress\/plugins\/seo\/ -->\n<title>Se iniciar\u00e1 el ciclo de charlas informativas - VUCE<\/title>\n<meta name=\"robots\" content=\"index, follow, max-snippet:-1, max-image-preview:large, max-video-preview:-1\" \/>\n<link rel=\"canonical\" href=\"https:\/\/vuce.gub.uy\/staging1500\/se-iniciara-el-ciclo-de-charlas-informativas\/\" \/>\n<meta property=\"og:locale\" content=\"es_ES\" \/>\n<meta property=\"og:type\" content=\"article\" \/>\n<meta property=\"og:title\" content=\"Se iniciar\u00e1 el ciclo de charlas informativas - VUCE\" \/>\n<meta property=\"og:description\" content=\"Se ha programado un ciclo de charlas informativas, con motivo de la puesta en funcionamiento de la VUCE.\" \/>\n<meta property=\"og:url\" content=\"https:\/\/vuce.gub.uy\/staging1500\/se-iniciara-el-ciclo-de-charlas-informativas\/\" \/>\n<meta property=\"og:site_name\" content=\"VUCE\" \/>\n<meta property=\"article:published_time\" content=\"2013-03-15T19:11:40+00:00\" \/>\n<meta property=\"og:image\" content=\"https:\/\/vuce.gub.uy\/staging1500\/wp-content\/uploads\/2013\/03\/calendar.jpg\" \/>\n\t<meta property=\"og:image:width\" content=\"3888\" \/>\n\t<meta property=\"og:image:height\" content=\"2592\" \/>\n\t<meta property=\"og:image:type\" content=\"image\/jpeg\" \/>\n<meta name=\"author\" content=\"vuce\" \/>\n<meta name=\"twitter:card\" content=\"summary_large_image\" \/>\n<meta name=\"twitter:label1\" content=\"Escrito por\" \/>\n\t<meta name=\"twitter:data1\" content=\"vuce\" \/>\n<script type=\"application\/ld+json\" class=\"yoast-schema-graph\">{\"@context\":\"https:\/\/schema.org\",\"@graph\":[{\"@type\":\"WebPage\",\"@id\":\"https:\/\/vuce.gub.uy\/staging1500\/se-iniciara-el-ciclo-de-charlas-informativas\/\",\"url\":\"https:\/\/vuce.gub.uy\/staging1500\/se-iniciara-el-ciclo-de-charlas-informativas\/\",\"name\":\"Se iniciar\u00e1 el ciclo de charlas informativas - VUCE\",\"isPartOf\":{\"@id\":\"https:\/\/vuce.gub.uy\/staging1500\/#website\"},\"datePublished\":\"2013-03-15T19:11:40+00:00\",\"dateModified\":\"2013-03-15T19:11:40+00:00\",\"author\":{\"@id\":\"https:\/\/vuce.gub.uy\/staging1500\/#\/schema\/person\/8328845af156cc1910f16419d63591a6\"},\"breadcrumb\":{\"@id\":\"https:\/\/vuce.gub.uy\/staging1500\/se-iniciara-el-ciclo-de-charlas-informativas\/#breadcrumb\"},\"inLanguage\":\"es-AR\",\"potentialAction\":[{\"@type\":\"ReadAction\",\"target\":[\"https:\/\/vuce.gub.uy\/staging1500\/se-iniciara-el-ciclo-de-charlas-informativas\/\"]}]},{\"@type\":\"BreadcrumbList\",\"@id\":\"https:\/\/vuce.gub.uy\/staging1500\/se-iniciara-el-ciclo-de-charlas-informativas\/#breadcrumb\",\"itemListElement\":[{\"@type\":\"ListItem\",\"position\":1,\"name\":\"Inicio\",\"item\":\"https:\/\/vuce.gub.uy\/staging1500\/\"},{\"@type\":\"ListItem\",\"position\":2,\"name\":\"Se iniciar\u00e1 el ciclo de charlas informativas\"}]},{\"@type\":\"WebSite\",\"@id\":\"https:\/\/vuce.gub.uy\/staging1500\/#website\",\"url\":\"https:\/\/vuce.gub.uy\/staging1500\/\",\"name\":\"VUCE\",\"description\":\"\",\"potentialAction\":[{\"@type\":\"SearchAction\",\"target\":{\"@type\":\"EntryPoint\",\"urlTemplate\":\"https:\/\/vuce.gub.uy\/staging1500\/?s={search_term_string}\"},\"query-input\":\"required name=search_term_string\"}],\"inLanguage\":\"es-AR\"},{\"@type\":\"Person\",\"@id\":\"https:\/\/vuce.gub.uy\/staging1500\/#\/schema\/person\/8328845af156cc1910f16419d63591a6\",\"name\":\"vuce\",\"url\":\"https:\/\/vuce.gub.uy\/staging1500\/author\/vuce\/\"}]}<\/script>\n<!-- \/ Yoast SEO plugin. -->","yoast_head_json":{"title":"Se iniciar\u00e1 el ciclo de charlas informativas - VUCE","robots":{"index":"index","follow":"follow","max-snippet":"max-snippet:-1","max-image-preview":"max-image-preview:large","max-video-preview":"max-video-preview:-1"},"canonical":"https:\/\/vuce.gub.uy\/staging1500\/se-iniciara-el-ciclo-de-charlas-informativas\/","og_locale":"es_ES","og_type":"article","og_title":"Se iniciar\u00e1 el ciclo de charlas informativas - VUCE","og_description":"Se ha programado un ciclo de charlas informativas, con motivo de la puesta en funcionamiento de la VUCE.","og_url":"https:\/\/vuce.gub.uy\/staging1500\/se-iniciara-el-ciclo-de-charlas-informativas\/","og_site_name":"VUCE","article_published_time":"2013-03-15T19:11:40+00:00","og_image":[{"width":3888,"height":2592,"url":"https:\/\/vuce.gub.uy\/staging1500\/wp-content\/uploads\/2013\/03\/calendar.jpg","type":"image\/jpeg"}],"author":"vuce","twitter_card":"summary_large_image","twitter_misc":{"Escrito por":"vuce"},"schema":{"@context":"https:\/\/schema.org","@graph":[{"@type":"WebPage","@id":"https:\/\/vuce.gub.uy\/staging1500\/se-iniciara-el-ciclo-de-charlas-informativas\/","url":"https:\/\/vuce.gub.uy\/staging1500\/se-iniciara-el-ciclo-de-charlas-informativas\/","name":"Se iniciar\u00e1 el ciclo de charlas informativas - VUCE","isPartOf":{"@id":"https:\/\/vuce.gub.uy\/staging1500\/#website"},"datePublished":"2013-03-15T19:11:40+00:00","dateModified":"2013-03-15T19:11:40+00:00","author":{"@id":"https:\/\/vuce.gub.uy\/staging1500\/#\/schema\/person\/8328845af156cc1910f16419d63591a6"},"breadcrumb":{"@id":"https:\/\/vuce.gub.uy\/staging1500\/se-iniciara-el-ciclo-de-charlas-informativas\/#breadcrumb"},"inLanguage":"es-AR","potentialAction":[{"@type":"ReadAction","target":["https:\/\/vuce.gub.uy\/staging1500\/se-iniciara-el-ciclo-de-charlas-informativas\/"]}]},{"@type":"BreadcrumbList","@id":"https:\/\/vuce.gub.uy\/staging1500\/se-iniciara-el-ciclo-de-charlas-informativas\/#breadcrumb","itemListElement":[{"@type":"ListItem","position":1,"name":"Inicio","item":"https:\/\/vuce.gub.uy\/staging1500\/"},{"@type":"ListItem","position":2,"name":"Se iniciar\u00e1 el ciclo de charlas informativas"}]},{"@type":"WebSite","@id":"https:\/\/vuce.gub.uy\/staging1500\/#website","url":"https:\/\/vuce.gub.uy\/staging1500\/","name":"VUCE","description":"","potentialAction":[{"@type":"SearchAction","target":{"@type":"EntryPoint","urlTemplate":"https:\/\/vuce.gub.uy\/staging1500\/?s={search_term_string}"},"query-input":"required name=search_term_string"}],"inLanguage":"es-AR"},{"@type":"Person","@id":"https:\/\/vuce.gub.uy\/staging1500\/#\/schema\/person\/8328845af156cc1910f16419d63591a6","name":"vuce","url":"https:\/\/vuce.gub.uy\/staging1500\/author\/vuce\/"}]}},"_links":{"self":[{"href":"https:\/\/vuce.gub.uy\/staging1500\/wp-json\/wp\/v2\/posts\/307"}],"collection":[{"href":"https:\/\/vuce.gub.uy\/staging1500\/wp-json\/wp\/v2\/posts"}],"about":[{"href":"https:\/\/vuce.gub.uy\/staging1500\/wp-json\/wp\/v2\/types\/post"}],"author":[{"embeddable":true,"href":"https:\/\/vuce.gub.uy\/staging1500\/wp-json\/wp\/v2\/users\/1"}],"replies":[{"embeddable":true,"href":"https:\/\/vuce.gub.uy\/staging1500\/wp-json\/wp\/v2\/comments?post=307"}],"version-history":[{"count":0,"href":"https:\/\/vuce.gub.uy\/staging1500\/wp-json\/wp\/v2\/posts\/307\/revisions"}],"wp:featuredmedia":[{"embeddable":true,"href":"https:\/\/vuce.gub.uy\/staging1500\/wp-json\/wp\/v2\/media\/312"}],"wp:attachment":[{"href":"https:\/\/vuce.gub.uy\/staging1500\/wp-json\/wp\/v2\/media?parent=307"}],"wp:term":[{"taxonomy":"category","embeddable":true,"href":"https:\/\/vuce.gub.uy\/staging1500\/wp-json\/wp\/v2\/categories?post=307"},{"taxonomy":"post_tag","embeddable":true,"href":"https:\/\/vuce.gub.uy\/staging1500\/wp-json\/wp\/v2\/tags?post=307"}],"curies":[{"name":"wp","href":"https:\/\/api.w.org\/{rel}","templated":true}]}}