{"id":337,"date":"2012-09-27T17:43:17","date_gmt":"2012-09-27T17:43:17","guid":{"rendered":"http:\/\/vuce.gub.uy\/staging1500\/?p=337"},"modified":"2012-09-27T17:43:17","modified_gmt":"2012-09-27T17:43:17","slug":"primera-reunion-de-la-red-interamericana-de-vuces","status":"publish","type":"post","link":"https:\/\/vuce.gub.uy\/staging1500\/primera-reunion-de-la-red-interamericana-de-vuces\/","title":{"rendered":"1\u00ba Reuni\u00f3n de la Red Interamericana de VUCEs"},"content":{"rendered":"<p><strong>Los d\u00edas 27 y 28 de setiembre en Costa Rica se llev\u00f3 adelante la Primera Reuni\u00f3n de la Red Interamericana de Ventanillas \u00danicas, con el objetivo de dar seguimiento a los acuerdos de la reuni\u00f3n de Washington en 2011 y contribuir a los objetivos de la iniciativa Caminos a la Prosperidad en las Am\u00e9ricas<\/strong>.<\/p>\n<p>Durante las jornadas de trabajo, distintos pa\u00edses presentaron sus avances en proyectos de Ventanilla \u00danica de Comercio Exterior, en Certificaci\u00f3n de Origen Digital e Interoperabilidad. Adem\u00e1s de las presentaciones y experiencias compartidas<strong>, como resultado del evento se formaliz\u00f3 la creaci\u00f3n de la Red Interamericana de Ventanillas \u00danicas<\/strong>, con los siguientes objetivos:<\/p>\n<ol>\n<li>Promover el uso de las ventanillas electr\u00f3nicas de comercio como instrumento de apoyo al sector p\u00fablico y privado en sus esfuerzos por facilitar el comercio.<\/li>\n<li>Constituirse como un foro regional que permita crear, centralizar y difundir conocimiento en base\u00a0 a estudios y a la experiencia de las ventanillas de comercio existentes en la regi\u00f3n y el resto del mundo.<\/li>\n<li>Sentar las bases para lograr la integraci\u00f3n de las ventanillas de comercio de la regi\u00f3n y permitir el intercambio electr\u00f3nico de datos y documentos.<\/li>\n<\/ol>\n<p>Como parte de la Declaraci\u00f3n de la Red,\u00a0<strong>se cre\u00f3 el Comit\u00e9 Directivo compuesto por tres pa\u00edses miembros de la RedVUCE<\/strong>, que de manera rotatoria y con car\u00e1cter pro tempore asumen las responsabilidades del comit\u00e9.<\/p>\n<p>Asimismo\u00a0<strong>se crearon tres grupos de trabajo<\/strong>:<\/p>\n<ol>\n<li><strong>Grupos de Armonizaci\u00f3n de Datos<\/strong>: Los trabajos de este grupo de trabajo estar\u00e1n dirigidos a la creaci\u00f3n de un idioma com\u00fan por el que se comunican los actores que participan en la ventanilla de comercio y tambi\u00e9n los pa\u00edses que buscan intercambiar informaci\u00f3n por v\u00eda electr\u00f3nica.\u00a0<strong>Uruguay forma parte del equipo Coordinador de este grupo.<\/strong><\/li>\n<li><strong>Grupo de Trabajo Normativo<\/strong>: los trabajos de este grupo de trabajo estar\u00e1n dirigidos a promover un marco regulatorio\u00a0 en el cual el intercambio y almacenamiento de datos resulte posible y fruct\u00edfero. Este grupo ser\u00eda el encargado de analizar la informaci\u00f3n disponible en estas materias, y acumular la experiencia de los pa\u00edses.<\/li>\n<li><strong>Grupo de Trabajo Tecnol\u00f3gic<\/strong>o: los trabajos de este grupo de trabajo estar\u00e1n dirigidos a promover el consenso con respecto a la forma en que la informaci\u00f3n ser\u00e1 procesada, almacenada e intercambiada, tanto a nivel nacional como regional.<\/li>\n<\/ol>\n<p>M\u00e1s all\u00e1 del Grupo de Armonizaci\u00f3n,\u00a0<strong>Uruguay participar\u00e1 del resto de los grupos<\/strong>\u00a0(Normativa y Tecnolog\u00eda) para intercambiar experiencias y contemplar en el dise\u00f1o de la Ventanilla \u00danica los lineamientos definidos por los miembros de la Red.<\/p>\n","protected":false},"excerpt":{"rendered":"<p>Los d\u00edas 27 y 28 de setiembre en Costa Rica se llev\u00f3 adelante la Primera Reuni\u00f3n de la Red Interamericana de Ventanillas \u00danicas.<\/p>\n","protected":false},"author":1,"featured_media":338,"comment_status":"closed","ping_status":"open","sticky":false,"template":"","format":"standard","meta":{"footnotes":""},"categories":[3],"tags":[],"yoast_head":"<!-- This site is optimized with the Yoast SEO plugin v21.5 - https:\/\/yoast.com\/wordpress\/plugins\/seo\/ -->\n<title>1\u00ba Reuni\u00f3n de la Red Interamericana de VUCEs - VUCE<\/title>\n<meta name=\"robots\" content=\"index, follow, max-snippet:-1, max-image-preview:large, max-video-preview:-1\" \/>\n<link rel=\"canonical\" href=\"https:\/\/vuce.gub.uy\/staging1500\/primera-reunion-de-la-red-interamericana-de-vuces\/\" \/>\n<meta property=\"og:locale\" content=\"es_ES\" \/>\n<meta property=\"og:type\" content=\"article\" \/>\n<meta property=\"og:title\" content=\"1\u00ba Reuni\u00f3n de la Red Interamericana de VUCEs - VUCE\" \/>\n<meta property=\"og:description\" content=\"Los d\u00edas 27 y 28 de setiembre en Costa Rica se llev\u00f3 adelante la Primera Reuni\u00f3n de la Red Interamericana de Ventanillas \u00danicas.\" \/>\n<meta property=\"og:url\" content=\"https:\/\/vuce.gub.uy\/staging1500\/primera-reunion-de-la-red-interamericana-de-vuces\/\" \/>\n<meta property=\"og:site_name\" content=\"VUCE\" \/>\n<meta property=\"article:published_time\" content=\"2012-09-27T17:43:17+00:00\" \/>\n<meta property=\"og:image\" content=\"https:\/\/vuce.gub.uy\/staging1500\/wp-content\/uploads\/2013\/04\/Taller-RedVUCE-Costa-Rica-Foto-1.jpg\" \/>\n\t<meta property=\"og:image:width\" content=\"1024\" \/>\n\t<meta property=\"og:image:height\" content=\"498\" \/>\n\t<meta property=\"og:image:type\" content=\"image\/jpeg\" \/>\n<meta name=\"author\" content=\"vuce\" \/>\n<meta name=\"twitter:card\" content=\"summary_large_image\" \/>\n<meta name=\"twitter:label1\" content=\"Escrito por\" \/>\n\t<meta name=\"twitter:data1\" content=\"vuce\" \/>\n\t<meta name=\"twitter:label2\" content=\"Tiempo de lectura\" \/>\n\t<meta name=\"twitter:data2\" content=\"2 minutos\" \/>\n<script type=\"application\/ld+json\" class=\"yoast-schema-graph\">{\"@context\":\"https:\/\/schema.org\",\"@graph\":[{\"@type\":\"WebPage\",\"@id\":\"https:\/\/vuce.gub.uy\/staging1500\/primera-reunion-de-la-red-interamericana-de-vuces\/\",\"url\":\"https:\/\/vuce.gub.uy\/staging1500\/primera-reunion-de-la-red-interamericana-de-vuces\/\",\"name\":\"1\u00ba Reuni\u00f3n de la Red Interamericana de VUCEs - VUCE\",\"isPartOf\":{\"@id\":\"https:\/\/vuce.gub.uy\/staging1500\/#website\"},\"datePublished\":\"2012-09-27T17:43:17+00:00\",\"dateModified\":\"2012-09-27T17:43:17+00:00\",\"author\":{\"@id\":\"https:\/\/vuce.gub.uy\/staging1500\/#\/schema\/person\/8328845af156cc1910f16419d63591a6\"},\"breadcrumb\":{\"@id\":\"https:\/\/vuce.gub.uy\/staging1500\/primera-reunion-de-la-red-interamericana-de-vuces\/#breadcrumb\"},\"inLanguage\":\"es-AR\",\"potentialAction\":[{\"@type\":\"ReadAction\",\"target\":[\"https:\/\/vuce.gub.uy\/staging1500\/primera-reunion-de-la-red-interamericana-de-vuces\/\"]}]},{\"@type\":\"BreadcrumbList\",\"@id\":\"https:\/\/vuce.gub.uy\/staging1500\/primera-reunion-de-la-red-interamericana-de-vuces\/#breadcrumb\",\"itemListElement\":[{\"@type\":\"ListItem\",\"position\":1,\"name\":\"Inicio\",\"item\":\"https:\/\/vuce.gub.uy\/staging1500\/\"},{\"@type\":\"ListItem\",\"position\":2,\"name\":\"1\u00ba Reuni\u00f3n de la Red Interamericana de VUCEs\"}]},{\"@type\":\"WebSite\",\"@id\":\"https:\/\/vuce.gub.uy\/staging1500\/#website\",\"url\":\"https:\/\/vuce.gub.uy\/staging1500\/\",\"name\":\"VUCE\",\"description\":\"\",\"potentialAction\":[{\"@type\":\"SearchAction\",\"target\":{\"@type\":\"EntryPoint\",\"urlTemplate\":\"https:\/\/vuce.gub.uy\/staging1500\/?s={search_term_string}\"},\"query-input\":\"required name=search_term_string\"}],\"inLanguage\":\"es-AR\"},{\"@type\":\"Person\",\"@id\":\"https:\/\/vuce.gub.uy\/staging1500\/#\/schema\/person\/8328845af156cc1910f16419d63591a6\",\"name\":\"vuce\",\"url\":\"https:\/\/vuce.gub.uy\/staging1500\/author\/vuce\/\"}]}<\/script>\n<!-- \/ Yoast SEO plugin. -->","yoast_head_json":{"title":"1\u00ba Reuni\u00f3n de la Red Interamericana de VUCEs - VUCE","robots":{"index":"index","follow":"follow","max-snippet":"max-snippet:-1","max-image-preview":"max-image-preview:large","max-video-preview":"max-video-preview:-1"},"canonical":"https:\/\/vuce.gub.uy\/staging1500\/primera-reunion-de-la-red-interamericana-de-vuces\/","og_locale":"es_ES","og_type":"article","og_title":"1\u00ba Reuni\u00f3n de la Red Interamericana de VUCEs - VUCE","og_description":"Los d\u00edas 27 y 28 de setiembre en Costa Rica se llev\u00f3 adelante la Primera Reuni\u00f3n de la Red Interamericana de Ventanillas \u00danicas.","og_url":"https:\/\/vuce.gub.uy\/staging1500\/primera-reunion-de-la-red-interamericana-de-vuces\/","og_site_name":"VUCE","article_published_time":"2012-09-27T17:43:17+00:00","og_image":[{"width":1024,"height":498,"url":"https:\/\/vuce.gub.uy\/staging1500\/wp-content\/uploads\/2013\/04\/Taller-RedVUCE-Costa-Rica-Foto-1.jpg","type":"image\/jpeg"}],"author":"vuce","twitter_card":"summary_large_image","twitter_misc":{"Escrito por":"vuce","Tiempo de lectura":"2 minutos"},"schema":{"@context":"https:\/\/schema.org","@graph":[{"@type":"WebPage","@id":"https:\/\/vuce.gub.uy\/staging1500\/primera-reunion-de-la-red-interamericana-de-vuces\/","url":"https:\/\/vuce.gub.uy\/staging1500\/primera-reunion-de-la-red-interamericana-de-vuces\/","name":"1\u00ba Reuni\u00f3n de la Red Interamericana de VUCEs - VUCE","isPartOf":{"@id":"https:\/\/vuce.gub.uy\/staging1500\/#website"},"datePublished":"2012-09-27T17:43:17+00:00","dateModified":"2012-09-27T17:43:17+00:00","author":{"@id":"https:\/\/vuce.gub.uy\/staging1500\/#\/schema\/person\/8328845af156cc1910f16419d63591a6"},"breadcrumb":{"@id":"https:\/\/vuce.gub.uy\/staging1500\/primera-reunion-de-la-red-interamericana-de-vuces\/#breadcrumb"},"inLanguage":"es-AR","potentialAction":[{"@type":"ReadAction","target":["https:\/\/vuce.gub.uy\/staging1500\/primera-reunion-de-la-red-interamericana-de-vuces\/"]}]},{"@type":"BreadcrumbList","@id":"https:\/\/vuce.gub.uy\/staging1500\/primera-reunion-de-la-red-interamericana-de-vuces\/#breadcrumb","itemListElement":[{"@type":"ListItem","position":1,"name":"Inicio","item":"https:\/\/vuce.gub.uy\/staging1500\/"},{"@type":"ListItem","position":2,"name":"1\u00ba Reuni\u00f3n de la Red Interamericana de VUCEs"}]},{"@type":"WebSite","@id":"https:\/\/vuce.gub.uy\/staging1500\/#website","url":"https:\/\/vuce.gub.uy\/staging1500\/","name":"VUCE","description":"","potentialAction":[{"@type":"SearchAction","target":{"@type":"EntryPoint","urlTemplate":"https:\/\/vuce.gub.uy\/staging1500\/?s={search_term_string}"},"query-input":"required name=search_term_string"}],"inLanguage":"es-AR"},{"@type":"Person","@id":"https:\/\/vuce.gub.uy\/staging1500\/#\/schema\/person\/8328845af156cc1910f16419d63591a6","name":"vuce","url":"https:\/\/vuce.gub.uy\/staging1500\/author\/vuce\/"}]}},"_links":{"self":[{"href":"https:\/\/vuce.gub.uy\/staging1500\/wp-json\/wp\/v2\/posts\/337"}],"collection":[{"href":"https:\/\/vuce.gub.uy\/staging1500\/wp-json\/wp\/v2\/posts"}],"about":[{"href":"https:\/\/vuce.gub.uy\/staging1500\/wp-json\/wp\/v2\/types\/post"}],"author":[{"embeddable":true,"href":"https:\/\/vuce.gub.uy\/staging1500\/wp-json\/wp\/v2\/users\/1"}],"replies":[{"embeddable":true,"href":"https:\/\/vuce.gub.uy\/staging1500\/wp-json\/wp\/v2\/comments?post=337"}],"version-history":[{"count":0,"href":"https:\/\/vuce.gub.uy\/staging1500\/wp-json\/wp\/v2\/posts\/337\/revisions"}],"wp:featuredmedia":[{"embeddable":true,"href":"https:\/\/vuce.gub.uy\/staging1500\/wp-json\/wp\/v2\/media\/338"}],"wp:attachment":[{"href":"https:\/\/vuce.gub.uy\/staging1500\/wp-json\/wp\/v2\/media?parent=337"}],"wp:term":[{"taxonomy":"category","embeddable":true,"href":"https:\/\/vuce.gub.uy\/staging1500\/wp-json\/wp\/v2\/categories?post=337"},{"taxonomy":"post_tag","embeddable":true,"href":"https:\/\/vuce.gub.uy\/staging1500\/wp-json\/wp\/v2\/tags?post=337"}],"curies":[{"name":"wp","href":"https:\/\/api.w.org\/{rel}","templated":true}]}}