{"id":344,"date":"2012-11-30T17:53:45","date_gmt":"2012-11-30T17:53:45","guid":{"rendered":"http:\/\/vuce.gub.uy\/staging1500\/?p=344"},"modified":"2012-11-30T17:53:45","modified_gmt":"2012-11-30T17:53:45","slug":"vuce-adhiere-al-convenio-de-marca-pais","status":"publish","type":"post","link":"https:\/\/vuce.gub.uy\/staging1500\/vuce-adhiere-al-convenio-de-marca-pais\/","title":{"rendered":"VUCE adhiere al convenio de Marca Pa\u00eds"},"content":{"rendered":"<p><strong>El Proyecto de Ventanilla \u00danica de Comercio Exterior (VUCE) y el Ministerio de Turismo y Deporte firmaron el 26 de Octubre un convenio que facilita el uso de la Marca Pa\u00eds \u201cUruguay Natural\u201d.<\/strong><\/p>\n<p>El Ministerio de Turismo y Deporte fue representado por la ministra Liliam Kechichi\u00e1n, mientras que el Proyecto VUCE fue representado por el Ec. \u00c1lvaro Ons (Secretario Ejecutivo de la Comisi\u00f3n Interministerial para Asuntos de Comercio Exterior) y el Cr. Enrique Canon (Director Nacional de Aduanas).<\/p>\n<p>En el marco de la construcci\u00f3n de la identidad e imagen institucional del Proyecto de Ventanilla \u00danica, este convenio establece que se podr\u00e1 utilizar la Marca Pa\u00eds por un plazo de dos a\u00f1os (pudiendo renovarse a partir de ese momento) en forma no exclusiva, intransferible y gratuita, tanto en el \u00e1mbito nacional como internacional.<\/p>\n<p>&nbsp;<br \/>\n<img decoding=\"async\" class=\"aligncenter\" title=\"logo VUCE\" alt=\"\" src=\"http:\/\/www.uruguayxxi.gub.uy\/wp-content\/uploads\/2012\/10\/logo-VUCE-300x150.png\" width=\"300\" height=\"150\" \/><\/p>\n","protected":false},"excerpt":{"rendered":"<p>El Proyecto de Ventanilla \u00danica de Comercio Exterior (VUCE) y el Ministerio de Turismo y Deporte firmaron el 26 de Octubre un convenio que facilita el uso de la Marca Pa\u00eds \u201cUruguay Natural\u201d.<\/p>\n","protected":false},"author":1,"featured_media":346,"comment_status":"closed","ping_status":"open","sticky":false,"template":"","format":"standard","meta":{"footnotes":""},"categories":[3],"tags":[],"yoast_head":"<!-- This site is optimized with the Yoast SEO plugin v21.5 - https:\/\/yoast.com\/wordpress\/plugins\/seo\/ -->\n<title>VUCE adhiere al convenio de Marca Pa\u00eds - VUCE<\/title>\n<meta name=\"robots\" content=\"index, follow, max-snippet:-1, max-image-preview:large, max-video-preview:-1\" \/>\n<link rel=\"canonical\" href=\"https:\/\/vuce.gub.uy\/staging1500\/vuce-adhiere-al-convenio-de-marca-pais\/\" \/>\n<meta property=\"og:locale\" content=\"es_ES\" \/>\n<meta property=\"og:type\" content=\"article\" \/>\n<meta property=\"og:title\" content=\"VUCE adhiere al convenio de Marca Pa\u00eds - VUCE\" \/>\n<meta property=\"og:description\" content=\"El Proyecto de Ventanilla \u00danica de Comercio Exterior (VUCE) y el Ministerio de Turismo y Deporte firmaron el 26 de Octubre un convenio que facilita el uso de la Marca Pa\u00eds \u201cUruguay Natural\u201d.\" \/>\n<meta property=\"og:url\" content=\"https:\/\/vuce.gub.uy\/staging1500\/vuce-adhiere-al-convenio-de-marca-pais\/\" \/>\n<meta property=\"og:site_name\" content=\"VUCE\" \/>\n<meta property=\"article:published_time\" content=\"2012-11-30T17:53:45+00:00\" \/>\n<meta property=\"og:image\" content=\"https:\/\/vuce.gub.uy\/staging1500\/wp-content\/uploads\/2013\/04\/FotoConvenio.jpg\" \/>\n\t<meta property=\"og:image:width\" content=\"640\" \/>\n\t<meta property=\"og:image:height\" content=\"240\" \/>\n\t<meta property=\"og:image:type\" content=\"image\/jpeg\" \/>\n<meta name=\"author\" content=\"vuce\" \/>\n<meta name=\"twitter:card\" content=\"summary_large_image\" \/>\n<meta name=\"twitter:label1\" content=\"Escrito por\" \/>\n\t<meta name=\"twitter:data1\" content=\"vuce\" \/>\n\t<meta name=\"twitter:label2\" content=\"Tiempo de lectura\" \/>\n\t<meta name=\"twitter:data2\" content=\"1 minuto\" \/>\n<script type=\"application\/ld+json\" class=\"yoast-schema-graph\">{\"@context\":\"https:\/\/schema.org\",\"@graph\":[{\"@type\":\"WebPage\",\"@id\":\"https:\/\/vuce.gub.uy\/staging1500\/vuce-adhiere-al-convenio-de-marca-pais\/\",\"url\":\"https:\/\/vuce.gub.uy\/staging1500\/vuce-adhiere-al-convenio-de-marca-pais\/\",\"name\":\"VUCE adhiere al convenio de Marca Pa\u00eds - VUCE\",\"isPartOf\":{\"@id\":\"https:\/\/vuce.gub.uy\/staging1500\/#website\"},\"datePublished\":\"2012-11-30T17:53:45+00:00\",\"dateModified\":\"2012-11-30T17:53:45+00:00\",\"author\":{\"@id\":\"https:\/\/vuce.gub.uy\/staging1500\/#\/schema\/person\/8328845af156cc1910f16419d63591a6\"},\"breadcrumb\":{\"@id\":\"https:\/\/vuce.gub.uy\/staging1500\/vuce-adhiere-al-convenio-de-marca-pais\/#breadcrumb\"},\"inLanguage\":\"es-AR\",\"potentialAction\":[{\"@type\":\"ReadAction\",\"target\":[\"https:\/\/vuce.gub.uy\/staging1500\/vuce-adhiere-al-convenio-de-marca-pais\/\"]}]},{\"@type\":\"BreadcrumbList\",\"@id\":\"https:\/\/vuce.gub.uy\/staging1500\/vuce-adhiere-al-convenio-de-marca-pais\/#breadcrumb\",\"itemListElement\":[{\"@type\":\"ListItem\",\"position\":1,\"name\":\"Inicio\",\"item\":\"https:\/\/vuce.gub.uy\/staging1500\/\"},{\"@type\":\"ListItem\",\"position\":2,\"name\":\"VUCE adhiere al convenio de Marca Pa\u00eds\"}]},{\"@type\":\"WebSite\",\"@id\":\"https:\/\/vuce.gub.uy\/staging1500\/#website\",\"url\":\"https:\/\/vuce.gub.uy\/staging1500\/\",\"name\":\"VUCE\",\"description\":\"\",\"potentialAction\":[{\"@type\":\"SearchAction\",\"target\":{\"@type\":\"EntryPoint\",\"urlTemplate\":\"https:\/\/vuce.gub.uy\/staging1500\/?s={search_term_string}\"},\"query-input\":\"required name=search_term_string\"}],\"inLanguage\":\"es-AR\"},{\"@type\":\"Person\",\"@id\":\"https:\/\/vuce.gub.uy\/staging1500\/#\/schema\/person\/8328845af156cc1910f16419d63591a6\",\"name\":\"vuce\",\"url\":\"https:\/\/vuce.gub.uy\/staging1500\/author\/vuce\/\"}]}<\/script>\n<!-- \/ Yoast SEO plugin. -->","yoast_head_json":{"title":"VUCE adhiere al convenio de Marca Pa\u00eds - VUCE","robots":{"index":"index","follow":"follow","max-snippet":"max-snippet:-1","max-image-preview":"max-image-preview:large","max-video-preview":"max-video-preview:-1"},"canonical":"https:\/\/vuce.gub.uy\/staging1500\/vuce-adhiere-al-convenio-de-marca-pais\/","og_locale":"es_ES","og_type":"article","og_title":"VUCE adhiere al convenio de Marca Pa\u00eds - VUCE","og_description":"El Proyecto de Ventanilla \u00danica de Comercio Exterior (VUCE) y el Ministerio de Turismo y Deporte firmaron el 26 de Octubre un convenio que facilita el uso de la Marca Pa\u00eds \u201cUruguay Natural\u201d.","og_url":"https:\/\/vuce.gub.uy\/staging1500\/vuce-adhiere-al-convenio-de-marca-pais\/","og_site_name":"VUCE","article_published_time":"2012-11-30T17:53:45+00:00","og_image":[{"width":640,"height":240,"url":"https:\/\/vuce.gub.uy\/staging1500\/wp-content\/uploads\/2013\/04\/FotoConvenio.jpg","type":"image\/jpeg"}],"author":"vuce","twitter_card":"summary_large_image","twitter_misc":{"Escrito por":"vuce","Tiempo de lectura":"1 minuto"},"schema":{"@context":"https:\/\/schema.org","@graph":[{"@type":"WebPage","@id":"https:\/\/vuce.gub.uy\/staging1500\/vuce-adhiere-al-convenio-de-marca-pais\/","url":"https:\/\/vuce.gub.uy\/staging1500\/vuce-adhiere-al-convenio-de-marca-pais\/","name":"VUCE adhiere al convenio de Marca Pa\u00eds - VUCE","isPartOf":{"@id":"https:\/\/vuce.gub.uy\/staging1500\/#website"},"datePublished":"2012-11-30T17:53:45+00:00","dateModified":"2012-11-30T17:53:45+00:00","author":{"@id":"https:\/\/vuce.gub.uy\/staging1500\/#\/schema\/person\/8328845af156cc1910f16419d63591a6"},"breadcrumb":{"@id":"https:\/\/vuce.gub.uy\/staging1500\/vuce-adhiere-al-convenio-de-marca-pais\/#breadcrumb"},"inLanguage":"es-AR","potentialAction":[{"@type":"ReadAction","target":["https:\/\/vuce.gub.uy\/staging1500\/vuce-adhiere-al-convenio-de-marca-pais\/"]}]},{"@type":"BreadcrumbList","@id":"https:\/\/vuce.gub.uy\/staging1500\/vuce-adhiere-al-convenio-de-marca-pais\/#breadcrumb","itemListElement":[{"@type":"ListItem","position":1,"name":"Inicio","item":"https:\/\/vuce.gub.uy\/staging1500\/"},{"@type":"ListItem","position":2,"name":"VUCE adhiere al convenio de Marca Pa\u00eds"}]},{"@type":"WebSite","@id":"https:\/\/vuce.gub.uy\/staging1500\/#website","url":"https:\/\/vuce.gub.uy\/staging1500\/","name":"VUCE","description":"","potentialAction":[{"@type":"SearchAction","target":{"@type":"EntryPoint","urlTemplate":"https:\/\/vuce.gub.uy\/staging1500\/?s={search_term_string}"},"query-input":"required name=search_term_string"}],"inLanguage":"es-AR"},{"@type":"Person","@id":"https:\/\/vuce.gub.uy\/staging1500\/#\/schema\/person\/8328845af156cc1910f16419d63591a6","name":"vuce","url":"https:\/\/vuce.gub.uy\/staging1500\/author\/vuce\/"}]}},"_links":{"self":[{"href":"https:\/\/vuce.gub.uy\/staging1500\/wp-json\/wp\/v2\/posts\/344"}],"collection":[{"href":"https:\/\/vuce.gub.uy\/staging1500\/wp-json\/wp\/v2\/posts"}],"about":[{"href":"https:\/\/vuce.gub.uy\/staging1500\/wp-json\/wp\/v2\/types\/post"}],"author":[{"embeddable":true,"href":"https:\/\/vuce.gub.uy\/staging1500\/wp-json\/wp\/v2\/users\/1"}],"replies":[{"embeddable":true,"href":"https:\/\/vuce.gub.uy\/staging1500\/wp-json\/wp\/v2\/comments?post=344"}],"version-history":[{"count":0,"href":"https:\/\/vuce.gub.uy\/staging1500\/wp-json\/wp\/v2\/posts\/344\/revisions"}],"wp:featuredmedia":[{"embeddable":true,"href":"https:\/\/vuce.gub.uy\/staging1500\/wp-json\/wp\/v2\/media\/346"}],"wp:attachment":[{"href":"https:\/\/vuce.gub.uy\/staging1500\/wp-json\/wp\/v2\/media?parent=344"}],"wp:term":[{"taxonomy":"category","embeddable":true,"href":"https:\/\/vuce.gub.uy\/staging1500\/wp-json\/wp\/v2\/categories?post=344"},{"taxonomy":"post_tag","embeddable":true,"href":"https:\/\/vuce.gub.uy\/staging1500\/wp-json\/wp\/v2\/tags?post=344"}],"curies":[{"name":"wp","href":"https:\/\/api.w.org\/{rel}","templated":true}]}}