{"id":350,"date":"2012-11-10T18:07:12","date_gmt":"2012-11-10T18:07:12","guid":{"rendered":"http:\/\/vuce.gub.uy\/staging1500\/?p=350"},"modified":"2012-11-10T18:07:12","modified_gmt":"2012-11-10T18:07:12","slug":"vuce-presente-en-encuentro-regional-del-sela","status":"publish","type":"post","link":"https:\/\/vuce.gub.uy\/staging1500\/vuce-presente-en-encuentro-regional-del-sela\/","title":{"rendered":"VUCE presente en Encuentro Regional del SELA"},"content":{"rendered":"<p><strong>El Proyecto de Ventanilla \u00danica de Comercio Exterior, present\u00f3 avances y desaf\u00edos en el IV Encuentro Regional Latinoamericano y del Caribe sobre Ventanillas \u00danicas de Comercio Exterior, evento organizado por el SELA (Sistema Econ\u00f3mico Latinoamericano y del Caribe) bajo el lema \u201cPol\u00edticas P\u00fablicas e Intersectorialidad para un Comercio Exterior Globalizado, Log\u00edstico y Sustentable\u201d.\u00a0<\/strong><\/p>\n<p>&nbsp;<\/p>\n<p>El mismo tuvo lugar los d\u00edas 30 y 31 de octubre de 2012 en la Ciudad de Antigua, Guatemala y cont\u00f3 con la participaci\u00f3n de representantes de varios pa\u00edses de Am\u00e9rica Latina y el Caribe.\u00a0Durante las dos jornadas de trabajo, se presentaron dos \u00a0conferencias magistrales y 16 ponencias enmarcadas en los cuatro temas siguientes;<\/p>\n<ol>\n<li>El papel\u00a0 de las pol\u00edticas p\u00fablicas en Ventanilla \u00danica de Comercio Exterior y la Cadena Log\u00edstica: realidades y desaf\u00edos pendientes;<\/li>\n<li>Gesti\u00f3n de los flujos de informaci\u00f3n en la cadena log\u00edstica y de suministro: retos de la simplificaci\u00f3n de tr\u00e1mites e interoperabilidad regional;<\/li>\n<li>Ventanillas \u00danicas de Comercio Exterior en Am\u00e9rica Latina y el Caribe. Hacia la interoperabilidad regional;<\/li>\n<li>La perspectiva de la Cooperaci\u00f3n T\u00e9cnica Regional. Ventanillas \u00danicas de Comercio Exterior en Am\u00e9rica Latina y el Caribe y su Interoperabilidad. Avances, Lecciones Aprendidas y Propuestas.<\/li>\n<\/ol>\n<p>La conferencia de clausura vers\u00f3 sobre la relaci\u00f3n estrat\u00e9gica para el desarrollo nacional entre intersectorialidad y competitividad.<\/p>\n<p>Dentro del tema IV) se presentaron los avances y desaf\u00edos del Proyecto de Ventanilla \u00danica en Uruguay. Adem\u00e1s result\u00f3 una oportunidad para generar sinergias e intercambios con otras ventanillas \u00fanicas, compartir mejores pr\u00e1cticas y lecciones aprendidas.<\/p>\n<p>&nbsp;<\/p>\n<p><a href=\"http:\/\/www.youtube.com\/watch?v=ccAVc5GTlVg\">Video Resumido de la Presentaci\u00f3n Realizada<\/a><\/p>\n<p>&nbsp;<\/p>\n<p>&nbsp;<\/p>\n<div id=\"gallery-1\">\n<dl>\n<dt><a title=\"Ing. Lorena Veiga, MBA\" href=\"http:\/\/www.uruguayxxi.gub.uy\/wp-content\/uploads\/2012\/10\/sela3_lorena.png\" rel=\"lightbox[4233]\"><img decoding=\"async\" alt=\"Coordinadora T\u00e9cnica | Proyecto Ventanilla \u00danica de Comercio Exterior\" src=\"http:\/\/www.uruguayxxi.gub.uy\/wp-content\/uploads\/2012\/10\/sela3_lorena-150x150.png\" width=\"150\" height=\"150\" \/><\/a><\/dt>\n<dt>Coordinadora T\u00e9cnica | Proyecto Ventanilla \u00danica de Comercio Exterior<\/dt>\n<\/dl>\n<dl>\n<dt><a title=\"Panel 4\" href=\"http:\/\/www.uruguayxxi.gub.uy\/wp-content\/uploads\/2012\/10\/sela2_panel.png\" rel=\"lightbox[4233]\"><img decoding=\"async\" alt=\"Panel 4: La perspectiva de la Cooperaci\u00f3n T\u00e9cnica Regional\" src=\"http:\/\/www.uruguayxxi.gub.uy\/wp-content\/uploads\/2012\/10\/sela2_panel-150x150.png\" width=\"150\" height=\"150\" \/><\/a><\/dt>\n<dt>Panel 4: La perspectiva de la Cooperaci\u00f3n T\u00e9cnica Regional<\/dt>\n<\/dl>\n<p>&nbsp;<\/p>\n<dl>\n<dt><\/dt>\n<\/dl>\n<p>&nbsp;<\/p>\n<\/div>\n<p>&nbsp;<\/p>\n<p>&nbsp;<\/p>\n","protected":false},"excerpt":{"rendered":"<p>El Proyecto de VUCE, present\u00f3 avances y desaf\u00edos en el IV Encuentro Regional Latinoamericano y del Caribe sobre Ventanillas \u00danicas de Comercio Exterior.<\/p>\n","protected":false},"author":1,"featured_media":351,"comment_status":"closed","ping_status":"open","sticky":false,"template":"","format":"standard","meta":{"footnotes":""},"categories":[3],"tags":[],"yoast_head":"<!-- This site is optimized with the Yoast SEO plugin v21.5 - https:\/\/yoast.com\/wordpress\/plugins\/seo\/ -->\n<title>VUCE presente en Encuentro Regional del SELA - VUCE<\/title>\n<meta name=\"robots\" content=\"index, follow, max-snippet:-1, max-image-preview:large, max-video-preview:-1\" \/>\n<link rel=\"canonical\" href=\"https:\/\/vuce.gub.uy\/staging1500\/vuce-presente-en-encuentro-regional-del-sela\/\" \/>\n<meta property=\"og:locale\" content=\"es_ES\" \/>\n<meta property=\"og:type\" content=\"article\" \/>\n<meta property=\"og:title\" content=\"VUCE presente en Encuentro Regional del SELA - VUCE\" \/>\n<meta property=\"og:description\" content=\"El Proyecto de VUCE, present\u00f3 avances y desaf\u00edos en el IV Encuentro Regional Latinoamericano y del Caribe sobre Ventanillas \u00danicas de Comercio Exterior.\" \/>\n<meta property=\"og:url\" content=\"https:\/\/vuce.gub.uy\/staging1500\/vuce-presente-en-encuentro-regional-del-sela\/\" \/>\n<meta property=\"og:site_name\" content=\"VUCE\" \/>\n<meta property=\"article:published_time\" content=\"2012-11-10T18:07:12+00:00\" \/>\n<meta property=\"og:image\" content=\"https:\/\/vuce.gub.uy\/staging1500\/wp-content\/uploads\/2013\/04\/sela.png\" \/>\n\t<meta property=\"og:image:width\" content=\"361\" \/>\n\t<meta property=\"og:image:height\" content=\"240\" \/>\n\t<meta property=\"og:image:type\" content=\"image\/png\" \/>\n<meta name=\"author\" content=\"vuce\" \/>\n<meta name=\"twitter:card\" content=\"summary_large_image\" \/>\n<meta name=\"twitter:label1\" content=\"Escrito por\" \/>\n\t<meta name=\"twitter:data1\" content=\"vuce\" \/>\n\t<meta name=\"twitter:label2\" content=\"Tiempo de lectura\" \/>\n\t<meta name=\"twitter:data2\" content=\"2 minutos\" \/>\n<script type=\"application\/ld+json\" class=\"yoast-schema-graph\">{\"@context\":\"https:\/\/schema.org\",\"@graph\":[{\"@type\":\"WebPage\",\"@id\":\"https:\/\/vuce.gub.uy\/staging1500\/vuce-presente-en-encuentro-regional-del-sela\/\",\"url\":\"https:\/\/vuce.gub.uy\/staging1500\/vuce-presente-en-encuentro-regional-del-sela\/\",\"name\":\"VUCE presente en Encuentro Regional del SELA - VUCE\",\"isPartOf\":{\"@id\":\"https:\/\/vuce.gub.uy\/staging1500\/#website\"},\"datePublished\":\"2012-11-10T18:07:12+00:00\",\"dateModified\":\"2012-11-10T18:07:12+00:00\",\"author\":{\"@id\":\"https:\/\/vuce.gub.uy\/staging1500\/#\/schema\/person\/8328845af156cc1910f16419d63591a6\"},\"breadcrumb\":{\"@id\":\"https:\/\/vuce.gub.uy\/staging1500\/vuce-presente-en-encuentro-regional-del-sela\/#breadcrumb\"},\"inLanguage\":\"es-AR\",\"potentialAction\":[{\"@type\":\"ReadAction\",\"target\":[\"https:\/\/vuce.gub.uy\/staging1500\/vuce-presente-en-encuentro-regional-del-sela\/\"]}]},{\"@type\":\"BreadcrumbList\",\"@id\":\"https:\/\/vuce.gub.uy\/staging1500\/vuce-presente-en-encuentro-regional-del-sela\/#breadcrumb\",\"itemListElement\":[{\"@type\":\"ListItem\",\"position\":1,\"name\":\"Inicio\",\"item\":\"https:\/\/vuce.gub.uy\/staging1500\/\"},{\"@type\":\"ListItem\",\"position\":2,\"name\":\"VUCE presente en Encuentro Regional del SELA\"}]},{\"@type\":\"WebSite\",\"@id\":\"https:\/\/vuce.gub.uy\/staging1500\/#website\",\"url\":\"https:\/\/vuce.gub.uy\/staging1500\/\",\"name\":\"VUCE\",\"description\":\"\",\"potentialAction\":[{\"@type\":\"SearchAction\",\"target\":{\"@type\":\"EntryPoint\",\"urlTemplate\":\"https:\/\/vuce.gub.uy\/staging1500\/?s={search_term_string}\"},\"query-input\":\"required name=search_term_string\"}],\"inLanguage\":\"es-AR\"},{\"@type\":\"Person\",\"@id\":\"https:\/\/vuce.gub.uy\/staging1500\/#\/schema\/person\/8328845af156cc1910f16419d63591a6\",\"name\":\"vuce\",\"url\":\"https:\/\/vuce.gub.uy\/staging1500\/author\/vuce\/\"}]}<\/script>\n<!-- \/ Yoast SEO plugin. -->","yoast_head_json":{"title":"VUCE presente en Encuentro Regional del SELA - VUCE","robots":{"index":"index","follow":"follow","max-snippet":"max-snippet:-1","max-image-preview":"max-image-preview:large","max-video-preview":"max-video-preview:-1"},"canonical":"https:\/\/vuce.gub.uy\/staging1500\/vuce-presente-en-encuentro-regional-del-sela\/","og_locale":"es_ES","og_type":"article","og_title":"VUCE presente en Encuentro Regional del SELA - VUCE","og_description":"El Proyecto de VUCE, present\u00f3 avances y desaf\u00edos en el IV Encuentro Regional Latinoamericano y del Caribe sobre Ventanillas \u00danicas de Comercio Exterior.","og_url":"https:\/\/vuce.gub.uy\/staging1500\/vuce-presente-en-encuentro-regional-del-sela\/","og_site_name":"VUCE","article_published_time":"2012-11-10T18:07:12+00:00","og_image":[{"width":361,"height":240,"url":"https:\/\/vuce.gub.uy\/staging1500\/wp-content\/uploads\/2013\/04\/sela.png","type":"image\/png"}],"author":"vuce","twitter_card":"summary_large_image","twitter_misc":{"Escrito por":"vuce","Tiempo de lectura":"2 minutos"},"schema":{"@context":"https:\/\/schema.org","@graph":[{"@type":"WebPage","@id":"https:\/\/vuce.gub.uy\/staging1500\/vuce-presente-en-encuentro-regional-del-sela\/","url":"https:\/\/vuce.gub.uy\/staging1500\/vuce-presente-en-encuentro-regional-del-sela\/","name":"VUCE presente en Encuentro Regional del SELA - VUCE","isPartOf":{"@id":"https:\/\/vuce.gub.uy\/staging1500\/#website"},"datePublished":"2012-11-10T18:07:12+00:00","dateModified":"2012-11-10T18:07:12+00:00","author":{"@id":"https:\/\/vuce.gub.uy\/staging1500\/#\/schema\/person\/8328845af156cc1910f16419d63591a6"},"breadcrumb":{"@id":"https:\/\/vuce.gub.uy\/staging1500\/vuce-presente-en-encuentro-regional-del-sela\/#breadcrumb"},"inLanguage":"es-AR","potentialAction":[{"@type":"ReadAction","target":["https:\/\/vuce.gub.uy\/staging1500\/vuce-presente-en-encuentro-regional-del-sela\/"]}]},{"@type":"BreadcrumbList","@id":"https:\/\/vuce.gub.uy\/staging1500\/vuce-presente-en-encuentro-regional-del-sela\/#breadcrumb","itemListElement":[{"@type":"ListItem","position":1,"name":"Inicio","item":"https:\/\/vuce.gub.uy\/staging1500\/"},{"@type":"ListItem","position":2,"name":"VUCE presente en Encuentro Regional del SELA"}]},{"@type":"WebSite","@id":"https:\/\/vuce.gub.uy\/staging1500\/#website","url":"https:\/\/vuce.gub.uy\/staging1500\/","name":"VUCE","description":"","potentialAction":[{"@type":"SearchAction","target":{"@type":"EntryPoint","urlTemplate":"https:\/\/vuce.gub.uy\/staging1500\/?s={search_term_string}"},"query-input":"required name=search_term_string"}],"inLanguage":"es-AR"},{"@type":"Person","@id":"https:\/\/vuce.gub.uy\/staging1500\/#\/schema\/person\/8328845af156cc1910f16419d63591a6","name":"vuce","url":"https:\/\/vuce.gub.uy\/staging1500\/author\/vuce\/"}]}},"_links":{"self":[{"href":"https:\/\/vuce.gub.uy\/staging1500\/wp-json\/wp\/v2\/posts\/350"}],"collection":[{"href":"https:\/\/vuce.gub.uy\/staging1500\/wp-json\/wp\/v2\/posts"}],"about":[{"href":"https:\/\/vuce.gub.uy\/staging1500\/wp-json\/wp\/v2\/types\/post"}],"author":[{"embeddable":true,"href":"https:\/\/vuce.gub.uy\/staging1500\/wp-json\/wp\/v2\/users\/1"}],"replies":[{"embeddable":true,"href":"https:\/\/vuce.gub.uy\/staging1500\/wp-json\/wp\/v2\/comments?post=350"}],"version-history":[{"count":0,"href":"https:\/\/vuce.gub.uy\/staging1500\/wp-json\/wp\/v2\/posts\/350\/revisions"}],"wp:featuredmedia":[{"embeddable":true,"href":"https:\/\/vuce.gub.uy\/staging1500\/wp-json\/wp\/v2\/media\/351"}],"wp:attachment":[{"href":"https:\/\/vuce.gub.uy\/staging1500\/wp-json\/wp\/v2\/media?parent=350"}],"wp:term":[{"taxonomy":"category","embeddable":true,"href":"https:\/\/vuce.gub.uy\/staging1500\/wp-json\/wp\/v2\/categories?post=350"},{"taxonomy":"post_tag","embeddable":true,"href":"https:\/\/vuce.gub.uy\/staging1500\/wp-json\/wp\/v2\/tags?post=350"}],"curies":[{"name":"wp","href":"https:\/\/api.w.org\/{rel}","templated":true}]}}