{"id":436,"date":"2013-04-10T16:04:27","date_gmt":"2013-04-10T16:04:27","guid":{"rendered":"http:\/\/vuce.gub.uy\/staging1500\/?p=436"},"modified":"2019-02-26T18:38:39","modified_gmt":"2019-02-26T18:38:39","slug":"gran-convocatoria-en-la-1o-charla-de-vuce","status":"publish","type":"post","link":"https:\/\/vuce.gub.uy\/staging1500\/gran-convocatoria-en-la-1o-charla-de-vuce\/","title":{"rendered":"Gran convocatoria en la 1\u00ba Charla de VUCE"},"content":{"rendered":"<p>El 10 de abril de 2013 tuvo lugar la primera charla del ciclo programado para este a\u00f1o por el Proyecto de Ventanilla \u00danica de Comercio Exterior.<\/p>\n<p>En esta instancia, la misma fue realizada en la Asociaci\u00f3n de Despachantes de Aduana del Uruguay (ADAU) y cont\u00f3 con gran participaci\u00f3n de sus asociados.<\/p>\n<p>Los oradores fueron el Ec. Emb. \u00c1lvaro Ons (Secretario Ejecutivo de la Comisi\u00f3n Interministerial para Asuntos de Comercio Exterior &#8211; CIACEX), el Cr. Enrique Canon (Director Nacional de Aduanas) y la Ing. Lorena Veiga (Coordinadora del Proyecto).<\/p>\n<p>Durante la jornada, se reforz\u00f3 el compromiso de los organismos involucrados con el proyecto, destac\u00e1ndose su importancia para la Modernizaci\u00f3n de la Direcci\u00f3n Nacional de Aduanas y del Comercio Exterior en general. Se presentaron las principales caracter\u00edsticas de la plataforma VUCE, los lineamientos esperados para su funcionamiento y el plan de acci\u00f3n previsto para este a\u00f1o.<\/p>\n<p>Se reforz\u00f3 adem\u00e1s la disponibilidad del equipo de VUCE como medio para canalizar sugerencias, inquietudes y problemas en las tramitaciones con organismos.<\/p>\n<p>A lo largo del 2013 se continuar\u00e1n realizando charlas con distintos actores p\u00fablicos y privados.<\/p>\n<p><img decoding=\"async\" class=\"aligncenter wp-image-444 size-full\" src=\"http:\/\/vuce.gub.uy\/staging1500\/wp-content\/uploads\/2013\/04\/galleria_web.jpg\" alt=\"\" width=\"4168\" height=\"760\" srcset=\"https:\/\/vuce.gub.uy\/staging1500\/wp-content\/uploads\/2013\/04\/galleria_web-200x36.jpg 200w, https:\/\/vuce.gub.uy\/staging1500\/wp-content\/uploads\/2013\/04\/galleria_web-300x55.jpg 300w, https:\/\/vuce.gub.uy\/staging1500\/wp-content\/uploads\/2013\/04\/galleria_web-400x73.jpg 400w, https:\/\/vuce.gub.uy\/staging1500\/wp-content\/uploads\/2013\/04\/galleria_web-600x109.jpg 600w, https:\/\/vuce.gub.uy\/staging1500\/wp-content\/uploads\/2013\/04\/galleria_web-768x140.jpg 768w, https:\/\/vuce.gub.uy\/staging1500\/wp-content\/uploads\/2013\/04\/galleria_web-800x146.jpg 800w, https:\/\/vuce.gub.uy\/staging1500\/wp-content\/uploads\/2013\/04\/galleria_web-1024x187.jpg 1024w, https:\/\/vuce.gub.uy\/staging1500\/wp-content\/uploads\/2013\/04\/galleria_web-1200x219.jpg 1200w, https:\/\/vuce.gub.uy\/staging1500\/wp-content\/uploads\/2013\/04\/galleria_web.jpg 4168w\" sizes=\"(max-width: 4168px) 100vw, 4168px\" \/><\/p>\n<p>&nbsp;<\/p>\n<p>Vea los videos de la charla y descargue la presentaci\u00f3n.<\/p>\n<p>&nbsp;<\/p>\n<p><a href=\"http:\/\/prezi.com\/pw9afwod1nti\/ciclo-de-charlas-informativas\/?kw=view-pw9afwod1nti&amp;rc=ref-14132558\">Visualizar la presentaci\u00f3n utilizada<\/a><\/p>\n<p>&nbsp;<\/p>\n<p><strong>Presentaci\u00f3n Ec. Emb. Alvaro Ons<\/strong><\/p>\n<p><a href=\"http:\/\/www.youtube.com\/watch?v=XV2SKoNKX_4&amp;feature=youtube_gdata\">Ver video de la presentaci\u00f3n<\/a><\/p>\n<p>&nbsp;<\/p>\n<p><strong>Presentaci\u00f3n Cr. Enrique Canon\u00a0<\/strong><\/p>\n<p><a href=\"http:\/\/www.youtube.com\/watch?v=3MZazJ-KOxs&amp;feature=youtube_gdata\">Ver video de la presentaci\u00f3n<\/a><\/p>\n<p>&nbsp;<\/p>\n<p><strong>Presentaci\u00f3n \u00a0Ing. Lorena Veiga\u00a0<\/strong><\/p>\n<p><a href=\"http:\/\/www.youtube.com\/watch?v=rrlzrcXYpTk&amp;feature=youtube_gdata\">Ver video de la presentaci\u00f3n &#8211; Parte 1<\/a><\/p>\n<p><a href=\"http:\/\/www.youtube.com\/watch?v=2dVVsHAbQyo&amp;feature=youtube_gdata\">Ver video de la presentaci\u00f3n &#8211; Parte 2<\/a><\/p>\n<p>&nbsp;<\/p>\n<p>&nbsp;<\/p>\n<p>&nbsp;<\/p>\n","protected":false},"excerpt":{"rendered":"<p>Se realiz\u00f3 el 10\/04\/2013 en la Asociaci\u00f3n de Despachantes de Aduana del Uruguay, con gran participaci\u00f3n de sus asociados y de funcionarios de Aduana.<\/p>\n","protected":false},"author":1,"featured_media":437,"comment_status":"closed","ping_status":"open","sticky":false,"template":"","format":"standard","meta":{"footnotes":""},"categories":[3],"tags":[12],"yoast_head":"<!-- This site is optimized with the Yoast SEO plugin v21.5 - https:\/\/yoast.com\/wordpress\/plugins\/seo\/ -->\n<title>Gran convocatoria en la 1\u00ba Charla de VUCE - VUCE<\/title>\n<meta name=\"robots\" content=\"index, follow, max-snippet:-1, max-image-preview:large, max-video-preview:-1\" \/>\n<link rel=\"canonical\" href=\"https:\/\/vuce.gub.uy\/staging1500\/gran-convocatoria-en-la-1o-charla-de-vuce\/\" \/>\n<meta property=\"og:locale\" content=\"es_ES\" \/>\n<meta property=\"og:type\" content=\"article\" \/>\n<meta property=\"og:title\" content=\"Gran convocatoria en la 1\u00ba Charla de VUCE - VUCE\" \/>\n<meta property=\"og:description\" content=\"Se realiz\u00f3 el 10\/04\/2013 en la Asociaci\u00f3n de Despachantes de Aduana del Uruguay, con gran participaci\u00f3n de sus asociados y de funcionarios de Aduana.\" \/>\n<meta property=\"og:url\" content=\"https:\/\/vuce.gub.uy\/staging1500\/gran-convocatoria-en-la-1o-charla-de-vuce\/\" \/>\n<meta property=\"og:site_name\" content=\"VUCE\" \/>\n<meta property=\"article:published_time\" content=\"2013-04-10T16:04:27+00:00\" \/>\n<meta property=\"article:modified_time\" content=\"2019-02-26T18:38:39+00:00\" \/>\n<meta property=\"og:image\" content=\"https:\/\/vuce.gub.uy\/staging1500\/wp-content\/uploads\/2013\/04\/IMG_0148_Web.jpg\" \/>\n\t<meta property=\"og:image:width\" content=\"1024\" \/>\n\t<meta property=\"og:image:height\" content=\"768\" \/>\n\t<meta property=\"og:image:type\" content=\"image\/jpeg\" \/>\n<meta name=\"author\" content=\"vuce\" \/>\n<meta name=\"twitter:card\" content=\"summary_large_image\" \/>\n<meta name=\"twitter:label1\" content=\"Escrito por\" \/>\n\t<meta name=\"twitter:data1\" content=\"vuce\" \/>\n\t<meta name=\"twitter:label2\" content=\"Tiempo de lectura\" \/>\n\t<meta name=\"twitter:data2\" content=\"1 minuto\" \/>\n<script type=\"application\/ld+json\" class=\"yoast-schema-graph\">{\"@context\":\"https:\/\/schema.org\",\"@graph\":[{\"@type\":\"WebPage\",\"@id\":\"https:\/\/vuce.gub.uy\/staging1500\/gran-convocatoria-en-la-1o-charla-de-vuce\/\",\"url\":\"https:\/\/vuce.gub.uy\/staging1500\/gran-convocatoria-en-la-1o-charla-de-vuce\/\",\"name\":\"Gran convocatoria en la 1\u00ba Charla de VUCE - VUCE\",\"isPartOf\":{\"@id\":\"https:\/\/vuce.gub.uy\/staging1500\/#website\"},\"datePublished\":\"2013-04-10T16:04:27+00:00\",\"dateModified\":\"2019-02-26T18:38:39+00:00\",\"author\":{\"@id\":\"https:\/\/vuce.gub.uy\/staging1500\/#\/schema\/person\/8328845af156cc1910f16419d63591a6\"},\"breadcrumb\":{\"@id\":\"https:\/\/vuce.gub.uy\/staging1500\/gran-convocatoria-en-la-1o-charla-de-vuce\/#breadcrumb\"},\"inLanguage\":\"es-AR\",\"potentialAction\":[{\"@type\":\"ReadAction\",\"target\":[\"https:\/\/vuce.gub.uy\/staging1500\/gran-convocatoria-en-la-1o-charla-de-vuce\/\"]}]},{\"@type\":\"BreadcrumbList\",\"@id\":\"https:\/\/vuce.gub.uy\/staging1500\/gran-convocatoria-en-la-1o-charla-de-vuce\/#breadcrumb\",\"itemListElement\":[{\"@type\":\"ListItem\",\"position\":1,\"name\":\"Inicio\",\"item\":\"https:\/\/vuce.gub.uy\/staging1500\/\"},{\"@type\":\"ListItem\",\"position\":2,\"name\":\"Gran convocatoria en la 1\u00ba Charla de VUCE\"}]},{\"@type\":\"WebSite\",\"@id\":\"https:\/\/vuce.gub.uy\/staging1500\/#website\",\"url\":\"https:\/\/vuce.gub.uy\/staging1500\/\",\"name\":\"VUCE\",\"description\":\"\",\"potentialAction\":[{\"@type\":\"SearchAction\",\"target\":{\"@type\":\"EntryPoint\",\"urlTemplate\":\"https:\/\/vuce.gub.uy\/staging1500\/?s={search_term_string}\"},\"query-input\":\"required name=search_term_string\"}],\"inLanguage\":\"es-AR\"},{\"@type\":\"Person\",\"@id\":\"https:\/\/vuce.gub.uy\/staging1500\/#\/schema\/person\/8328845af156cc1910f16419d63591a6\",\"name\":\"vuce\",\"url\":\"https:\/\/vuce.gub.uy\/staging1500\/author\/vuce\/\"}]}<\/script>\n<!-- \/ Yoast SEO plugin. -->","yoast_head_json":{"title":"Gran convocatoria en la 1\u00ba Charla de VUCE - VUCE","robots":{"index":"index","follow":"follow","max-snippet":"max-snippet:-1","max-image-preview":"max-image-preview:large","max-video-preview":"max-video-preview:-1"},"canonical":"https:\/\/vuce.gub.uy\/staging1500\/gran-convocatoria-en-la-1o-charla-de-vuce\/","og_locale":"es_ES","og_type":"article","og_title":"Gran convocatoria en la 1\u00ba Charla de VUCE - VUCE","og_description":"Se realiz\u00f3 el 10\/04\/2013 en la Asociaci\u00f3n de Despachantes de Aduana del Uruguay, con gran participaci\u00f3n de sus asociados y de funcionarios de Aduana.","og_url":"https:\/\/vuce.gub.uy\/staging1500\/gran-convocatoria-en-la-1o-charla-de-vuce\/","og_site_name":"VUCE","article_published_time":"2013-04-10T16:04:27+00:00","article_modified_time":"2019-02-26T18:38:39+00:00","og_image":[{"width":1024,"height":768,"url":"https:\/\/vuce.gub.uy\/staging1500\/wp-content\/uploads\/2013\/04\/IMG_0148_Web.jpg","type":"image\/jpeg"}],"author":"vuce","twitter_card":"summary_large_image","twitter_misc":{"Escrito por":"vuce","Tiempo de lectura":"1 minuto"},"schema":{"@context":"https:\/\/schema.org","@graph":[{"@type":"WebPage","@id":"https:\/\/vuce.gub.uy\/staging1500\/gran-convocatoria-en-la-1o-charla-de-vuce\/","url":"https:\/\/vuce.gub.uy\/staging1500\/gran-convocatoria-en-la-1o-charla-de-vuce\/","name":"Gran convocatoria en la 1\u00ba Charla de VUCE - VUCE","isPartOf":{"@id":"https:\/\/vuce.gub.uy\/staging1500\/#website"},"datePublished":"2013-04-10T16:04:27+00:00","dateModified":"2019-02-26T18:38:39+00:00","author":{"@id":"https:\/\/vuce.gub.uy\/staging1500\/#\/schema\/person\/8328845af156cc1910f16419d63591a6"},"breadcrumb":{"@id":"https:\/\/vuce.gub.uy\/staging1500\/gran-convocatoria-en-la-1o-charla-de-vuce\/#breadcrumb"},"inLanguage":"es-AR","potentialAction":[{"@type":"ReadAction","target":["https:\/\/vuce.gub.uy\/staging1500\/gran-convocatoria-en-la-1o-charla-de-vuce\/"]}]},{"@type":"BreadcrumbList","@id":"https:\/\/vuce.gub.uy\/staging1500\/gran-convocatoria-en-la-1o-charla-de-vuce\/#breadcrumb","itemListElement":[{"@type":"ListItem","position":1,"name":"Inicio","item":"https:\/\/vuce.gub.uy\/staging1500\/"},{"@type":"ListItem","position":2,"name":"Gran convocatoria en la 1\u00ba Charla de VUCE"}]},{"@type":"WebSite","@id":"https:\/\/vuce.gub.uy\/staging1500\/#website","url":"https:\/\/vuce.gub.uy\/staging1500\/","name":"VUCE","description":"","potentialAction":[{"@type":"SearchAction","target":{"@type":"EntryPoint","urlTemplate":"https:\/\/vuce.gub.uy\/staging1500\/?s={search_term_string}"},"query-input":"required name=search_term_string"}],"inLanguage":"es-AR"},{"@type":"Person","@id":"https:\/\/vuce.gub.uy\/staging1500\/#\/schema\/person\/8328845af156cc1910f16419d63591a6","name":"vuce","url":"https:\/\/vuce.gub.uy\/staging1500\/author\/vuce\/"}]}},"_links":{"self":[{"href":"https:\/\/vuce.gub.uy\/staging1500\/wp-json\/wp\/v2\/posts\/436"}],"collection":[{"href":"https:\/\/vuce.gub.uy\/staging1500\/wp-json\/wp\/v2\/posts"}],"about":[{"href":"https:\/\/vuce.gub.uy\/staging1500\/wp-json\/wp\/v2\/types\/post"}],"author":[{"embeddable":true,"href":"https:\/\/vuce.gub.uy\/staging1500\/wp-json\/wp\/v2\/users\/1"}],"replies":[{"embeddable":true,"href":"https:\/\/vuce.gub.uy\/staging1500\/wp-json\/wp\/v2\/comments?post=436"}],"version-history":[{"count":2,"href":"https:\/\/vuce.gub.uy\/staging1500\/wp-json\/wp\/v2\/posts\/436\/revisions"}],"predecessor-version":[{"id":6091,"href":"https:\/\/vuce.gub.uy\/staging1500\/wp-json\/wp\/v2\/posts\/436\/revisions\/6091"}],"wp:featuredmedia":[{"embeddable":true,"href":"https:\/\/vuce.gub.uy\/staging1500\/wp-json\/wp\/v2\/media\/437"}],"wp:attachment":[{"href":"https:\/\/vuce.gub.uy\/staging1500\/wp-json\/wp\/v2\/media?parent=436"}],"wp:term":[{"taxonomy":"category","embeddable":true,"href":"https:\/\/vuce.gub.uy\/staging1500\/wp-json\/wp\/v2\/categories?post=436"},{"taxonomy":"post_tag","embeddable":true,"href":"https:\/\/vuce.gub.uy\/staging1500\/wp-json\/wp\/v2\/tags?post=436"}],"curies":[{"name":"wp","href":"https:\/\/api.w.org\/{rel}","templated":true}]}}