{"id":479,"date":"2013-05-08T18:56:45","date_gmt":"2013-05-08T18:56:45","guid":{"rendered":"http:\/\/vuce.gub.uy\/staging1500\/?p=479"},"modified":"2019-02-26T18:27:59","modified_gmt":"2019-02-26T18:27:59","slug":"2o-charla-y-firma-de-acuerdo-entre-mgap-agesic-y-vuce","status":"publish","type":"post","link":"https:\/\/vuce.gub.uy\/staging1500\/2o-charla-y-firma-de-acuerdo-entre-mgap-agesic-y-vuce\/","title":{"rendered":"2\u00ba Charla y Firma de Acuerdo entre MGAP, AGESIC y VUCE"},"content":{"rendered":"<p>El 8 de mayo se llev\u00f3 a cabo la segunda charla del \u201cCiclo de Charlas Informativas\u201d \u00a0programado por VUCE para este a\u00f1o.<\/p>\n<p>En esta oportunidad, la cita tuvo lugar en el Ministerio de Ganader\u00eda, Agricultura y Pesca (MGAP) y cont\u00f3 con la presencia de \u00a0autoridades, \u00a0funcionarios del Ministerio y otros organismos vinculados al proyecto VUCE.<\/p>\n<p>Para formalizar un proceso sobre el que se viene trabajando desde hace algunos meses, se \u00a0firm\u00f3 un Acuerdo de Cooperaci\u00f3n inter-institucional entre el Ministerio de Ganader\u00eda, Agricultura y Pesca, la Agencia de Gobierno Electr\u00f3nico y Sociedad de la Informaci\u00f3n y el Proyecto VUCE. En representaci\u00f3n de las partes, firmaron el Cr. Enrique Canon (Director Nacional de Aduanas) y el Ec. Emb. \u00c1lvaro Ons (Secretario Ejecutivo de la Comisi\u00f3n Interministerial para Asuntos de Comercio Exterior) por el Proyecto VUCE, el Ing. Jos\u00e9 Clastornik \u00a0(Director Ejecutivo de la Agencia de Gobierno Electr\u00f3nico y Sociedad de la Informaci\u00f3n) y el Ing. Enzo Benech (Subsecretario del Ministerio de Ganader\u00eda, Agricultura y Pesca).<\/p>\n<p>El Acuerdo establece los compromisos asumidos por las partes involucradas, para lograr la implementaci\u00f3n del Proyecto VUCE en el MGAP. Para cada Direcci\u00f3n de dicho Ministerio se instituyen las estrategias de abordaje y los mecanismos de comunicaci\u00f3n que se utilizar\u00e1n para cada tr\u00e1mite. Asimismo, se pautan los apoyos que realizar\u00e1 AGESIC al MGAP para conectarse a la VUCE, dot\u00e1ndolo de sistemas, capacitaci\u00f3n o equipamiento seg\u00fan corresponda.<\/p>\n<p>Esta firma, se enmarca en el Acuerdo General firmado entre el proyecto VUCE y AGESIC en diciembre de 2012, donde se refuerza el compromiso de ambas partes de ejecutar este proyecto con \u00e9xito dada su importancia y transversalidad para el Estado.<\/p>\n<p>Luego de la firma, se continu\u00f3 con la charla informativa sobre el Proyecto, donde se expusieron las principales acciones realizadas durante el 2012 y 2013 y los planes para los pr\u00f3ximos meses. Se reafirm\u00f3 el compromiso de las partes para contar con los primeros tr\u00e1mites en funcionamiento para fines del 2013.<\/p>\n<p><a href=\"http:\/\/vuce.gub.uy\/staging1500\/wp-content\/uploads\/2013\/05\/Banner.png\"><img decoding=\"async\" src=\"http:\/\/vuce.gub.uy\/staging1500\/wp-content\/uploads\/2013\/05\/Banner-1024x194.png\" alt=\"Banner\" width=\"980\" height=\"185\" \/><\/a><\/p>\n<p>&nbsp;<\/p>\n<p>Vea los videos de la charla y acceda a la presentaci\u00f3n.<\/p>\n<p><a href=\"http:\/\/vuce.gub.uy\/staging1500\/wp-content\/uploads\/2013\/05\/Acuerdo-Firmado-MGAP-AGESIC-VUCE.pdf\">Descargar Acuerdo Firmado<\/a><\/p>\n<p><a href=\"http:\/\/prezi.com\/hplc5e6quwol\/segunda-charla-vuce-mgap\/?kw=view-hplc5e6quwol&amp;rc=ref-35911523\">Visualizar la presentaci\u00f3n realizada<\/a><\/p>\n<p>&nbsp;<\/p>\n<p><strong>Presentaci\u00f3n Ec. Emb. Alvaro Ons<\/strong><\/p>\n<p><a href=\"http:\/\/www.youtube.com\/watch?v=-78A5vxv1l8&amp;feature=youtube_gdata\">Ver video de la presentaci\u00f3n<\/a><\/p>\n<p>&nbsp;<\/p>\n<p><strong>Presentaci\u00f3n Cr. Enrique Canon\u00a0<\/strong><\/p>\n<p><a href=\"http:\/\/www.youtube.com\/watch?v=frClyhuWCs4&amp;feature=youtube_gdata\">Ver video de la presentaci\u00f3n<\/a><\/p>\n<p>&nbsp;<\/p>\n<p>&nbsp;<\/p>\n<p><strong>Presentaci\u00f3n \u00a0Ing. Jos\u00e9 Clastornik<\/strong><\/p>\n<p><a href=\"http:\/\/www.youtube.com\/watch?v=frClyhuWCs4&amp;feature=youtube_gdata\">Ver video de la presentaci\u00f3n<\/a><\/p>\n<p>&nbsp;<\/p>\n<p>&nbsp;<\/p>\n<p><strong>Presentaci\u00f3n Ing. Enzo Benech<\/strong><\/p>\n<p><a href=\"http:\/\/www.youtube.com\/watch?v=frClyhuWCs4&amp;feature=youtube_gdata\">Ver video de la presentaci\u00f3n<\/a><\/p>\n<p>&nbsp;<\/p>\n<p>&nbsp;<\/p>\n<p>&nbsp;<\/p>\n<p>&nbsp;<\/p>\n","protected":false},"excerpt":{"rendered":"<p>Tuvo lugar la 2\u00ba charla del ciclo VUCE 2013, donde adem\u00e1s se firm\u00f3 un acuerdo de cooperaci\u00f3n inter-institucional entre el proyecto VUCE, MGAP y AGESIC.<\/p>\n","protected":false},"author":1,"featured_media":491,"comment_status":"closed","ping_status":"open","sticky":false,"template":"","format":"standard","meta":{"footnotes":""},"categories":[3],"tags":[4,5,7,9,10],"yoast_head":"<!-- This site is optimized with the Yoast SEO plugin v21.5 - https:\/\/yoast.com\/wordpress\/plugins\/seo\/ -->\n<title>2\u00ba Charla y Firma de Acuerdo entre MGAP, AGESIC y VUCE - VUCE<\/title>\n<meta name=\"robots\" content=\"index, follow, max-snippet:-1, max-image-preview:large, max-video-preview:-1\" \/>\n<link rel=\"canonical\" href=\"https:\/\/vuce.gub.uy\/staging1500\/2o-charla-y-firma-de-acuerdo-entre-mgap-agesic-y-vuce\/\" \/>\n<meta property=\"og:locale\" content=\"es_ES\" \/>\n<meta property=\"og:type\" content=\"article\" \/>\n<meta property=\"og:title\" content=\"2\u00ba Charla y Firma de Acuerdo entre MGAP, AGESIC y VUCE - VUCE\" \/>\n<meta property=\"og:description\" content=\"Tuvo lugar la 2\u00ba charla del ciclo VUCE 2013, donde adem\u00e1s se firm\u00f3 un acuerdo de cooperaci\u00f3n inter-institucional entre el proyecto VUCE, MGAP y AGESIC.\" \/>\n<meta property=\"og:url\" content=\"https:\/\/vuce.gub.uy\/staging1500\/2o-charla-y-firma-de-acuerdo-entre-mgap-agesic-y-vuce\/\" \/>\n<meta property=\"og:site_name\" content=\"VUCE\" \/>\n<meta property=\"article:published_time\" content=\"2013-05-08T18:56:45+00:00\" \/>\n<meta property=\"article:modified_time\" content=\"2019-02-26T18:27:59+00:00\" \/>\n<meta property=\"og:image\" content=\"https:\/\/vuce.gub.uy\/staging1500\/wp-content\/uploads\/2013\/05\/Portada1.jpg\" \/>\n\t<meta property=\"og:image:width\" content=\"1024\" \/>\n\t<meta property=\"og:image:height\" content=\"768\" \/>\n\t<meta property=\"og:image:type\" content=\"image\/jpeg\" \/>\n<meta name=\"author\" content=\"vuce\" \/>\n<meta name=\"twitter:card\" content=\"summary_large_image\" \/>\n<meta name=\"twitter:label1\" content=\"Escrito por\" \/>\n\t<meta name=\"twitter:data1\" content=\"vuce\" \/>\n\t<meta name=\"twitter:label2\" content=\"Tiempo de lectura\" \/>\n\t<meta name=\"twitter:data2\" content=\"2 minutos\" \/>\n<script type=\"application\/ld+json\" class=\"yoast-schema-graph\">{\"@context\":\"https:\/\/schema.org\",\"@graph\":[{\"@type\":\"WebPage\",\"@id\":\"https:\/\/vuce.gub.uy\/staging1500\/2o-charla-y-firma-de-acuerdo-entre-mgap-agesic-y-vuce\/\",\"url\":\"https:\/\/vuce.gub.uy\/staging1500\/2o-charla-y-firma-de-acuerdo-entre-mgap-agesic-y-vuce\/\",\"name\":\"2\u00ba Charla y Firma de Acuerdo entre MGAP, AGESIC y VUCE - VUCE\",\"isPartOf\":{\"@id\":\"https:\/\/vuce.gub.uy\/staging1500\/#website\"},\"datePublished\":\"2013-05-08T18:56:45+00:00\",\"dateModified\":\"2019-02-26T18:27:59+00:00\",\"author\":{\"@id\":\"https:\/\/vuce.gub.uy\/staging1500\/#\/schema\/person\/8328845af156cc1910f16419d63591a6\"},\"breadcrumb\":{\"@id\":\"https:\/\/vuce.gub.uy\/staging1500\/2o-charla-y-firma-de-acuerdo-entre-mgap-agesic-y-vuce\/#breadcrumb\"},\"inLanguage\":\"es-AR\",\"potentialAction\":[{\"@type\":\"ReadAction\",\"target\":[\"https:\/\/vuce.gub.uy\/staging1500\/2o-charla-y-firma-de-acuerdo-entre-mgap-agesic-y-vuce\/\"]}]},{\"@type\":\"BreadcrumbList\",\"@id\":\"https:\/\/vuce.gub.uy\/staging1500\/2o-charla-y-firma-de-acuerdo-entre-mgap-agesic-y-vuce\/#breadcrumb\",\"itemListElement\":[{\"@type\":\"ListItem\",\"position\":1,\"name\":\"Inicio\",\"item\":\"https:\/\/vuce.gub.uy\/staging1500\/\"},{\"@type\":\"ListItem\",\"position\":2,\"name\":\"2\u00ba Charla y Firma de Acuerdo entre MGAP, AGESIC y VUCE\"}]},{\"@type\":\"WebSite\",\"@id\":\"https:\/\/vuce.gub.uy\/staging1500\/#website\",\"url\":\"https:\/\/vuce.gub.uy\/staging1500\/\",\"name\":\"VUCE\",\"description\":\"\",\"potentialAction\":[{\"@type\":\"SearchAction\",\"target\":{\"@type\":\"EntryPoint\",\"urlTemplate\":\"https:\/\/vuce.gub.uy\/staging1500\/?s={search_term_string}\"},\"query-input\":\"required name=search_term_string\"}],\"inLanguage\":\"es-AR\"},{\"@type\":\"Person\",\"@id\":\"https:\/\/vuce.gub.uy\/staging1500\/#\/schema\/person\/8328845af156cc1910f16419d63591a6\",\"name\":\"vuce\",\"url\":\"https:\/\/vuce.gub.uy\/staging1500\/author\/vuce\/\"}]}<\/script>\n<!-- \/ Yoast SEO plugin. -->","yoast_head_json":{"title":"2\u00ba Charla y Firma de Acuerdo entre MGAP, AGESIC y VUCE - VUCE","robots":{"index":"index","follow":"follow","max-snippet":"max-snippet:-1","max-image-preview":"max-image-preview:large","max-video-preview":"max-video-preview:-1"},"canonical":"https:\/\/vuce.gub.uy\/staging1500\/2o-charla-y-firma-de-acuerdo-entre-mgap-agesic-y-vuce\/","og_locale":"es_ES","og_type":"article","og_title":"2\u00ba Charla y Firma de Acuerdo entre MGAP, AGESIC y VUCE - VUCE","og_description":"Tuvo lugar la 2\u00ba charla del ciclo VUCE 2013, donde adem\u00e1s se firm\u00f3 un acuerdo de cooperaci\u00f3n inter-institucional entre el proyecto VUCE, MGAP y AGESIC.","og_url":"https:\/\/vuce.gub.uy\/staging1500\/2o-charla-y-firma-de-acuerdo-entre-mgap-agesic-y-vuce\/","og_site_name":"VUCE","article_published_time":"2013-05-08T18:56:45+00:00","article_modified_time":"2019-02-26T18:27:59+00:00","og_image":[{"width":1024,"height":768,"url":"https:\/\/vuce.gub.uy\/staging1500\/wp-content\/uploads\/2013\/05\/Portada1.jpg","type":"image\/jpeg"}],"author":"vuce","twitter_card":"summary_large_image","twitter_misc":{"Escrito por":"vuce","Tiempo de lectura":"2 minutos"},"schema":{"@context":"https:\/\/schema.org","@graph":[{"@type":"WebPage","@id":"https:\/\/vuce.gub.uy\/staging1500\/2o-charla-y-firma-de-acuerdo-entre-mgap-agesic-y-vuce\/","url":"https:\/\/vuce.gub.uy\/staging1500\/2o-charla-y-firma-de-acuerdo-entre-mgap-agesic-y-vuce\/","name":"2\u00ba Charla y Firma de Acuerdo entre MGAP, AGESIC y VUCE - VUCE","isPartOf":{"@id":"https:\/\/vuce.gub.uy\/staging1500\/#website"},"datePublished":"2013-05-08T18:56:45+00:00","dateModified":"2019-02-26T18:27:59+00:00","author":{"@id":"https:\/\/vuce.gub.uy\/staging1500\/#\/schema\/person\/8328845af156cc1910f16419d63591a6"},"breadcrumb":{"@id":"https:\/\/vuce.gub.uy\/staging1500\/2o-charla-y-firma-de-acuerdo-entre-mgap-agesic-y-vuce\/#breadcrumb"},"inLanguage":"es-AR","potentialAction":[{"@type":"ReadAction","target":["https:\/\/vuce.gub.uy\/staging1500\/2o-charla-y-firma-de-acuerdo-entre-mgap-agesic-y-vuce\/"]}]},{"@type":"BreadcrumbList","@id":"https:\/\/vuce.gub.uy\/staging1500\/2o-charla-y-firma-de-acuerdo-entre-mgap-agesic-y-vuce\/#breadcrumb","itemListElement":[{"@type":"ListItem","position":1,"name":"Inicio","item":"https:\/\/vuce.gub.uy\/staging1500\/"},{"@type":"ListItem","position":2,"name":"2\u00ba Charla y Firma de Acuerdo entre MGAP, AGESIC y VUCE"}]},{"@type":"WebSite","@id":"https:\/\/vuce.gub.uy\/staging1500\/#website","url":"https:\/\/vuce.gub.uy\/staging1500\/","name":"VUCE","description":"","potentialAction":[{"@type":"SearchAction","target":{"@type":"EntryPoint","urlTemplate":"https:\/\/vuce.gub.uy\/staging1500\/?s={search_term_string}"},"query-input":"required name=search_term_string"}],"inLanguage":"es-AR"},{"@type":"Person","@id":"https:\/\/vuce.gub.uy\/staging1500\/#\/schema\/person\/8328845af156cc1910f16419d63591a6","name":"vuce","url":"https:\/\/vuce.gub.uy\/staging1500\/author\/vuce\/"}]}},"_links":{"self":[{"href":"https:\/\/vuce.gub.uy\/staging1500\/wp-json\/wp\/v2\/posts\/479"}],"collection":[{"href":"https:\/\/vuce.gub.uy\/staging1500\/wp-json\/wp\/v2\/posts"}],"about":[{"href":"https:\/\/vuce.gub.uy\/staging1500\/wp-json\/wp\/v2\/types\/post"}],"author":[{"embeddable":true,"href":"https:\/\/vuce.gub.uy\/staging1500\/wp-json\/wp\/v2\/users\/1"}],"replies":[{"embeddable":true,"href":"https:\/\/vuce.gub.uy\/staging1500\/wp-json\/wp\/v2\/comments?post=479"}],"version-history":[{"count":2,"href":"https:\/\/vuce.gub.uy\/staging1500\/wp-json\/wp\/v2\/posts\/479\/revisions"}],"predecessor-version":[{"id":6086,"href":"https:\/\/vuce.gub.uy\/staging1500\/wp-json\/wp\/v2\/posts\/479\/revisions\/6086"}],"wp:featuredmedia":[{"embeddable":true,"href":"https:\/\/vuce.gub.uy\/staging1500\/wp-json\/wp\/v2\/media\/491"}],"wp:attachment":[{"href":"https:\/\/vuce.gub.uy\/staging1500\/wp-json\/wp\/v2\/media?parent=479"}],"wp:term":[{"taxonomy":"category","embeddable":true,"href":"https:\/\/vuce.gub.uy\/staging1500\/wp-json\/wp\/v2\/categories?post=479"},{"taxonomy":"post_tag","embeddable":true,"href":"https:\/\/vuce.gub.uy\/staging1500\/wp-json\/wp\/v2\/tags?post=479"}],"curies":[{"name":"wp","href":"https:\/\/api.w.org\/{rel}","templated":true}]}}