{"id":500,"date":"2013-05-22T14:48:43","date_gmt":"2013-05-22T14:48:43","guid":{"rendered":"http:\/\/vuce.gub.uy\/staging1500\/?p=500"},"modified":"2013-05-22T14:48:43","modified_gmt":"2013-05-22T14:48:43","slug":"tercer-taller-de-la-red-interamericana-de-ventanillas-unicas-de-comercio-exterior","status":"publish","type":"post","link":"https:\/\/vuce.gub.uy\/staging1500\/tercer-taller-de-la-red-interamericana-de-ventanillas-unicas-de-comercio-exterior\/","title":{"rendered":"Tercer Taller de la Red Interamericana de Ventanillas \u00danicas de Comercio Exterior"},"content":{"rendered":"<p>Representantes de VUCE Uruguay y de la Direcci\u00f3n Nacional de Aduanas, participaron del tercer taller de la Red Interamericana de Ventanillas \u00danicas de Comercio Exterior, donde se busc\u00f3 reafirmar el compromiso de la regi\u00f3n en el desarrollo de las Ventanillas \u00danicas para la mejora del comercio transfronterizo.<\/p>\n<p>En el taller se realizaron exposiciones y muestras de avances acerca de las Ventanillas del Caribe y Am\u00e9rica Latina en un espacio que fomenta la cooperaci\u00f3n de las diferentes iniciativas<\/p>\n<p>Se espera alcanzar a trav\u00e9s de las VUCE un perfeccionamiento en la interoperabilidad entre los pa\u00edses que permitir\u00e1 logar un comercio transfronterizo sin papeles y un mayor entendimiento entre las aduanas, as\u00ed como la automatizaci\u00f3n en los puntos de frontera,\u00a0 la mejora en la transparencia de las operaciones de comercio exterior, procesos y\u00a0 tiempos de espera.<\/p>\n<p>Seg\u00fan el Viceministro de Econom\u00eda de El Salvador, Mario Roger Hernandez, las VUCE son una necesidad actual para el comercio internacional y deben ser fomentadas las interacciones entre las diferentes ventanillas de cada pa\u00eds. El evento, realizado en mayo en el Salvador en la localidad de Salinitas, cont\u00f3 con el apoyo del Banco Central de Reserva de El Salvador y el BID y la participaci\u00f3n de instituciones internacionales invitadas como ser la UN\/CEFACT, CEPAL, SELA, AACCLA y la OEA.<\/p>\n<p>Las reuniones de la Red de VUCE se realizan de forma semestral, para la pr\u00f3xima reuni\u00f3n en diciembre 2013 con sede en Santiago de Chile,\u00a0 se definir\u00e1 un plan de trabajo de interoperabilidad entre Ventanillas, en tres \u00e1reas: Normativa, Tecnolog\u00eda y Armonizaci\u00f3n de la informaci\u00f3n a\u00a0 transmitir.<\/p>\n<p>&nbsp;<\/p>\n<pre>Foto: www.elsalvador.com<\/pre>\n","protected":false},"excerpt":{"rendered":"<p>Se realiz\u00f3 el pasado 20 y 21 de Mayo en El Salvador y cont\u00f3 con la participaci\u00f3n de representantes de la Red e instituciones internacionales.<\/p>\n","protected":false},"author":1,"featured_media":501,"comment_status":"closed","ping_status":"open","sticky":false,"template":"","format":"standard","meta":{"footnotes":""},"categories":[3],"tags":[],"yoast_head":"<!-- This site is optimized with the Yoast SEO plugin v21.5 - https:\/\/yoast.com\/wordpress\/plugins\/seo\/ -->\n<title>Tercer Taller de la Red Interamericana de Ventanillas \u00danicas de Comercio Exterior - VUCE<\/title>\n<meta name=\"robots\" content=\"index, follow, max-snippet:-1, max-image-preview:large, max-video-preview:-1\" \/>\n<link rel=\"canonical\" href=\"https:\/\/vuce.gub.uy\/staging1500\/tercer-taller-de-la-red-interamericana-de-ventanillas-unicas-de-comercio-exterior\/\" \/>\n<meta property=\"og:locale\" content=\"es_ES\" \/>\n<meta property=\"og:type\" content=\"article\" \/>\n<meta property=\"og:title\" content=\"Tercer Taller de la Red Interamericana de Ventanillas \u00danicas de Comercio Exterior - VUCE\" \/>\n<meta property=\"og:description\" content=\"Se realiz\u00f3 el pasado 20 y 21 de Mayo en El Salvador y cont\u00f3 con la participaci\u00f3n de representantes de la Red e instituciones internacionales.\" \/>\n<meta property=\"og:url\" content=\"https:\/\/vuce.gub.uy\/staging1500\/tercer-taller-de-la-red-interamericana-de-ventanillas-unicas-de-comercio-exterior\/\" \/>\n<meta property=\"og:site_name\" content=\"VUCE\" \/>\n<meta property=\"article:published_time\" content=\"2013-05-22T14:48:43+00:00\" \/>\n<meta property=\"og:image\" content=\"https:\/\/vuce.gub.uy\/staging1500\/wp-content\/uploads\/2013\/05\/RedVUCE2.png\" \/>\n\t<meta property=\"og:image:width\" content=\"624\" \/>\n\t<meta property=\"og:image:height\" content=\"423\" \/>\n\t<meta property=\"og:image:type\" content=\"image\/png\" \/>\n<meta name=\"author\" content=\"vuce\" \/>\n<meta name=\"twitter:card\" content=\"summary_large_image\" \/>\n<meta name=\"twitter:label1\" content=\"Escrito por\" \/>\n\t<meta name=\"twitter:data1\" content=\"vuce\" \/>\n\t<meta name=\"twitter:label2\" content=\"Tiempo de lectura\" \/>\n\t<meta name=\"twitter:data2\" content=\"1 minuto\" \/>\n<script type=\"application\/ld+json\" class=\"yoast-schema-graph\">{\"@context\":\"https:\/\/schema.org\",\"@graph\":[{\"@type\":\"WebPage\",\"@id\":\"https:\/\/vuce.gub.uy\/staging1500\/tercer-taller-de-la-red-interamericana-de-ventanillas-unicas-de-comercio-exterior\/\",\"url\":\"https:\/\/vuce.gub.uy\/staging1500\/tercer-taller-de-la-red-interamericana-de-ventanillas-unicas-de-comercio-exterior\/\",\"name\":\"Tercer Taller de la Red Interamericana de Ventanillas \u00danicas de Comercio Exterior - VUCE\",\"isPartOf\":{\"@id\":\"https:\/\/vuce.gub.uy\/staging1500\/#website\"},\"datePublished\":\"2013-05-22T14:48:43+00:00\",\"dateModified\":\"2013-05-22T14:48:43+00:00\",\"author\":{\"@id\":\"https:\/\/vuce.gub.uy\/staging1500\/#\/schema\/person\/8328845af156cc1910f16419d63591a6\"},\"breadcrumb\":{\"@id\":\"https:\/\/vuce.gub.uy\/staging1500\/tercer-taller-de-la-red-interamericana-de-ventanillas-unicas-de-comercio-exterior\/#breadcrumb\"},\"inLanguage\":\"es-AR\",\"potentialAction\":[{\"@type\":\"ReadAction\",\"target\":[\"https:\/\/vuce.gub.uy\/staging1500\/tercer-taller-de-la-red-interamericana-de-ventanillas-unicas-de-comercio-exterior\/\"]}]},{\"@type\":\"BreadcrumbList\",\"@id\":\"https:\/\/vuce.gub.uy\/staging1500\/tercer-taller-de-la-red-interamericana-de-ventanillas-unicas-de-comercio-exterior\/#breadcrumb\",\"itemListElement\":[{\"@type\":\"ListItem\",\"position\":1,\"name\":\"Inicio\",\"item\":\"https:\/\/vuce.gub.uy\/staging1500\/\"},{\"@type\":\"ListItem\",\"position\":2,\"name\":\"Tercer Taller de la Red Interamericana de Ventanillas \u00danicas de Comercio Exterior\"}]},{\"@type\":\"WebSite\",\"@id\":\"https:\/\/vuce.gub.uy\/staging1500\/#website\",\"url\":\"https:\/\/vuce.gub.uy\/staging1500\/\",\"name\":\"VUCE\",\"description\":\"\",\"potentialAction\":[{\"@type\":\"SearchAction\",\"target\":{\"@type\":\"EntryPoint\",\"urlTemplate\":\"https:\/\/vuce.gub.uy\/staging1500\/?s={search_term_string}\"},\"query-input\":\"required name=search_term_string\"}],\"inLanguage\":\"es-AR\"},{\"@type\":\"Person\",\"@id\":\"https:\/\/vuce.gub.uy\/staging1500\/#\/schema\/person\/8328845af156cc1910f16419d63591a6\",\"name\":\"vuce\",\"url\":\"https:\/\/vuce.gub.uy\/staging1500\/author\/vuce\/\"}]}<\/script>\n<!-- \/ Yoast SEO plugin. -->","yoast_head_json":{"title":"Tercer Taller de la Red Interamericana de Ventanillas \u00danicas de Comercio Exterior - VUCE","robots":{"index":"index","follow":"follow","max-snippet":"max-snippet:-1","max-image-preview":"max-image-preview:large","max-video-preview":"max-video-preview:-1"},"canonical":"https:\/\/vuce.gub.uy\/staging1500\/tercer-taller-de-la-red-interamericana-de-ventanillas-unicas-de-comercio-exterior\/","og_locale":"es_ES","og_type":"article","og_title":"Tercer Taller de la Red Interamericana de Ventanillas \u00danicas de Comercio Exterior - VUCE","og_description":"Se realiz\u00f3 el pasado 20 y 21 de Mayo en El Salvador y cont\u00f3 con la participaci\u00f3n de representantes de la Red e instituciones internacionales.","og_url":"https:\/\/vuce.gub.uy\/staging1500\/tercer-taller-de-la-red-interamericana-de-ventanillas-unicas-de-comercio-exterior\/","og_site_name":"VUCE","article_published_time":"2013-05-22T14:48:43+00:00","og_image":[{"width":624,"height":423,"url":"https:\/\/vuce.gub.uy\/staging1500\/wp-content\/uploads\/2013\/05\/RedVUCE2.png","type":"image\/png"}],"author":"vuce","twitter_card":"summary_large_image","twitter_misc":{"Escrito por":"vuce","Tiempo de lectura":"1 minuto"},"schema":{"@context":"https:\/\/schema.org","@graph":[{"@type":"WebPage","@id":"https:\/\/vuce.gub.uy\/staging1500\/tercer-taller-de-la-red-interamericana-de-ventanillas-unicas-de-comercio-exterior\/","url":"https:\/\/vuce.gub.uy\/staging1500\/tercer-taller-de-la-red-interamericana-de-ventanillas-unicas-de-comercio-exterior\/","name":"Tercer Taller de la Red Interamericana de Ventanillas \u00danicas de Comercio Exterior - VUCE","isPartOf":{"@id":"https:\/\/vuce.gub.uy\/staging1500\/#website"},"datePublished":"2013-05-22T14:48:43+00:00","dateModified":"2013-05-22T14:48:43+00:00","author":{"@id":"https:\/\/vuce.gub.uy\/staging1500\/#\/schema\/person\/8328845af156cc1910f16419d63591a6"},"breadcrumb":{"@id":"https:\/\/vuce.gub.uy\/staging1500\/tercer-taller-de-la-red-interamericana-de-ventanillas-unicas-de-comercio-exterior\/#breadcrumb"},"inLanguage":"es-AR","potentialAction":[{"@type":"ReadAction","target":["https:\/\/vuce.gub.uy\/staging1500\/tercer-taller-de-la-red-interamericana-de-ventanillas-unicas-de-comercio-exterior\/"]}]},{"@type":"BreadcrumbList","@id":"https:\/\/vuce.gub.uy\/staging1500\/tercer-taller-de-la-red-interamericana-de-ventanillas-unicas-de-comercio-exterior\/#breadcrumb","itemListElement":[{"@type":"ListItem","position":1,"name":"Inicio","item":"https:\/\/vuce.gub.uy\/staging1500\/"},{"@type":"ListItem","position":2,"name":"Tercer Taller de la Red Interamericana de Ventanillas \u00danicas de Comercio Exterior"}]},{"@type":"WebSite","@id":"https:\/\/vuce.gub.uy\/staging1500\/#website","url":"https:\/\/vuce.gub.uy\/staging1500\/","name":"VUCE","description":"","potentialAction":[{"@type":"SearchAction","target":{"@type":"EntryPoint","urlTemplate":"https:\/\/vuce.gub.uy\/staging1500\/?s={search_term_string}"},"query-input":"required name=search_term_string"}],"inLanguage":"es-AR"},{"@type":"Person","@id":"https:\/\/vuce.gub.uy\/staging1500\/#\/schema\/person\/8328845af156cc1910f16419d63591a6","name":"vuce","url":"https:\/\/vuce.gub.uy\/staging1500\/author\/vuce\/"}]}},"_links":{"self":[{"href":"https:\/\/vuce.gub.uy\/staging1500\/wp-json\/wp\/v2\/posts\/500"}],"collection":[{"href":"https:\/\/vuce.gub.uy\/staging1500\/wp-json\/wp\/v2\/posts"}],"about":[{"href":"https:\/\/vuce.gub.uy\/staging1500\/wp-json\/wp\/v2\/types\/post"}],"author":[{"embeddable":true,"href":"https:\/\/vuce.gub.uy\/staging1500\/wp-json\/wp\/v2\/users\/1"}],"replies":[{"embeddable":true,"href":"https:\/\/vuce.gub.uy\/staging1500\/wp-json\/wp\/v2\/comments?post=500"}],"version-history":[{"count":0,"href":"https:\/\/vuce.gub.uy\/staging1500\/wp-json\/wp\/v2\/posts\/500\/revisions"}],"wp:featuredmedia":[{"embeddable":true,"href":"https:\/\/vuce.gub.uy\/staging1500\/wp-json\/wp\/v2\/media\/501"}],"wp:attachment":[{"href":"https:\/\/vuce.gub.uy\/staging1500\/wp-json\/wp\/v2\/media?parent=500"}],"wp:term":[{"taxonomy":"category","embeddable":true,"href":"https:\/\/vuce.gub.uy\/staging1500\/wp-json\/wp\/v2\/categories?post=500"},{"taxonomy":"post_tag","embeddable":true,"href":"https:\/\/vuce.gub.uy\/staging1500\/wp-json\/wp\/v2\/tags?post=500"}],"curies":[{"name":"wp","href":"https:\/\/api.w.org\/{rel}","templated":true}]}}