{"id":541,"date":"2013-06-18T13:46:34","date_gmt":"2013-06-18T13:46:34","guid":{"rendered":"http:\/\/vuce.gub.uy\/staging1500\/?p=541"},"modified":"2019-02-26T18:33:40","modified_gmt":"2019-02-26T18:33:40","slug":"3o-evento-del-ciclo-de-charlas-informativas-vuce","status":"publish","type":"post","link":"https:\/\/vuce.gub.uy\/staging1500\/3o-evento-del-ciclo-de-charlas-informativas-vuce\/","title":{"rendered":"Ciclo de charlas informativas de VUCE"},"content":{"rendered":"<p>Se realiz\u00f3 la tercera charla del ciclo de charlas VUCE 2013 con el objetivo de difundir el proyecto Ventanilla \u00danica de Comercio Exterior, su importancia para el pa\u00eds y explicar su funcionamiento.<\/p>\n<p>El 17 de junio en la Administraci\u00f3n Nacional de Puertos se llev\u00f3 a cabo la charla dirigida a operadores log\u00edsticos, transportistas, operadores portuarios, Prefectura Nacional Naval y el INALOG.<\/p>\n<p>Los oradores fueron el Ing. Nav. Alberto D\u00edaz (Presidente de la Administraci\u00f3n Nacional de Puertos), la Esc. Marta Nolasco (Directora de Investigaci\u00f3n y T\u00e9cnica Aduanera) y la Ing. Lorena Veiga (Coordinadora t\u00e9cnica de la VUCE).<\/p>\n<p>Durante la jornada, se reforz\u00f3 el compromiso de los organismos involucrados con el proyecto, destac\u00e1ndose su importancia para la Modernizaci\u00f3n de la A.N.P. y del comercio exterior en general. Se presentaron las principales caracter\u00edsticas de la plataforma VUCE, los lineamientos esperados para su funcionamiento y el plan de acci\u00f3n previsto para este a\u00f1o.<\/p>\n<p><img decoding=\"async\" class=\"aligncenter wp-image-308 size-full\" src=\"http:\/\/vuce.gub.uy\/staging1500\/wp-content\/uploads\/2013\/03\/banner-vuce.png\" alt=\"\" width=\"447\" height=\"460\" srcset=\"https:\/\/vuce.gub.uy\/staging1500\/wp-content\/uploads\/2013\/03\/banner-vuce-200x206.png 200w, https:\/\/vuce.gub.uy\/staging1500\/wp-content\/uploads\/2013\/03\/banner-vuce-292x300.png 292w, https:\/\/vuce.gub.uy\/staging1500\/wp-content\/uploads\/2013\/03\/banner-vuce-400x412.png 400w, https:\/\/vuce.gub.uy\/staging1500\/wp-content\/uploads\/2013\/03\/banner-vuce.png 447w\" sizes=\"(max-width: 447px) 100vw, 447px\" \/><\/p>\n<p><strong>Acceda a la presentaci\u00f3n<\/strong><\/p>\n<p><a href=\"http:\/\/prezi.com\/hsz7dn29uz8q\/tercer-charla-vuce-anp\/?utm_campaign=share&amp;utm_medium=copy\">Visualizar la presentaci\u00f3n realizada<\/a><\/p>\n<p>&nbsp;<\/p>\n<p><strong>Video &#8211; Parte 1<\/strong><\/p>\n<p><a href=\"https:\/\/www.youtube.com\/watch?v=CXFTURICjwU\">Ver video<\/a><\/p>\n","protected":false},"excerpt":{"rendered":"<p>En esta oportunidad, la charla se realiz\u00f3 en la Administraci\u00f3n Nacional de Puertos el d\u00eda 17 de junio de 2013.<\/p>\n","protected":false},"author":1,"featured_media":543,"comment_status":"closed","ping_status":"open","sticky":false,"template":"","format":"standard","meta":{"footnotes":""},"categories":[3],"tags":[],"yoast_head":"<!-- This site is optimized with the Yoast SEO plugin v21.5 - https:\/\/yoast.com\/wordpress\/plugins\/seo\/ -->\n<title>Ciclo de charlas informativas de VUCE - VUCE<\/title>\n<meta name=\"robots\" content=\"index, follow, max-snippet:-1, max-image-preview:large, max-video-preview:-1\" \/>\n<link rel=\"canonical\" href=\"https:\/\/vuce.gub.uy\/staging1500\/3o-evento-del-ciclo-de-charlas-informativas-vuce\/\" \/>\n<meta property=\"og:locale\" content=\"es_ES\" \/>\n<meta property=\"og:type\" content=\"article\" \/>\n<meta property=\"og:title\" content=\"Ciclo de charlas informativas de VUCE - VUCE\" \/>\n<meta property=\"og:description\" content=\"En esta oportunidad, la charla se realiz\u00f3 en la Administraci\u00f3n Nacional de Puertos el d\u00eda 17 de junio de 2013.\" \/>\n<meta property=\"og:url\" content=\"https:\/\/vuce.gub.uy\/staging1500\/3o-evento-del-ciclo-de-charlas-informativas-vuce\/\" \/>\n<meta property=\"og:site_name\" content=\"VUCE\" \/>\n<meta property=\"article:published_time\" content=\"2013-06-18T13:46:34+00:00\" \/>\n<meta property=\"article:modified_time\" content=\"2019-02-26T18:33:40+00:00\" \/>\n<meta property=\"og:image\" content=\"https:\/\/vuce.gub.uy\/staging1500\/wp-content\/uploads\/2013\/06\/TerceraCharlaVUCE.jpg\" \/>\n\t<meta property=\"og:image:width\" content=\"1024\" \/>\n\t<meta property=\"og:image:height\" content=\"510\" \/>\n\t<meta property=\"og:image:type\" content=\"image\/jpeg\" \/>\n<meta name=\"author\" content=\"vuce\" \/>\n<meta name=\"twitter:card\" content=\"summary_large_image\" \/>\n<meta name=\"twitter:label1\" content=\"Escrito por\" \/>\n\t<meta name=\"twitter:data1\" content=\"vuce\" \/>\n\t<meta name=\"twitter:label2\" content=\"Tiempo de lectura\" \/>\n\t<meta name=\"twitter:data2\" content=\"1 minuto\" \/>\n<script type=\"application\/ld+json\" class=\"yoast-schema-graph\">{\"@context\":\"https:\/\/schema.org\",\"@graph\":[{\"@type\":\"WebPage\",\"@id\":\"https:\/\/vuce.gub.uy\/staging1500\/3o-evento-del-ciclo-de-charlas-informativas-vuce\/\",\"url\":\"https:\/\/vuce.gub.uy\/staging1500\/3o-evento-del-ciclo-de-charlas-informativas-vuce\/\",\"name\":\"Ciclo de charlas informativas de VUCE - VUCE\",\"isPartOf\":{\"@id\":\"https:\/\/vuce.gub.uy\/staging1500\/#website\"},\"datePublished\":\"2013-06-18T13:46:34+00:00\",\"dateModified\":\"2019-02-26T18:33:40+00:00\",\"author\":{\"@id\":\"https:\/\/vuce.gub.uy\/staging1500\/#\/schema\/person\/8328845af156cc1910f16419d63591a6\"},\"breadcrumb\":{\"@id\":\"https:\/\/vuce.gub.uy\/staging1500\/3o-evento-del-ciclo-de-charlas-informativas-vuce\/#breadcrumb\"},\"inLanguage\":\"es-AR\",\"potentialAction\":[{\"@type\":\"ReadAction\",\"target\":[\"https:\/\/vuce.gub.uy\/staging1500\/3o-evento-del-ciclo-de-charlas-informativas-vuce\/\"]}]},{\"@type\":\"BreadcrumbList\",\"@id\":\"https:\/\/vuce.gub.uy\/staging1500\/3o-evento-del-ciclo-de-charlas-informativas-vuce\/#breadcrumb\",\"itemListElement\":[{\"@type\":\"ListItem\",\"position\":1,\"name\":\"Inicio\",\"item\":\"https:\/\/vuce.gub.uy\/staging1500\/\"},{\"@type\":\"ListItem\",\"position\":2,\"name\":\"Ciclo de charlas informativas de VUCE\"}]},{\"@type\":\"WebSite\",\"@id\":\"https:\/\/vuce.gub.uy\/staging1500\/#website\",\"url\":\"https:\/\/vuce.gub.uy\/staging1500\/\",\"name\":\"VUCE\",\"description\":\"\",\"potentialAction\":[{\"@type\":\"SearchAction\",\"target\":{\"@type\":\"EntryPoint\",\"urlTemplate\":\"https:\/\/vuce.gub.uy\/staging1500\/?s={search_term_string}\"},\"query-input\":\"required name=search_term_string\"}],\"inLanguage\":\"es-AR\"},{\"@type\":\"Person\",\"@id\":\"https:\/\/vuce.gub.uy\/staging1500\/#\/schema\/person\/8328845af156cc1910f16419d63591a6\",\"name\":\"vuce\",\"url\":\"https:\/\/vuce.gub.uy\/staging1500\/author\/vuce\/\"}]}<\/script>\n<!-- \/ Yoast SEO plugin. -->","yoast_head_json":{"title":"Ciclo de charlas informativas de VUCE - VUCE","robots":{"index":"index","follow":"follow","max-snippet":"max-snippet:-1","max-image-preview":"max-image-preview:large","max-video-preview":"max-video-preview:-1"},"canonical":"https:\/\/vuce.gub.uy\/staging1500\/3o-evento-del-ciclo-de-charlas-informativas-vuce\/","og_locale":"es_ES","og_type":"article","og_title":"Ciclo de charlas informativas de VUCE - VUCE","og_description":"En esta oportunidad, la charla se realiz\u00f3 en la Administraci\u00f3n Nacional de Puertos el d\u00eda 17 de junio de 2013.","og_url":"https:\/\/vuce.gub.uy\/staging1500\/3o-evento-del-ciclo-de-charlas-informativas-vuce\/","og_site_name":"VUCE","article_published_time":"2013-06-18T13:46:34+00:00","article_modified_time":"2019-02-26T18:33:40+00:00","og_image":[{"width":1024,"height":510,"url":"https:\/\/vuce.gub.uy\/staging1500\/wp-content\/uploads\/2013\/06\/TerceraCharlaVUCE.jpg","type":"image\/jpeg"}],"author":"vuce","twitter_card":"summary_large_image","twitter_misc":{"Escrito por":"vuce","Tiempo de lectura":"1 minuto"},"schema":{"@context":"https:\/\/schema.org","@graph":[{"@type":"WebPage","@id":"https:\/\/vuce.gub.uy\/staging1500\/3o-evento-del-ciclo-de-charlas-informativas-vuce\/","url":"https:\/\/vuce.gub.uy\/staging1500\/3o-evento-del-ciclo-de-charlas-informativas-vuce\/","name":"Ciclo de charlas informativas de VUCE - VUCE","isPartOf":{"@id":"https:\/\/vuce.gub.uy\/staging1500\/#website"},"datePublished":"2013-06-18T13:46:34+00:00","dateModified":"2019-02-26T18:33:40+00:00","author":{"@id":"https:\/\/vuce.gub.uy\/staging1500\/#\/schema\/person\/8328845af156cc1910f16419d63591a6"},"breadcrumb":{"@id":"https:\/\/vuce.gub.uy\/staging1500\/3o-evento-del-ciclo-de-charlas-informativas-vuce\/#breadcrumb"},"inLanguage":"es-AR","potentialAction":[{"@type":"ReadAction","target":["https:\/\/vuce.gub.uy\/staging1500\/3o-evento-del-ciclo-de-charlas-informativas-vuce\/"]}]},{"@type":"BreadcrumbList","@id":"https:\/\/vuce.gub.uy\/staging1500\/3o-evento-del-ciclo-de-charlas-informativas-vuce\/#breadcrumb","itemListElement":[{"@type":"ListItem","position":1,"name":"Inicio","item":"https:\/\/vuce.gub.uy\/staging1500\/"},{"@type":"ListItem","position":2,"name":"Ciclo de charlas informativas de VUCE"}]},{"@type":"WebSite","@id":"https:\/\/vuce.gub.uy\/staging1500\/#website","url":"https:\/\/vuce.gub.uy\/staging1500\/","name":"VUCE","description":"","potentialAction":[{"@type":"SearchAction","target":{"@type":"EntryPoint","urlTemplate":"https:\/\/vuce.gub.uy\/staging1500\/?s={search_term_string}"},"query-input":"required name=search_term_string"}],"inLanguage":"es-AR"},{"@type":"Person","@id":"https:\/\/vuce.gub.uy\/staging1500\/#\/schema\/person\/8328845af156cc1910f16419d63591a6","name":"vuce","url":"https:\/\/vuce.gub.uy\/staging1500\/author\/vuce\/"}]}},"_links":{"self":[{"href":"https:\/\/vuce.gub.uy\/staging1500\/wp-json\/wp\/v2\/posts\/541"}],"collection":[{"href":"https:\/\/vuce.gub.uy\/staging1500\/wp-json\/wp\/v2\/posts"}],"about":[{"href":"https:\/\/vuce.gub.uy\/staging1500\/wp-json\/wp\/v2\/types\/post"}],"author":[{"embeddable":true,"href":"https:\/\/vuce.gub.uy\/staging1500\/wp-json\/wp\/v2\/users\/1"}],"replies":[{"embeddable":true,"href":"https:\/\/vuce.gub.uy\/staging1500\/wp-json\/wp\/v2\/comments?post=541"}],"version-history":[{"count":3,"href":"https:\/\/vuce.gub.uy\/staging1500\/wp-json\/wp\/v2\/posts\/541\/revisions"}],"predecessor-version":[{"id":6089,"href":"https:\/\/vuce.gub.uy\/staging1500\/wp-json\/wp\/v2\/posts\/541\/revisions\/6089"}],"wp:featuredmedia":[{"embeddable":true,"href":"https:\/\/vuce.gub.uy\/staging1500\/wp-json\/wp\/v2\/media\/543"}],"wp:attachment":[{"href":"https:\/\/vuce.gub.uy\/staging1500\/wp-json\/wp\/v2\/media?parent=541"}],"wp:term":[{"taxonomy":"category","embeddable":true,"href":"https:\/\/vuce.gub.uy\/staging1500\/wp-json\/wp\/v2\/categories?post=541"},{"taxonomy":"post_tag","embeddable":true,"href":"https:\/\/vuce.gub.uy\/staging1500\/wp-json\/wp\/v2\/tags?post=541"}],"curies":[{"name":"wp","href":"https:\/\/api.w.org\/{rel}","templated":true}]}}