{"id":586,"date":"2013-06-15T13:57:50","date_gmt":"2013-06-15T13:57:50","guid":{"rendered":"http:\/\/vuce.gub.uy\/staging1500\/?p=586"},"modified":"2013-06-15T13:57:50","modified_gmt":"2013-06-15T13:57:50","slug":"taller-agesic","status":"publish","type":"post","link":"https:\/\/vuce.gub.uy\/staging1500\/taller-agesic\/","title":{"rendered":"Taller de Agenda Digital Uruguay"},"content":{"rendered":"<p>VUCE particip\u00f3 de un taller organizado por la Sociedad de la Informaci\u00f3n de AGESIC, en el cual present\u00f3 el estado actual del proyecto, sus avances y futuras metas.<\/p>\n<p>El desarrollo de una Ventanilla \u00danica de Comercio Exterior es uno de los objetivos establecidos por la Agenda Digital Uruguaya 2011-2015, documento donde se plasman, entre otras cosas, las pol\u00edticas de gobierno y los objetivos vinculados al desarrollo, en el contexto de la Sociedad de la Informaci\u00f3n y del Conocimiento.<\/p>\n<p>El proyecto VUCE se encuentra enmarcado en la meta \u201cDesarrollo del Comercio Electr\u00f3nico y de iniciativas que promuevan la inclusi\u00f3n financiera\u201d, que busca la utilizaci\u00f3n eficiente de las TIC y la simplificaci\u00f3n y unificaci\u00f3n de procesos estatales.<\/p>\n<p>El objetivo del taller fue una puesta a punto de los proyectos asumidos por cada organismo con el fin de analizar su situaci\u00f3n y establecer estrategias conjuntas.<\/p>\n","protected":false},"excerpt":{"rendered":"<p>El pasado 10 de junio VUCE particip\u00f3 del taller organizado por la Sociedad de la Informaci\u00f3n de AGESIC.<\/p>\n","protected":false},"author":1,"featured_media":606,"comment_status":"closed","ping_status":"open","sticky":false,"template":"","format":"standard","meta":{"footnotes":""},"categories":[3],"tags":[],"yoast_head":"<!-- This site is optimized with the Yoast SEO plugin v21.5 - https:\/\/yoast.com\/wordpress\/plugins\/seo\/ -->\n<title>Taller de Agenda Digital Uruguay - VUCE<\/title>\n<meta name=\"description\" content=\"Agenda Digital Uruguay\" \/>\n<meta name=\"robots\" content=\"index, follow, max-snippet:-1, max-image-preview:large, max-video-preview:-1\" \/>\n<link rel=\"canonical\" href=\"https:\/\/vuce.gub.uy\/staging1500\/taller-agesic\/\" \/>\n<meta property=\"og:locale\" content=\"es_ES\" \/>\n<meta property=\"og:type\" content=\"article\" \/>\n<meta property=\"og:title\" content=\"Taller de Agenda Digital Uruguay - VUCE\" \/>\n<meta property=\"og:description\" content=\"Agenda Digital Uruguay\" \/>\n<meta property=\"og:url\" content=\"https:\/\/vuce.gub.uy\/staging1500\/taller-agesic\/\" \/>\n<meta property=\"og:site_name\" content=\"VUCE\" \/>\n<meta property=\"article:published_time\" content=\"2013-06-15T13:57:50+00:00\" \/>\n<meta property=\"og:image\" content=\"https:\/\/vuce.gub.uy\/staging1500\/wp-content\/uploads\/2013\/06\/tallerAgesic.jpg\" \/>\n\t<meta property=\"og:image:width\" content=\"630\" \/>\n\t<meta property=\"og:image:height\" content=\"200\" \/>\n\t<meta property=\"og:image:type\" content=\"image\/jpeg\" \/>\n<meta name=\"author\" content=\"vuce\" \/>\n<meta name=\"twitter:card\" content=\"summary_large_image\" \/>\n<meta name=\"twitter:label1\" content=\"Escrito por\" \/>\n\t<meta name=\"twitter:data1\" content=\"vuce\" \/>\n\t<meta name=\"twitter:label2\" content=\"Tiempo de lectura\" \/>\n\t<meta name=\"twitter:data2\" content=\"1 minuto\" \/>\n<script type=\"application\/ld+json\" class=\"yoast-schema-graph\">{\"@context\":\"https:\/\/schema.org\",\"@graph\":[{\"@type\":\"WebPage\",\"@id\":\"https:\/\/vuce.gub.uy\/staging1500\/taller-agesic\/\",\"url\":\"https:\/\/vuce.gub.uy\/staging1500\/taller-agesic\/\",\"name\":\"Taller de Agenda Digital Uruguay - VUCE\",\"isPartOf\":{\"@id\":\"https:\/\/vuce.gub.uy\/staging1500\/#website\"},\"datePublished\":\"2013-06-15T13:57:50+00:00\",\"dateModified\":\"2013-06-15T13:57:50+00:00\",\"author\":{\"@id\":\"https:\/\/vuce.gub.uy\/staging1500\/#\/schema\/person\/8328845af156cc1910f16419d63591a6\"},\"description\":\"Agenda Digital Uruguay\",\"breadcrumb\":{\"@id\":\"https:\/\/vuce.gub.uy\/staging1500\/taller-agesic\/#breadcrumb\"},\"inLanguage\":\"es-AR\",\"potentialAction\":[{\"@type\":\"ReadAction\",\"target\":[\"https:\/\/vuce.gub.uy\/staging1500\/taller-agesic\/\"]}]},{\"@type\":\"BreadcrumbList\",\"@id\":\"https:\/\/vuce.gub.uy\/staging1500\/taller-agesic\/#breadcrumb\",\"itemListElement\":[{\"@type\":\"ListItem\",\"position\":1,\"name\":\"Inicio\",\"item\":\"https:\/\/vuce.gub.uy\/staging1500\/\"},{\"@type\":\"ListItem\",\"position\":2,\"name\":\"Taller de Agenda Digital Uruguay\"}]},{\"@type\":\"WebSite\",\"@id\":\"https:\/\/vuce.gub.uy\/staging1500\/#website\",\"url\":\"https:\/\/vuce.gub.uy\/staging1500\/\",\"name\":\"VUCE\",\"description\":\"\",\"potentialAction\":[{\"@type\":\"SearchAction\",\"target\":{\"@type\":\"EntryPoint\",\"urlTemplate\":\"https:\/\/vuce.gub.uy\/staging1500\/?s={search_term_string}\"},\"query-input\":\"required name=search_term_string\"}],\"inLanguage\":\"es-AR\"},{\"@type\":\"Person\",\"@id\":\"https:\/\/vuce.gub.uy\/staging1500\/#\/schema\/person\/8328845af156cc1910f16419d63591a6\",\"name\":\"vuce\",\"url\":\"https:\/\/vuce.gub.uy\/staging1500\/author\/vuce\/\"}]}<\/script>\n<!-- \/ Yoast SEO plugin. -->","yoast_head_json":{"title":"Taller de Agenda Digital Uruguay - VUCE","description":"Agenda Digital Uruguay","robots":{"index":"index","follow":"follow","max-snippet":"max-snippet:-1","max-image-preview":"max-image-preview:large","max-video-preview":"max-video-preview:-1"},"canonical":"https:\/\/vuce.gub.uy\/staging1500\/taller-agesic\/","og_locale":"es_ES","og_type":"article","og_title":"Taller de Agenda Digital Uruguay - VUCE","og_description":"Agenda Digital Uruguay","og_url":"https:\/\/vuce.gub.uy\/staging1500\/taller-agesic\/","og_site_name":"VUCE","article_published_time":"2013-06-15T13:57:50+00:00","og_image":[{"width":630,"height":200,"url":"https:\/\/vuce.gub.uy\/staging1500\/wp-content\/uploads\/2013\/06\/tallerAgesic.jpg","type":"image\/jpeg"}],"author":"vuce","twitter_card":"summary_large_image","twitter_misc":{"Escrito por":"vuce","Tiempo de lectura":"1 minuto"},"schema":{"@context":"https:\/\/schema.org","@graph":[{"@type":"WebPage","@id":"https:\/\/vuce.gub.uy\/staging1500\/taller-agesic\/","url":"https:\/\/vuce.gub.uy\/staging1500\/taller-agesic\/","name":"Taller de Agenda Digital Uruguay - VUCE","isPartOf":{"@id":"https:\/\/vuce.gub.uy\/staging1500\/#website"},"datePublished":"2013-06-15T13:57:50+00:00","dateModified":"2013-06-15T13:57:50+00:00","author":{"@id":"https:\/\/vuce.gub.uy\/staging1500\/#\/schema\/person\/8328845af156cc1910f16419d63591a6"},"description":"Agenda Digital Uruguay","breadcrumb":{"@id":"https:\/\/vuce.gub.uy\/staging1500\/taller-agesic\/#breadcrumb"},"inLanguage":"es-AR","potentialAction":[{"@type":"ReadAction","target":["https:\/\/vuce.gub.uy\/staging1500\/taller-agesic\/"]}]},{"@type":"BreadcrumbList","@id":"https:\/\/vuce.gub.uy\/staging1500\/taller-agesic\/#breadcrumb","itemListElement":[{"@type":"ListItem","position":1,"name":"Inicio","item":"https:\/\/vuce.gub.uy\/staging1500\/"},{"@type":"ListItem","position":2,"name":"Taller de Agenda Digital Uruguay"}]},{"@type":"WebSite","@id":"https:\/\/vuce.gub.uy\/staging1500\/#website","url":"https:\/\/vuce.gub.uy\/staging1500\/","name":"VUCE","description":"","potentialAction":[{"@type":"SearchAction","target":{"@type":"EntryPoint","urlTemplate":"https:\/\/vuce.gub.uy\/staging1500\/?s={search_term_string}"},"query-input":"required name=search_term_string"}],"inLanguage":"es-AR"},{"@type":"Person","@id":"https:\/\/vuce.gub.uy\/staging1500\/#\/schema\/person\/8328845af156cc1910f16419d63591a6","name":"vuce","url":"https:\/\/vuce.gub.uy\/staging1500\/author\/vuce\/"}]}},"_links":{"self":[{"href":"https:\/\/vuce.gub.uy\/staging1500\/wp-json\/wp\/v2\/posts\/586"}],"collection":[{"href":"https:\/\/vuce.gub.uy\/staging1500\/wp-json\/wp\/v2\/posts"}],"about":[{"href":"https:\/\/vuce.gub.uy\/staging1500\/wp-json\/wp\/v2\/types\/post"}],"author":[{"embeddable":true,"href":"https:\/\/vuce.gub.uy\/staging1500\/wp-json\/wp\/v2\/users\/1"}],"replies":[{"embeddable":true,"href":"https:\/\/vuce.gub.uy\/staging1500\/wp-json\/wp\/v2\/comments?post=586"}],"version-history":[{"count":0,"href":"https:\/\/vuce.gub.uy\/staging1500\/wp-json\/wp\/v2\/posts\/586\/revisions"}],"wp:featuredmedia":[{"embeddable":true,"href":"https:\/\/vuce.gub.uy\/staging1500\/wp-json\/wp\/v2\/media\/606"}],"wp:attachment":[{"href":"https:\/\/vuce.gub.uy\/staging1500\/wp-json\/wp\/v2\/media?parent=586"}],"wp:term":[{"taxonomy":"category","embeddable":true,"href":"https:\/\/vuce.gub.uy\/staging1500\/wp-json\/wp\/v2\/categories?post=586"},{"taxonomy":"post_tag","embeddable":true,"href":"https:\/\/vuce.gub.uy\/staging1500\/wp-json\/wp\/v2\/tags?post=586"}],"curies":[{"name":"wp","href":"https:\/\/api.w.org\/{rel}","templated":true}]}}