{"id":608,"date":"2013-06-30T14:43:31","date_gmt":"2013-06-30T14:43:31","guid":{"rendered":"http:\/\/vuce.gub.uy\/staging1500\/?p=608"},"modified":"2013-06-30T14:43:31","modified_gmt":"2013-06-30T14:43:31","slug":"foro-internacional-marca-pais","status":"publish","type":"post","link":"https:\/\/vuce.gub.uy\/staging1500\/foro-internacional-marca-pais\/","title":{"rendered":"Foro Internacional Marca Pa\u00eds"},"content":{"rendered":"<p>Con el objetivo presentar y fomentar el intercambio de experiencias de gesti\u00f3n de Marca Pa\u00eds en los diferentes pa\u00edses, se realiz\u00f3 del 26 al 28 de junio en el Auditorio de la Torre de las Telecomunicaciones de Antel, el Foro Internacional Marca Pa\u00eds.<\/p>\n<p>Este encuentro se efectu\u00f3 en el marco del Programa de Apoyo a la Gesti\u00f3n de Comercio Exterior Banco Interamericano de Desarrollo, N\u00b0 1971 \/ OC \u2013UR, que busca continuar con el proceso de fortalecimiento institucional para la construcci\u00f3n de una \u201cimagen pa\u00eds\u201d, y el mejoramiento del posicionamiento de Uruguay en el mundo.<\/p>\n<p>La Ventanilla \u00danica de Comercio Exterior en el marco de la construcci\u00f3n de la identidad e imagen institucional, firm\u00f3 el 26 de octubre de 2012 con el Ministerio de Turismo y Deporte un convenio para adherirse al uso de la Marca Pa\u00eds \u201cUruguay Natural\u201d.<\/p>\n<p>Por m\u00e1s informaci\u00f3n <a href=\"http:\/\/marcapaisuruguay.gub.uy\/foromarcapais\/\">http:\/\/marcapaisuruguay.gub.uy\/foromarcapais\/<\/a><\/p>\n","protected":false},"excerpt":{"rendered":"<p>VUCE asisti\u00f3 al primer \u201cForo Internacional Marca Pa\u00eds\u201d durante los d\u00edas 26, 27 y 28 de junio del 2013.<\/p>\n","protected":false},"author":1,"featured_media":610,"comment_status":"closed","ping_status":"open","sticky":false,"template":"","format":"standard","meta":{"footnotes":""},"categories":[3],"tags":[],"yoast_head":"<!-- This site is optimized with the Yoast SEO plugin v21.5 - https:\/\/yoast.com\/wordpress\/plugins\/seo\/ -->\n<title>Foro Internacional Marca Pa\u00eds - VUCE<\/title>\n<meta name=\"description\" content=\"Foro Internacional Marca Pa\u00eds\" \/>\n<meta name=\"robots\" content=\"index, follow, max-snippet:-1, max-image-preview:large, max-video-preview:-1\" \/>\n<link rel=\"canonical\" href=\"https:\/\/vuce.gub.uy\/staging1500\/foro-internacional-marca-pais\/\" \/>\n<meta property=\"og:locale\" content=\"es_ES\" \/>\n<meta property=\"og:type\" content=\"article\" \/>\n<meta property=\"og:title\" content=\"Foro Internacional Marca Pa\u00eds - VUCE\" \/>\n<meta property=\"og:description\" content=\"Foro Internacional Marca Pa\u00eds\" \/>\n<meta property=\"og:url\" content=\"https:\/\/vuce.gub.uy\/staging1500\/foro-internacional-marca-pais\/\" \/>\n<meta property=\"og:site_name\" content=\"VUCE\" \/>\n<meta property=\"article:published_time\" content=\"2013-06-30T14:43:31+00:00\" \/>\n<meta property=\"og:image\" content=\"https:\/\/vuce.gub.uy\/staging1500\/wp-content\/uploads\/2013\/07\/ForoMarcaPais.jpg\" \/>\n\t<meta property=\"og:image:width\" content=\"799\" \/>\n\t<meta property=\"og:image:height\" content=\"531\" \/>\n\t<meta property=\"og:image:type\" content=\"image\/jpeg\" \/>\n<meta name=\"author\" content=\"vuce\" \/>\n<meta name=\"twitter:card\" content=\"summary_large_image\" \/>\n<meta name=\"twitter:label1\" content=\"Escrito por\" \/>\n\t<meta name=\"twitter:data1\" content=\"vuce\" \/>\n\t<meta name=\"twitter:label2\" content=\"Tiempo de lectura\" \/>\n\t<meta name=\"twitter:data2\" content=\"1 minuto\" \/>\n<script type=\"application\/ld+json\" class=\"yoast-schema-graph\">{\"@context\":\"https:\/\/schema.org\",\"@graph\":[{\"@type\":\"WebPage\",\"@id\":\"https:\/\/vuce.gub.uy\/staging1500\/foro-internacional-marca-pais\/\",\"url\":\"https:\/\/vuce.gub.uy\/staging1500\/foro-internacional-marca-pais\/\",\"name\":\"Foro Internacional Marca Pa\u00eds - VUCE\",\"isPartOf\":{\"@id\":\"https:\/\/vuce.gub.uy\/staging1500\/#website\"},\"datePublished\":\"2013-06-30T14:43:31+00:00\",\"dateModified\":\"2013-06-30T14:43:31+00:00\",\"author\":{\"@id\":\"https:\/\/vuce.gub.uy\/staging1500\/#\/schema\/person\/8328845af156cc1910f16419d63591a6\"},\"description\":\"Foro Internacional Marca Pa\u00eds\",\"breadcrumb\":{\"@id\":\"https:\/\/vuce.gub.uy\/staging1500\/foro-internacional-marca-pais\/#breadcrumb\"},\"inLanguage\":\"es-AR\",\"potentialAction\":[{\"@type\":\"ReadAction\",\"target\":[\"https:\/\/vuce.gub.uy\/staging1500\/foro-internacional-marca-pais\/\"]}]},{\"@type\":\"BreadcrumbList\",\"@id\":\"https:\/\/vuce.gub.uy\/staging1500\/foro-internacional-marca-pais\/#breadcrumb\",\"itemListElement\":[{\"@type\":\"ListItem\",\"position\":1,\"name\":\"Inicio\",\"item\":\"https:\/\/vuce.gub.uy\/staging1500\/\"},{\"@type\":\"ListItem\",\"position\":2,\"name\":\"Foro Internacional Marca Pa\u00eds\"}]},{\"@type\":\"WebSite\",\"@id\":\"https:\/\/vuce.gub.uy\/staging1500\/#website\",\"url\":\"https:\/\/vuce.gub.uy\/staging1500\/\",\"name\":\"VUCE\",\"description\":\"\",\"potentialAction\":[{\"@type\":\"SearchAction\",\"target\":{\"@type\":\"EntryPoint\",\"urlTemplate\":\"https:\/\/vuce.gub.uy\/staging1500\/?s={search_term_string}\"},\"query-input\":\"required name=search_term_string\"}],\"inLanguage\":\"es-AR\"},{\"@type\":\"Person\",\"@id\":\"https:\/\/vuce.gub.uy\/staging1500\/#\/schema\/person\/8328845af156cc1910f16419d63591a6\",\"name\":\"vuce\",\"url\":\"https:\/\/vuce.gub.uy\/staging1500\/author\/vuce\/\"}]}<\/script>\n<!-- \/ Yoast SEO plugin. -->","yoast_head_json":{"title":"Foro Internacional Marca Pa\u00eds - VUCE","description":"Foro Internacional Marca Pa\u00eds","robots":{"index":"index","follow":"follow","max-snippet":"max-snippet:-1","max-image-preview":"max-image-preview:large","max-video-preview":"max-video-preview:-1"},"canonical":"https:\/\/vuce.gub.uy\/staging1500\/foro-internacional-marca-pais\/","og_locale":"es_ES","og_type":"article","og_title":"Foro Internacional Marca Pa\u00eds - VUCE","og_description":"Foro Internacional Marca Pa\u00eds","og_url":"https:\/\/vuce.gub.uy\/staging1500\/foro-internacional-marca-pais\/","og_site_name":"VUCE","article_published_time":"2013-06-30T14:43:31+00:00","og_image":[{"width":799,"height":531,"url":"https:\/\/vuce.gub.uy\/staging1500\/wp-content\/uploads\/2013\/07\/ForoMarcaPais.jpg","type":"image\/jpeg"}],"author":"vuce","twitter_card":"summary_large_image","twitter_misc":{"Escrito por":"vuce","Tiempo de lectura":"1 minuto"},"schema":{"@context":"https:\/\/schema.org","@graph":[{"@type":"WebPage","@id":"https:\/\/vuce.gub.uy\/staging1500\/foro-internacional-marca-pais\/","url":"https:\/\/vuce.gub.uy\/staging1500\/foro-internacional-marca-pais\/","name":"Foro Internacional Marca Pa\u00eds - VUCE","isPartOf":{"@id":"https:\/\/vuce.gub.uy\/staging1500\/#website"},"datePublished":"2013-06-30T14:43:31+00:00","dateModified":"2013-06-30T14:43:31+00:00","author":{"@id":"https:\/\/vuce.gub.uy\/staging1500\/#\/schema\/person\/8328845af156cc1910f16419d63591a6"},"description":"Foro Internacional Marca Pa\u00eds","breadcrumb":{"@id":"https:\/\/vuce.gub.uy\/staging1500\/foro-internacional-marca-pais\/#breadcrumb"},"inLanguage":"es-AR","potentialAction":[{"@type":"ReadAction","target":["https:\/\/vuce.gub.uy\/staging1500\/foro-internacional-marca-pais\/"]}]},{"@type":"BreadcrumbList","@id":"https:\/\/vuce.gub.uy\/staging1500\/foro-internacional-marca-pais\/#breadcrumb","itemListElement":[{"@type":"ListItem","position":1,"name":"Inicio","item":"https:\/\/vuce.gub.uy\/staging1500\/"},{"@type":"ListItem","position":2,"name":"Foro Internacional Marca Pa\u00eds"}]},{"@type":"WebSite","@id":"https:\/\/vuce.gub.uy\/staging1500\/#website","url":"https:\/\/vuce.gub.uy\/staging1500\/","name":"VUCE","description":"","potentialAction":[{"@type":"SearchAction","target":{"@type":"EntryPoint","urlTemplate":"https:\/\/vuce.gub.uy\/staging1500\/?s={search_term_string}"},"query-input":"required name=search_term_string"}],"inLanguage":"es-AR"},{"@type":"Person","@id":"https:\/\/vuce.gub.uy\/staging1500\/#\/schema\/person\/8328845af156cc1910f16419d63591a6","name":"vuce","url":"https:\/\/vuce.gub.uy\/staging1500\/author\/vuce\/"}]}},"_links":{"self":[{"href":"https:\/\/vuce.gub.uy\/staging1500\/wp-json\/wp\/v2\/posts\/608"}],"collection":[{"href":"https:\/\/vuce.gub.uy\/staging1500\/wp-json\/wp\/v2\/posts"}],"about":[{"href":"https:\/\/vuce.gub.uy\/staging1500\/wp-json\/wp\/v2\/types\/post"}],"author":[{"embeddable":true,"href":"https:\/\/vuce.gub.uy\/staging1500\/wp-json\/wp\/v2\/users\/1"}],"replies":[{"embeddable":true,"href":"https:\/\/vuce.gub.uy\/staging1500\/wp-json\/wp\/v2\/comments?post=608"}],"version-history":[{"count":0,"href":"https:\/\/vuce.gub.uy\/staging1500\/wp-json\/wp\/v2\/posts\/608\/revisions"}],"wp:featuredmedia":[{"embeddable":true,"href":"https:\/\/vuce.gub.uy\/staging1500\/wp-json\/wp\/v2\/media\/610"}],"wp:attachment":[{"href":"https:\/\/vuce.gub.uy\/staging1500\/wp-json\/wp\/v2\/media?parent=608"}],"wp:term":[{"taxonomy":"category","embeddable":true,"href":"https:\/\/vuce.gub.uy\/staging1500\/wp-json\/wp\/v2\/categories?post=608"},{"taxonomy":"post_tag","embeddable":true,"href":"https:\/\/vuce.gub.uy\/staging1500\/wp-json\/wp\/v2\/tags?post=608"}],"curies":[{"name":"wp","href":"https:\/\/api.w.org\/{rel}","templated":true}]}}