{"id":635,"date":"2013-07-19T15:14:02","date_gmt":"2013-07-19T15:14:02","guid":{"rendered":"http:\/\/vuce.gub.uy\/staging1500\/?p=635"},"modified":"2013-07-19T15:14:02","modified_gmt":"2013-07-19T15:14:02","slug":"vuce-sera-quien-centralice-la-informacion-y-la-comunique-a-la-dna","status":"publish","type":"post","link":"https:\/\/vuce.gub.uy\/staging1500\/vuce-sera-quien-centralice-la-informacion-y-la-comunique-a-la-dna\/","title":{"rendered":"VUCE ser\u00e1 quien centralice la informaci\u00f3n y la comunique a la DNA"},"content":{"rendered":"<p>En virtud, de los avances obtenidos y de los planes previstos para el 2013, la Direcci\u00f3n Nacional de Aduanas comunica a todos aquellos Organismos que est\u00e9n interesados en transmitir informaci\u00f3n electr\u00f3nica a la Direcci\u00f3n Nacional de Aduanas, que deber\u00e1n interconectarse al Sistema de VUCE y esta \u00faltima ser\u00e1 quien centralice la informaci\u00f3n y la comunique a la DNA.<\/p>\n<p>A partir de ahora, todas las gestiones de nuevas transmisiones electr\u00f3nicas con el Sistema LUCIA deber\u00e1n hacerse a trav\u00e9s de la VUCE. Para esto podr\u00e1n comunicarse con el equipo que trabaja en el desarrollo de esta plataforma, a trav\u00e9s de la casilla: organismos@vuce.gub.uy<\/p>\n<p>Para m\u00e1s informaci\u00f3n, visite la p\u00e1gina <a href=\"http:\/\/www.aduanas.gub.uy\/innovaportal\/v\/11125\/1\/innova.front\/comunicado_direccion_nacional_13_2013.html\">http:\/\/www.aduanas.gub.uy\/innovaportal<\/a><\/p>\n","protected":false},"excerpt":{"rendered":"<p>A partir de ahora, todas las gestiones de nuevas transmisiones electr\u00f3nicas con el Sistema LUCIA deber\u00e1n hacerse a trav\u00e9s de la VUCE.<\/p>\n","protected":false},"author":1,"featured_media":645,"comment_status":"closed","ping_status":"open","sticky":false,"template":"","format":"standard","meta":{"footnotes":""},"categories":[3],"tags":[],"yoast_head":"<!-- This site is optimized with the Yoast SEO plugin v21.5 - https:\/\/yoast.com\/wordpress\/plugins\/seo\/ -->\n<title>VUCE ser\u00e1 quien centralice la informaci\u00f3n y la comunique a la DNA - VUCE<\/title>\n<meta name=\"description\" content=\"Interconexi\u00f3n con aduana \u00fanicamente a trav\u00e9s de VUCE\" \/>\n<meta name=\"robots\" content=\"index, follow, max-snippet:-1, max-image-preview:large, max-video-preview:-1\" \/>\n<link rel=\"canonical\" href=\"https:\/\/vuce.gub.uy\/staging1500\/vuce-sera-quien-centralice-la-informacion-y-la-comunique-a-la-dna\/\" \/>\n<meta property=\"og:locale\" content=\"es_ES\" \/>\n<meta property=\"og:type\" content=\"article\" \/>\n<meta property=\"og:title\" content=\"VUCE ser\u00e1 quien centralice la informaci\u00f3n y la comunique a la DNA - VUCE\" \/>\n<meta property=\"og:description\" content=\"Interconexi\u00f3n con aduana \u00fanicamente a trav\u00e9s de VUCE\" \/>\n<meta property=\"og:url\" content=\"https:\/\/vuce.gub.uy\/staging1500\/vuce-sera-quien-centralice-la-informacion-y-la-comunique-a-la-dna\/\" \/>\n<meta property=\"og:site_name\" content=\"VUCE\" \/>\n<meta property=\"article:published_time\" content=\"2013-07-19T15:14:02+00:00\" \/>\n<meta property=\"og:image\" content=\"https:\/\/vuce.gub.uy\/staging1500\/wp-content\/uploads\/2013\/07\/logoAduana.jpg\" \/>\n\t<meta property=\"og:image:width\" content=\"630\" \/>\n\t<meta property=\"og:image:height\" content=\"220\" \/>\n\t<meta property=\"og:image:type\" content=\"image\/jpeg\" \/>\n<meta name=\"author\" content=\"vuce\" \/>\n<meta name=\"twitter:card\" content=\"summary_large_image\" \/>\n<meta name=\"twitter:label1\" content=\"Escrito por\" \/>\n\t<meta name=\"twitter:data1\" content=\"vuce\" \/>\n\t<meta name=\"twitter:label2\" content=\"Tiempo de lectura\" \/>\n\t<meta name=\"twitter:data2\" content=\"1 minuto\" \/>\n<script type=\"application\/ld+json\" class=\"yoast-schema-graph\">{\"@context\":\"https:\/\/schema.org\",\"@graph\":[{\"@type\":\"WebPage\",\"@id\":\"https:\/\/vuce.gub.uy\/staging1500\/vuce-sera-quien-centralice-la-informacion-y-la-comunique-a-la-dna\/\",\"url\":\"https:\/\/vuce.gub.uy\/staging1500\/vuce-sera-quien-centralice-la-informacion-y-la-comunique-a-la-dna\/\",\"name\":\"VUCE ser\u00e1 quien centralice la informaci\u00f3n y la comunique a la DNA - VUCE\",\"isPartOf\":{\"@id\":\"https:\/\/vuce.gub.uy\/staging1500\/#website\"},\"datePublished\":\"2013-07-19T15:14:02+00:00\",\"dateModified\":\"2013-07-19T15:14:02+00:00\",\"author\":{\"@id\":\"https:\/\/vuce.gub.uy\/staging1500\/#\/schema\/person\/8328845af156cc1910f16419d63591a6\"},\"description\":\"Interconexi\u00f3n con aduana \u00fanicamente a trav\u00e9s de VUCE\",\"breadcrumb\":{\"@id\":\"https:\/\/vuce.gub.uy\/staging1500\/vuce-sera-quien-centralice-la-informacion-y-la-comunique-a-la-dna\/#breadcrumb\"},\"inLanguage\":\"es-AR\",\"potentialAction\":[{\"@type\":\"ReadAction\",\"target\":[\"https:\/\/vuce.gub.uy\/staging1500\/vuce-sera-quien-centralice-la-informacion-y-la-comunique-a-la-dna\/\"]}]},{\"@type\":\"BreadcrumbList\",\"@id\":\"https:\/\/vuce.gub.uy\/staging1500\/vuce-sera-quien-centralice-la-informacion-y-la-comunique-a-la-dna\/#breadcrumb\",\"itemListElement\":[{\"@type\":\"ListItem\",\"position\":1,\"name\":\"Inicio\",\"item\":\"https:\/\/vuce.gub.uy\/staging1500\/\"},{\"@type\":\"ListItem\",\"position\":2,\"name\":\"VUCE ser\u00e1 quien centralice la informaci\u00f3n y la comunique a la DNA\"}]},{\"@type\":\"WebSite\",\"@id\":\"https:\/\/vuce.gub.uy\/staging1500\/#website\",\"url\":\"https:\/\/vuce.gub.uy\/staging1500\/\",\"name\":\"VUCE\",\"description\":\"\",\"potentialAction\":[{\"@type\":\"SearchAction\",\"target\":{\"@type\":\"EntryPoint\",\"urlTemplate\":\"https:\/\/vuce.gub.uy\/staging1500\/?s={search_term_string}\"},\"query-input\":\"required name=search_term_string\"}],\"inLanguage\":\"es-AR\"},{\"@type\":\"Person\",\"@id\":\"https:\/\/vuce.gub.uy\/staging1500\/#\/schema\/person\/8328845af156cc1910f16419d63591a6\",\"name\":\"vuce\",\"url\":\"https:\/\/vuce.gub.uy\/staging1500\/author\/vuce\/\"}]}<\/script>\n<!-- \/ Yoast SEO plugin. -->","yoast_head_json":{"title":"VUCE ser\u00e1 quien centralice la informaci\u00f3n y la comunique a la DNA - VUCE","description":"Interconexi\u00f3n con aduana \u00fanicamente a trav\u00e9s de VUCE","robots":{"index":"index","follow":"follow","max-snippet":"max-snippet:-1","max-image-preview":"max-image-preview:large","max-video-preview":"max-video-preview:-1"},"canonical":"https:\/\/vuce.gub.uy\/staging1500\/vuce-sera-quien-centralice-la-informacion-y-la-comunique-a-la-dna\/","og_locale":"es_ES","og_type":"article","og_title":"VUCE ser\u00e1 quien centralice la informaci\u00f3n y la comunique a la DNA - VUCE","og_description":"Interconexi\u00f3n con aduana \u00fanicamente a trav\u00e9s de VUCE","og_url":"https:\/\/vuce.gub.uy\/staging1500\/vuce-sera-quien-centralice-la-informacion-y-la-comunique-a-la-dna\/","og_site_name":"VUCE","article_published_time":"2013-07-19T15:14:02+00:00","og_image":[{"width":630,"height":220,"url":"https:\/\/vuce.gub.uy\/staging1500\/wp-content\/uploads\/2013\/07\/logoAduana.jpg","type":"image\/jpeg"}],"author":"vuce","twitter_card":"summary_large_image","twitter_misc":{"Escrito por":"vuce","Tiempo de lectura":"1 minuto"},"schema":{"@context":"https:\/\/schema.org","@graph":[{"@type":"WebPage","@id":"https:\/\/vuce.gub.uy\/staging1500\/vuce-sera-quien-centralice-la-informacion-y-la-comunique-a-la-dna\/","url":"https:\/\/vuce.gub.uy\/staging1500\/vuce-sera-quien-centralice-la-informacion-y-la-comunique-a-la-dna\/","name":"VUCE ser\u00e1 quien centralice la informaci\u00f3n y la comunique a la DNA - VUCE","isPartOf":{"@id":"https:\/\/vuce.gub.uy\/staging1500\/#website"},"datePublished":"2013-07-19T15:14:02+00:00","dateModified":"2013-07-19T15:14:02+00:00","author":{"@id":"https:\/\/vuce.gub.uy\/staging1500\/#\/schema\/person\/8328845af156cc1910f16419d63591a6"},"description":"Interconexi\u00f3n con aduana \u00fanicamente a trav\u00e9s de VUCE","breadcrumb":{"@id":"https:\/\/vuce.gub.uy\/staging1500\/vuce-sera-quien-centralice-la-informacion-y-la-comunique-a-la-dna\/#breadcrumb"},"inLanguage":"es-AR","potentialAction":[{"@type":"ReadAction","target":["https:\/\/vuce.gub.uy\/staging1500\/vuce-sera-quien-centralice-la-informacion-y-la-comunique-a-la-dna\/"]}]},{"@type":"BreadcrumbList","@id":"https:\/\/vuce.gub.uy\/staging1500\/vuce-sera-quien-centralice-la-informacion-y-la-comunique-a-la-dna\/#breadcrumb","itemListElement":[{"@type":"ListItem","position":1,"name":"Inicio","item":"https:\/\/vuce.gub.uy\/staging1500\/"},{"@type":"ListItem","position":2,"name":"VUCE ser\u00e1 quien centralice la informaci\u00f3n y la comunique a la DNA"}]},{"@type":"WebSite","@id":"https:\/\/vuce.gub.uy\/staging1500\/#website","url":"https:\/\/vuce.gub.uy\/staging1500\/","name":"VUCE","description":"","potentialAction":[{"@type":"SearchAction","target":{"@type":"EntryPoint","urlTemplate":"https:\/\/vuce.gub.uy\/staging1500\/?s={search_term_string}"},"query-input":"required name=search_term_string"}],"inLanguage":"es-AR"},{"@type":"Person","@id":"https:\/\/vuce.gub.uy\/staging1500\/#\/schema\/person\/8328845af156cc1910f16419d63591a6","name":"vuce","url":"https:\/\/vuce.gub.uy\/staging1500\/author\/vuce\/"}]}},"_links":{"self":[{"href":"https:\/\/vuce.gub.uy\/staging1500\/wp-json\/wp\/v2\/posts\/635"}],"collection":[{"href":"https:\/\/vuce.gub.uy\/staging1500\/wp-json\/wp\/v2\/posts"}],"about":[{"href":"https:\/\/vuce.gub.uy\/staging1500\/wp-json\/wp\/v2\/types\/post"}],"author":[{"embeddable":true,"href":"https:\/\/vuce.gub.uy\/staging1500\/wp-json\/wp\/v2\/users\/1"}],"replies":[{"embeddable":true,"href":"https:\/\/vuce.gub.uy\/staging1500\/wp-json\/wp\/v2\/comments?post=635"}],"version-history":[{"count":0,"href":"https:\/\/vuce.gub.uy\/staging1500\/wp-json\/wp\/v2\/posts\/635\/revisions"}],"wp:featuredmedia":[{"embeddable":true,"href":"https:\/\/vuce.gub.uy\/staging1500\/wp-json\/wp\/v2\/media\/645"}],"wp:attachment":[{"href":"https:\/\/vuce.gub.uy\/staging1500\/wp-json\/wp\/v2\/media?parent=635"}],"wp:term":[{"taxonomy":"category","embeddable":true,"href":"https:\/\/vuce.gub.uy\/staging1500\/wp-json\/wp\/v2\/categories?post=635"},{"taxonomy":"post_tag","embeddable":true,"href":"https:\/\/vuce.gub.uy\/staging1500\/wp-json\/wp\/v2\/tags?post=635"}],"curies":[{"name":"wp","href":"https:\/\/api.w.org\/{rel}","templated":true}]}}