{"id":6480,"date":"2019-08-14T11:48:46","date_gmt":"2019-08-14T11:48:46","guid":{"rendered":"http:\/\/vuce.gub.uy\/staging1500\/?p=6480"},"modified":"2019-08-14T11:48:46","modified_gmt":"2019-08-14T11:48:46","slug":"6to-encuentro-emprendedores-pymes","status":"publish","type":"post","link":"https:\/\/vuce.gub.uy\/staging1500\/6to-encuentro-emprendedores-pymes\/","title":{"rendered":"VUCE presente en el 6to encuentro para Emprendedores y Pymes"},"content":{"rendered":"<p>El d\u00eda jueves 15 de agosto, VUCE participar\u00e1 del 6to encuentro para Emprendedores y Pymes, coorganizado por ANTEL y el Ministerio de Industria, Energ\u00eda y Miner\u00eda.<\/p>\n<p>Se trata de un evento consolidado que re\u00fane al p\u00fablico empresarial del pa\u00eds. Esta edici\u00f3n, se focalizar\u00e1 en la vida m\u00f3vil y en c\u00f3mo el uso adecuado de la tecnolog\u00eda ayuda a fortalecer e incrementar los negocios. Se efectuar\u00e1n charlas con especialistas en diversas \u00e1reas, como marketing digital, administraci\u00f3n de empresas, comunicaci\u00f3n y recursos humanos.<\/p>\n<p>En esta oportunidad, VUCE realizar\u00e1 la presentaci\u00f3n del r\u00e9gimen <strong><em>TU Exporta <\/em><\/strong>como herramienta que simplifica procesos y reduce costos de las exportaciones de Micro y Peque\u00f1as empresas, de hasta USD 2000 valor de factura.<\/p>\n<p>La exposici\u00f3n ser\u00e1 de 15:15 a 15:30, a cargo de la Coordinadora Ejecutiva de VUCE, Cra. Daniela Vignolo. Tambi\u00e9n contaremos con un Stand donde estaremos asesorando desde las 12 a las 16 horas sobre este r\u00e9gimen.<\/p>\n<p>Por inscripciones y m\u00e1s informaci\u00f3n sobre el evento puede acceder aqu\u00ed: <a href=\"http:\/\/www.antel.com.uy\/web\/pymes\">http:\/\/www.antel.com.uy\/web\/pymes<\/a><\/p>\n","protected":false},"excerpt":{"rendered":"<p>Este jueves 15 de agosto<\/p>\n","protected":false},"author":2,"featured_media":6481,"comment_status":"closed","ping_status":"open","sticky":false,"template":"","format":"standard","meta":{"footnotes":""},"categories":[3],"tags":[],"yoast_head":"<!-- This site is optimized with the Yoast SEO plugin v21.5 - https:\/\/yoast.com\/wordpress\/plugins\/seo\/ -->\n<title>VUCE presente en el 6to encuentro para Emprendedores y Pymes - VUCE<\/title>\n<meta name=\"robots\" content=\"index, follow, max-snippet:-1, max-image-preview:large, max-video-preview:-1\" \/>\n<link rel=\"canonical\" href=\"https:\/\/vuce.gub.uy\/staging1500\/6to-encuentro-emprendedores-pymes\/\" \/>\n<meta property=\"og:locale\" content=\"es_ES\" \/>\n<meta property=\"og:type\" content=\"article\" \/>\n<meta property=\"og:title\" content=\"VUCE presente en el 6to encuentro para Emprendedores y Pymes - VUCE\" \/>\n<meta property=\"og:description\" content=\"Este jueves 15 de agosto\" \/>\n<meta property=\"og:url\" content=\"https:\/\/vuce.gub.uy\/staging1500\/6to-encuentro-emprendedores-pymes\/\" \/>\n<meta property=\"og:site_name\" content=\"VUCE\" \/>\n<meta property=\"article:published_time\" content=\"2019-08-14T11:48:46+00:00\" \/>\n<meta property=\"og:image\" content=\"https:\/\/vuce.gub.uy\/staging1500\/wp-content\/uploads\/2019\/08\/antel.png\" \/>\n\t<meta property=\"og:image:width\" content=\"1241\" \/>\n\t<meta property=\"og:image:height\" content=\"559\" \/>\n\t<meta property=\"og:image:type\" content=\"image\/png\" \/>\n<meta name=\"author\" content=\"VUCE\" \/>\n<meta name=\"twitter:card\" content=\"summary_large_image\" \/>\n<meta name=\"twitter:label1\" content=\"Escrito por\" \/>\n\t<meta name=\"twitter:data1\" content=\"VUCE\" \/>\n\t<meta name=\"twitter:label2\" content=\"Tiempo de lectura\" \/>\n\t<meta name=\"twitter:data2\" content=\"1 minuto\" \/>\n<script type=\"application\/ld+json\" class=\"yoast-schema-graph\">{\"@context\":\"https:\/\/schema.org\",\"@graph\":[{\"@type\":\"WebPage\",\"@id\":\"https:\/\/vuce.gub.uy\/staging1500\/6to-encuentro-emprendedores-pymes\/\",\"url\":\"https:\/\/vuce.gub.uy\/staging1500\/6to-encuentro-emprendedores-pymes\/\",\"name\":\"VUCE presente en el 6to encuentro para Emprendedores y Pymes - VUCE\",\"isPartOf\":{\"@id\":\"https:\/\/vuce.gub.uy\/staging1500\/#website\"},\"datePublished\":\"2019-08-14T11:48:46+00:00\",\"dateModified\":\"2019-08-14T11:48:46+00:00\",\"author\":{\"@id\":\"https:\/\/vuce.gub.uy\/staging1500\/#\/schema\/person\/cf086f5cfec1a574774c2058058eeacf\"},\"breadcrumb\":{\"@id\":\"https:\/\/vuce.gub.uy\/staging1500\/6to-encuentro-emprendedores-pymes\/#breadcrumb\"},\"inLanguage\":\"es-AR\",\"potentialAction\":[{\"@type\":\"ReadAction\",\"target\":[\"https:\/\/vuce.gub.uy\/staging1500\/6to-encuentro-emprendedores-pymes\/\"]}]},{\"@type\":\"BreadcrumbList\",\"@id\":\"https:\/\/vuce.gub.uy\/staging1500\/6to-encuentro-emprendedores-pymes\/#breadcrumb\",\"itemListElement\":[{\"@type\":\"ListItem\",\"position\":1,\"name\":\"Inicio\",\"item\":\"https:\/\/vuce.gub.uy\/staging1500\/\"},{\"@type\":\"ListItem\",\"position\":2,\"name\":\"VUCE presente en el 6to encuentro para Emprendedores y Pymes\"}]},{\"@type\":\"WebSite\",\"@id\":\"https:\/\/vuce.gub.uy\/staging1500\/#website\",\"url\":\"https:\/\/vuce.gub.uy\/staging1500\/\",\"name\":\"VUCE\",\"description\":\"\",\"potentialAction\":[{\"@type\":\"SearchAction\",\"target\":{\"@type\":\"EntryPoint\",\"urlTemplate\":\"https:\/\/vuce.gub.uy\/staging1500\/?s={search_term_string}\"},\"query-input\":\"required name=search_term_string\"}],\"inLanguage\":\"es-AR\"},{\"@type\":\"Person\",\"@id\":\"https:\/\/vuce.gub.uy\/staging1500\/#\/schema\/person\/cf086f5cfec1a574774c2058058eeacf\",\"name\":\"VUCE\",\"url\":\"https:\/\/vuce.gub.uy\/staging1500\/author\/vuceadmin\/\"}]}<\/script>\n<!-- \/ Yoast SEO plugin. -->","yoast_head_json":{"title":"VUCE presente en el 6to encuentro para Emprendedores y Pymes - VUCE","robots":{"index":"index","follow":"follow","max-snippet":"max-snippet:-1","max-image-preview":"max-image-preview:large","max-video-preview":"max-video-preview:-1"},"canonical":"https:\/\/vuce.gub.uy\/staging1500\/6to-encuentro-emprendedores-pymes\/","og_locale":"es_ES","og_type":"article","og_title":"VUCE presente en el 6to encuentro para Emprendedores y Pymes - VUCE","og_description":"Este jueves 15 de agosto","og_url":"https:\/\/vuce.gub.uy\/staging1500\/6to-encuentro-emprendedores-pymes\/","og_site_name":"VUCE","article_published_time":"2019-08-14T11:48:46+00:00","og_image":[{"width":1241,"height":559,"url":"https:\/\/vuce.gub.uy\/staging1500\/wp-content\/uploads\/2019\/08\/antel.png","type":"image\/png"}],"author":"VUCE","twitter_card":"summary_large_image","twitter_misc":{"Escrito por":"VUCE","Tiempo de lectura":"1 minuto"},"schema":{"@context":"https:\/\/schema.org","@graph":[{"@type":"WebPage","@id":"https:\/\/vuce.gub.uy\/staging1500\/6to-encuentro-emprendedores-pymes\/","url":"https:\/\/vuce.gub.uy\/staging1500\/6to-encuentro-emprendedores-pymes\/","name":"VUCE presente en el 6to encuentro para Emprendedores y Pymes - VUCE","isPartOf":{"@id":"https:\/\/vuce.gub.uy\/staging1500\/#website"},"datePublished":"2019-08-14T11:48:46+00:00","dateModified":"2019-08-14T11:48:46+00:00","author":{"@id":"https:\/\/vuce.gub.uy\/staging1500\/#\/schema\/person\/cf086f5cfec1a574774c2058058eeacf"},"breadcrumb":{"@id":"https:\/\/vuce.gub.uy\/staging1500\/6to-encuentro-emprendedores-pymes\/#breadcrumb"},"inLanguage":"es-AR","potentialAction":[{"@type":"ReadAction","target":["https:\/\/vuce.gub.uy\/staging1500\/6to-encuentro-emprendedores-pymes\/"]}]},{"@type":"BreadcrumbList","@id":"https:\/\/vuce.gub.uy\/staging1500\/6to-encuentro-emprendedores-pymes\/#breadcrumb","itemListElement":[{"@type":"ListItem","position":1,"name":"Inicio","item":"https:\/\/vuce.gub.uy\/staging1500\/"},{"@type":"ListItem","position":2,"name":"VUCE presente en el 6to encuentro para Emprendedores y Pymes"}]},{"@type":"WebSite","@id":"https:\/\/vuce.gub.uy\/staging1500\/#website","url":"https:\/\/vuce.gub.uy\/staging1500\/","name":"VUCE","description":"","potentialAction":[{"@type":"SearchAction","target":{"@type":"EntryPoint","urlTemplate":"https:\/\/vuce.gub.uy\/staging1500\/?s={search_term_string}"},"query-input":"required name=search_term_string"}],"inLanguage":"es-AR"},{"@type":"Person","@id":"https:\/\/vuce.gub.uy\/staging1500\/#\/schema\/person\/cf086f5cfec1a574774c2058058eeacf","name":"VUCE","url":"https:\/\/vuce.gub.uy\/staging1500\/author\/vuceadmin\/"}]}},"_links":{"self":[{"href":"https:\/\/vuce.gub.uy\/staging1500\/wp-json\/wp\/v2\/posts\/6480"}],"collection":[{"href":"https:\/\/vuce.gub.uy\/staging1500\/wp-json\/wp\/v2\/posts"}],"about":[{"href":"https:\/\/vuce.gub.uy\/staging1500\/wp-json\/wp\/v2\/types\/post"}],"author":[{"embeddable":true,"href":"https:\/\/vuce.gub.uy\/staging1500\/wp-json\/wp\/v2\/users\/2"}],"replies":[{"embeddable":true,"href":"https:\/\/vuce.gub.uy\/staging1500\/wp-json\/wp\/v2\/comments?post=6480"}],"version-history":[{"count":2,"href":"https:\/\/vuce.gub.uy\/staging1500\/wp-json\/wp\/v2\/posts\/6480\/revisions"}],"predecessor-version":[{"id":6483,"href":"https:\/\/vuce.gub.uy\/staging1500\/wp-json\/wp\/v2\/posts\/6480\/revisions\/6483"}],"wp:featuredmedia":[{"embeddable":true,"href":"https:\/\/vuce.gub.uy\/staging1500\/wp-json\/wp\/v2\/media\/6481"}],"wp:attachment":[{"href":"https:\/\/vuce.gub.uy\/staging1500\/wp-json\/wp\/v2\/media?parent=6480"}],"wp:term":[{"taxonomy":"category","embeddable":true,"href":"https:\/\/vuce.gub.uy\/staging1500\/wp-json\/wp\/v2\/categories?post=6480"},{"taxonomy":"post_tag","embeddable":true,"href":"https:\/\/vuce.gub.uy\/staging1500\/wp-json\/wp\/v2\/tags?post=6480"}],"curies":[{"name":"wp","href":"https:\/\/api.w.org\/{rel}","templated":true}]}}