{"id":6547,"date":"2019-09-24T13:59:16","date_gmt":"2019-09-24T13:59:16","guid":{"rendered":"http:\/\/vuce.gub.uy\/staging1500\/?p=6547"},"modified":"2019-09-24T14:01:00","modified_gmt":"2019-09-24T14:01:00","slug":"redreferentes2019","status":"publish","type":"post","link":"https:\/\/vuce.gub.uy\/staging1500\/redreferentes2019\/","title":{"rendered":"Nueva edici\u00f3n de la Red de Referentes VUCE"},"content":{"rendered":"<p><span style=\"font-size: 10.5pt; font-family: Roboto; color: #161616;\">El viernes 30 de agosto se celebr\u00f3, en las salas del edificio de la Corporaci\u00f3n Nacional para el Desarrollo (CND), una nueva reuni\u00f3n que nucle\u00f3 a todos los referentes de los organismos cuyos tr\u00e1mites est\u00e1n operativos en la plataforma de VUCE o pr\u00f3ximos a implementarse.<\/span><\/p>\n<p><span style=\"font-size: 10.5pt; font-family: Roboto; color: #161616;\">En esta edici\u00f3n VUCE present\u00f3 informaci\u00f3n sobre los nuevos proyectos en que se est\u00e1 trabajando y las nuevas funcionalidades disponibles para la mejora de la gesti\u00f3n de las autorizaciones en la plataforma.<\/span><\/p>\n<p><span style=\"font-size: 10.5pt; font-family: Roboto; color: #161616;\">Asimismo, se cont\u00f3 con la presencia y exposici\u00f3n del Dr. Alejandro Ferrari, coordinador de <i>After<\/i> <i>Care<\/i> de Uruguay XXI, quien explic\u00f3 la labor del departamento que lidera y las actividades que se realizan en conjunto con VUCE para mejorar el ambiente de negocios del pa\u00eds, las cuales est\u00e1n estrechamente relacionadas a la actuaci\u00f3n de los organismos del Estado.<\/span><\/p>\n<p><span style=\"font-size: 10.5pt; font-family: Roboto; color: #161616;\">De esta forma se cumpli\u00f3 una nueva instancia en la cual se compartieron los avances de la plataforma y se recibieron sugerencias y solicitudes de parte de los organismos que utilizan VUCE, contando como en cada edici\u00f3n con una buena concurrencia y participaci\u00f3n de los referentes designados.<\/span><\/p>\n","protected":false},"excerpt":{"rendered":"<p>El viernes 30 de agosto, con gran convocatoria<\/p>\n","protected":false},"author":2,"featured_media":6549,"comment_status":"closed","ping_status":"open","sticky":false,"template":"","format":"standard","meta":{"footnotes":""},"categories":[3],"tags":[],"yoast_head":"<!-- This site is optimized with the Yoast SEO plugin v21.5 - https:\/\/yoast.com\/wordpress\/plugins\/seo\/ -->\n<title>Nueva edici\u00f3n de la Red de Referentes VUCE - VUCE<\/title>\n<meta name=\"robots\" content=\"index, follow, max-snippet:-1, max-image-preview:large, max-video-preview:-1\" \/>\n<link rel=\"canonical\" href=\"https:\/\/vuce.gub.uy\/staging1500\/redreferentes2019\/\" \/>\n<meta property=\"og:locale\" content=\"es_ES\" \/>\n<meta property=\"og:type\" content=\"article\" \/>\n<meta property=\"og:title\" content=\"Nueva edici\u00f3n de la Red de Referentes VUCE - VUCE\" \/>\n<meta property=\"og:description\" content=\"El viernes 30 de agosto, con gran convocatoria\" \/>\n<meta property=\"og:url\" content=\"https:\/\/vuce.gub.uy\/staging1500\/redreferentes2019\/\" \/>\n<meta property=\"og:site_name\" content=\"VUCE\" \/>\n<meta property=\"article:published_time\" content=\"2019-09-24T13:59:16+00:00\" \/>\n<meta property=\"article:modified_time\" content=\"2019-09-24T14:01:00+00:00\" \/>\n<meta property=\"og:image\" content=\"https:\/\/vuce.gub.uy\/staging1500\/wp-content\/uploads\/2019\/09\/IMG_20190830_102124.jpg\" \/>\n\t<meta property=\"og:image:width\" content=\"4000\" \/>\n\t<meta property=\"og:image:height\" content=\"3000\" \/>\n\t<meta property=\"og:image:type\" content=\"image\/jpeg\" \/>\n<meta name=\"author\" content=\"VUCE\" \/>\n<meta name=\"twitter:card\" content=\"summary_large_image\" \/>\n<meta name=\"twitter:label1\" content=\"Escrito por\" \/>\n\t<meta name=\"twitter:data1\" content=\"VUCE\" \/>\n\t<meta name=\"twitter:label2\" content=\"Tiempo de lectura\" \/>\n\t<meta name=\"twitter:data2\" content=\"1 minuto\" \/>\n<script type=\"application\/ld+json\" class=\"yoast-schema-graph\">{\"@context\":\"https:\/\/schema.org\",\"@graph\":[{\"@type\":\"WebPage\",\"@id\":\"https:\/\/vuce.gub.uy\/staging1500\/redreferentes2019\/\",\"url\":\"https:\/\/vuce.gub.uy\/staging1500\/redreferentes2019\/\",\"name\":\"Nueva edici\u00f3n de la Red de Referentes VUCE - VUCE\",\"isPartOf\":{\"@id\":\"https:\/\/vuce.gub.uy\/staging1500\/#website\"},\"datePublished\":\"2019-09-24T13:59:16+00:00\",\"dateModified\":\"2019-09-24T14:01:00+00:00\",\"author\":{\"@id\":\"https:\/\/vuce.gub.uy\/staging1500\/#\/schema\/person\/cf086f5cfec1a574774c2058058eeacf\"},\"breadcrumb\":{\"@id\":\"https:\/\/vuce.gub.uy\/staging1500\/redreferentes2019\/#breadcrumb\"},\"inLanguage\":\"es-AR\",\"potentialAction\":[{\"@type\":\"ReadAction\",\"target\":[\"https:\/\/vuce.gub.uy\/staging1500\/redreferentes2019\/\"]}]},{\"@type\":\"BreadcrumbList\",\"@id\":\"https:\/\/vuce.gub.uy\/staging1500\/redreferentes2019\/#breadcrumb\",\"itemListElement\":[{\"@type\":\"ListItem\",\"position\":1,\"name\":\"Inicio\",\"item\":\"https:\/\/vuce.gub.uy\/staging1500\/\"},{\"@type\":\"ListItem\",\"position\":2,\"name\":\"Nueva edici\u00f3n de la Red de Referentes VUCE\"}]},{\"@type\":\"WebSite\",\"@id\":\"https:\/\/vuce.gub.uy\/staging1500\/#website\",\"url\":\"https:\/\/vuce.gub.uy\/staging1500\/\",\"name\":\"VUCE\",\"description\":\"\",\"potentialAction\":[{\"@type\":\"SearchAction\",\"target\":{\"@type\":\"EntryPoint\",\"urlTemplate\":\"https:\/\/vuce.gub.uy\/staging1500\/?s={search_term_string}\"},\"query-input\":\"required name=search_term_string\"}],\"inLanguage\":\"es-AR\"},{\"@type\":\"Person\",\"@id\":\"https:\/\/vuce.gub.uy\/staging1500\/#\/schema\/person\/cf086f5cfec1a574774c2058058eeacf\",\"name\":\"VUCE\",\"url\":\"https:\/\/vuce.gub.uy\/staging1500\/author\/vuceadmin\/\"}]}<\/script>\n<!-- \/ Yoast SEO plugin. -->","yoast_head_json":{"title":"Nueva edici\u00f3n de la Red de Referentes VUCE - VUCE","robots":{"index":"index","follow":"follow","max-snippet":"max-snippet:-1","max-image-preview":"max-image-preview:large","max-video-preview":"max-video-preview:-1"},"canonical":"https:\/\/vuce.gub.uy\/staging1500\/redreferentes2019\/","og_locale":"es_ES","og_type":"article","og_title":"Nueva edici\u00f3n de la Red de Referentes VUCE - VUCE","og_description":"El viernes 30 de agosto, con gran convocatoria","og_url":"https:\/\/vuce.gub.uy\/staging1500\/redreferentes2019\/","og_site_name":"VUCE","article_published_time":"2019-09-24T13:59:16+00:00","article_modified_time":"2019-09-24T14:01:00+00:00","og_image":[{"width":4000,"height":3000,"url":"https:\/\/vuce.gub.uy\/staging1500\/wp-content\/uploads\/2019\/09\/IMG_20190830_102124.jpg","type":"image\/jpeg"}],"author":"VUCE","twitter_card":"summary_large_image","twitter_misc":{"Escrito por":"VUCE","Tiempo de lectura":"1 minuto"},"schema":{"@context":"https:\/\/schema.org","@graph":[{"@type":"WebPage","@id":"https:\/\/vuce.gub.uy\/staging1500\/redreferentes2019\/","url":"https:\/\/vuce.gub.uy\/staging1500\/redreferentes2019\/","name":"Nueva edici\u00f3n de la Red de Referentes VUCE - VUCE","isPartOf":{"@id":"https:\/\/vuce.gub.uy\/staging1500\/#website"},"datePublished":"2019-09-24T13:59:16+00:00","dateModified":"2019-09-24T14:01:00+00:00","author":{"@id":"https:\/\/vuce.gub.uy\/staging1500\/#\/schema\/person\/cf086f5cfec1a574774c2058058eeacf"},"breadcrumb":{"@id":"https:\/\/vuce.gub.uy\/staging1500\/redreferentes2019\/#breadcrumb"},"inLanguage":"es-AR","potentialAction":[{"@type":"ReadAction","target":["https:\/\/vuce.gub.uy\/staging1500\/redreferentes2019\/"]}]},{"@type":"BreadcrumbList","@id":"https:\/\/vuce.gub.uy\/staging1500\/redreferentes2019\/#breadcrumb","itemListElement":[{"@type":"ListItem","position":1,"name":"Inicio","item":"https:\/\/vuce.gub.uy\/staging1500\/"},{"@type":"ListItem","position":2,"name":"Nueva edici\u00f3n de la Red de Referentes VUCE"}]},{"@type":"WebSite","@id":"https:\/\/vuce.gub.uy\/staging1500\/#website","url":"https:\/\/vuce.gub.uy\/staging1500\/","name":"VUCE","description":"","potentialAction":[{"@type":"SearchAction","target":{"@type":"EntryPoint","urlTemplate":"https:\/\/vuce.gub.uy\/staging1500\/?s={search_term_string}"},"query-input":"required name=search_term_string"}],"inLanguage":"es-AR"},{"@type":"Person","@id":"https:\/\/vuce.gub.uy\/staging1500\/#\/schema\/person\/cf086f5cfec1a574774c2058058eeacf","name":"VUCE","url":"https:\/\/vuce.gub.uy\/staging1500\/author\/vuceadmin\/"}]}},"_links":{"self":[{"href":"https:\/\/vuce.gub.uy\/staging1500\/wp-json\/wp\/v2\/posts\/6547"}],"collection":[{"href":"https:\/\/vuce.gub.uy\/staging1500\/wp-json\/wp\/v2\/posts"}],"about":[{"href":"https:\/\/vuce.gub.uy\/staging1500\/wp-json\/wp\/v2\/types\/post"}],"author":[{"embeddable":true,"href":"https:\/\/vuce.gub.uy\/staging1500\/wp-json\/wp\/v2\/users\/2"}],"replies":[{"embeddable":true,"href":"https:\/\/vuce.gub.uy\/staging1500\/wp-json\/wp\/v2\/comments?post=6547"}],"version-history":[{"count":1,"href":"https:\/\/vuce.gub.uy\/staging1500\/wp-json\/wp\/v2\/posts\/6547\/revisions"}],"predecessor-version":[{"id":6548,"href":"https:\/\/vuce.gub.uy\/staging1500\/wp-json\/wp\/v2\/posts\/6547\/revisions\/6548"}],"wp:featuredmedia":[{"embeddable":true,"href":"https:\/\/vuce.gub.uy\/staging1500\/wp-json\/wp\/v2\/media\/6549"}],"wp:attachment":[{"href":"https:\/\/vuce.gub.uy\/staging1500\/wp-json\/wp\/v2\/media?parent=6547"}],"wp:term":[{"taxonomy":"category","embeddable":true,"href":"https:\/\/vuce.gub.uy\/staging1500\/wp-json\/wp\/v2\/categories?post=6547"},{"taxonomy":"post_tag","embeddable":true,"href":"https:\/\/vuce.gub.uy\/staging1500\/wp-json\/wp\/v2\/tags?post=6547"}],"curies":[{"name":"wp","href":"https:\/\/api.w.org\/{rel}","templated":true}]}}