{"id":6589,"date":"2019-11-20T19:50:53","date_gmt":"2019-11-20T19:50:53","guid":{"rendered":"http:\/\/vuce.gub.uy\/staging1500\/?p=6589"},"modified":"2019-11-20T19:50:53","modified_gmt":"2019-11-20T19:50:53","slug":"seminario-oea","status":"publish","type":"post","link":"https:\/\/vuce.gub.uy\/staging1500\/seminario-oea\/","title":{"rendered":"Participaci\u00f3n de VUCE en Seminario Internacional OEA en las Am\u00e9ricas"},"content":{"rendered":"<p><strong>Durante los d\u00edas 11, 12 y 13 de noviembre en la ciudad de San Pablo, Brasil, VUCE particip\u00f3 del 6\u00ba Seminario sobre el Programa Brasile\u00f1o de OEA, que tuvo como tema principal \u201cProgramas OEA en las Am\u00e9ricas: Gesti\u00f3n Coordinada de Frontera\u201d.<\/strong><\/p>\n<p>El evento fue organizado por la Alianza Procomex y la Receita Federal do Brasil, con el apoyo y patrocinio del Banco Mundial (BM). Tuvo por objetivo reunir a las agencias fronterizas de la regi\u00f3n y comenzar a trabajar en el Operador Econ\u00f3mico Autorizado Regional Integrado.<\/p>\n<p>Asistieron al evento representantes de las Aduanas de Am\u00e9rica Latina y el Caribe, los representantes del Programa de Ventanilla \u00danica de Comercio Exterior, los coordinadores del programa OEA, as\u00ed como las agencias de control de Agricultura que supervisan las fronteras de los pa\u00edses de la regi\u00f3n.<\/p>\n<p>Durante los d\u00edas 11 y 12 se conformaron tres grupos de trabajo (OEA, VUCE y Agricultura),\u00a0 para el desarrollo de lineamientos, una efectiva gesti\u00f3n coordinada de fronteras y la identificaci\u00f3n e implementaci\u00f3n de beneficios del Programa OEA.<\/p>\n<p>De forma paralela el sector privado mantuvo reuniones para continuar el trabajo que se encuentra realizando el Grupo Consultivo del Sector Privado para las Am\u00e9ricas, vinculado a la promoci\u00f3n e implementaci\u00f3n de la figura del OEA y los Acuerdos de Reconocimiento Mutuo (ARM).<\/p>\n<p>El d\u00eda 13 de noviembre los representantes del sector p\u00fablico y privado de los pa\u00edses participantes se reunieron para efectuar un intercambio de los trabajos\u00a0 realizados, as\u00ed como tambi\u00e9n para la participaci\u00f3n en diversos paneles de debates y presentaciones. En este sentido, VUCE Uruguay particip\u00f3 de un panel donde se discutieron los aspectos en que las Ventanillas \u00danicas pueden contribuir a la Gesti\u00f3n Coordinada de Fronteras.<\/p>\n<p>A modo de cierre, y como producto de los trabajos realizados, los Directores Nacionales de Aduana y las autoridades de comercio exterior de los pa\u00edses participantes firmaron el \u201cAdendum a la Declaraci\u00f3n de Sao Paulo\u201d, renovando y reafirmando su compromiso para profundizar en la promoci\u00f3n de la figura del OEA y los ARM, y en la promoci\u00f3n de las VUCEs como la herramienta para la integraci\u00f3n de las agencias de control, en el marco de la promoci\u00f3n de una gesti\u00f3n m\u00e1s eficiente.<\/p>\n<p>&nbsp;<\/p>\n","protected":false},"excerpt":{"rendered":"<p>Durante los d\u00edas 11, 12 y 13 de noviembre en la ciudad de San Pablo<\/p>\n","protected":false},"author":2,"featured_media":6590,"comment_status":"closed","ping_status":"open","sticky":false,"template":"","format":"standard","meta":{"footnotes":""},"categories":[3],"tags":[],"yoast_head":"<!-- This site is optimized with the Yoast SEO plugin v21.5 - https:\/\/yoast.com\/wordpress\/plugins\/seo\/ -->\n<title>Participaci\u00f3n de VUCE en Seminario Internacional OEA en las Am\u00e9ricas - VUCE<\/title>\n<meta name=\"robots\" content=\"index, follow, max-snippet:-1, max-image-preview:large, max-video-preview:-1\" \/>\n<link rel=\"canonical\" href=\"https:\/\/vuce.gub.uy\/staging1500\/seminario-oea\/\" \/>\n<meta property=\"og:locale\" content=\"es_ES\" \/>\n<meta property=\"og:type\" content=\"article\" \/>\n<meta property=\"og:title\" content=\"Participaci\u00f3n de VUCE en Seminario Internacional OEA en las Am\u00e9ricas - VUCE\" \/>\n<meta property=\"og:description\" content=\"Durante los d\u00edas 11, 12 y 13 de noviembre en la ciudad de San Pablo\" \/>\n<meta property=\"og:url\" content=\"https:\/\/vuce.gub.uy\/staging1500\/seminario-oea\/\" \/>\n<meta property=\"og:site_name\" content=\"VUCE\" \/>\n<meta property=\"article:published_time\" content=\"2019-11-20T19:50:53+00:00\" \/>\n<meta property=\"og:image\" content=\"https:\/\/vuce.gub.uy\/staging1500\/wp-content\/uploads\/2019\/11\/20191113_152754.jpg\" \/>\n\t<meta property=\"og:image:width\" content=\"4032\" \/>\n\t<meta property=\"og:image:height\" content=\"2268\" \/>\n\t<meta property=\"og:image:type\" content=\"image\/jpeg\" \/>\n<meta name=\"author\" content=\"VUCE\" \/>\n<meta name=\"twitter:card\" content=\"summary_large_image\" \/>\n<meta name=\"twitter:label1\" content=\"Escrito por\" \/>\n\t<meta name=\"twitter:data1\" content=\"VUCE\" \/>\n\t<meta name=\"twitter:label2\" content=\"Tiempo de lectura\" \/>\n\t<meta name=\"twitter:data2\" content=\"2 minutos\" \/>\n<script type=\"application\/ld+json\" class=\"yoast-schema-graph\">{\"@context\":\"https:\/\/schema.org\",\"@graph\":[{\"@type\":\"WebPage\",\"@id\":\"https:\/\/vuce.gub.uy\/staging1500\/seminario-oea\/\",\"url\":\"https:\/\/vuce.gub.uy\/staging1500\/seminario-oea\/\",\"name\":\"Participaci\u00f3n de VUCE en Seminario Internacional OEA en las Am\u00e9ricas - VUCE\",\"isPartOf\":{\"@id\":\"https:\/\/vuce.gub.uy\/staging1500\/#website\"},\"datePublished\":\"2019-11-20T19:50:53+00:00\",\"dateModified\":\"2019-11-20T19:50:53+00:00\",\"author\":{\"@id\":\"https:\/\/vuce.gub.uy\/staging1500\/#\/schema\/person\/cf086f5cfec1a574774c2058058eeacf\"},\"breadcrumb\":{\"@id\":\"https:\/\/vuce.gub.uy\/staging1500\/seminario-oea\/#breadcrumb\"},\"inLanguage\":\"es-AR\",\"potentialAction\":[{\"@type\":\"ReadAction\",\"target\":[\"https:\/\/vuce.gub.uy\/staging1500\/seminario-oea\/\"]}]},{\"@type\":\"BreadcrumbList\",\"@id\":\"https:\/\/vuce.gub.uy\/staging1500\/seminario-oea\/#breadcrumb\",\"itemListElement\":[{\"@type\":\"ListItem\",\"position\":1,\"name\":\"Inicio\",\"item\":\"https:\/\/vuce.gub.uy\/staging1500\/\"},{\"@type\":\"ListItem\",\"position\":2,\"name\":\"Participaci\u00f3n de VUCE en Seminario Internacional OEA en las Am\u00e9ricas\"}]},{\"@type\":\"WebSite\",\"@id\":\"https:\/\/vuce.gub.uy\/staging1500\/#website\",\"url\":\"https:\/\/vuce.gub.uy\/staging1500\/\",\"name\":\"VUCE\",\"description\":\"\",\"potentialAction\":[{\"@type\":\"SearchAction\",\"target\":{\"@type\":\"EntryPoint\",\"urlTemplate\":\"https:\/\/vuce.gub.uy\/staging1500\/?s={search_term_string}\"},\"query-input\":\"required name=search_term_string\"}],\"inLanguage\":\"es-AR\"},{\"@type\":\"Person\",\"@id\":\"https:\/\/vuce.gub.uy\/staging1500\/#\/schema\/person\/cf086f5cfec1a574774c2058058eeacf\",\"name\":\"VUCE\",\"url\":\"https:\/\/vuce.gub.uy\/staging1500\/author\/vuceadmin\/\"}]}<\/script>\n<!-- \/ Yoast SEO plugin. -->","yoast_head_json":{"title":"Participaci\u00f3n de VUCE en Seminario Internacional OEA en las Am\u00e9ricas - VUCE","robots":{"index":"index","follow":"follow","max-snippet":"max-snippet:-1","max-image-preview":"max-image-preview:large","max-video-preview":"max-video-preview:-1"},"canonical":"https:\/\/vuce.gub.uy\/staging1500\/seminario-oea\/","og_locale":"es_ES","og_type":"article","og_title":"Participaci\u00f3n de VUCE en Seminario Internacional OEA en las Am\u00e9ricas - VUCE","og_description":"Durante los d\u00edas 11, 12 y 13 de noviembre en la ciudad de San Pablo","og_url":"https:\/\/vuce.gub.uy\/staging1500\/seminario-oea\/","og_site_name":"VUCE","article_published_time":"2019-11-20T19:50:53+00:00","og_image":[{"width":4032,"height":2268,"url":"https:\/\/vuce.gub.uy\/staging1500\/wp-content\/uploads\/2019\/11\/20191113_152754.jpg","type":"image\/jpeg"}],"author":"VUCE","twitter_card":"summary_large_image","twitter_misc":{"Escrito por":"VUCE","Tiempo de lectura":"2 minutos"},"schema":{"@context":"https:\/\/schema.org","@graph":[{"@type":"WebPage","@id":"https:\/\/vuce.gub.uy\/staging1500\/seminario-oea\/","url":"https:\/\/vuce.gub.uy\/staging1500\/seminario-oea\/","name":"Participaci\u00f3n de VUCE en Seminario Internacional OEA en las Am\u00e9ricas - VUCE","isPartOf":{"@id":"https:\/\/vuce.gub.uy\/staging1500\/#website"},"datePublished":"2019-11-20T19:50:53+00:00","dateModified":"2019-11-20T19:50:53+00:00","author":{"@id":"https:\/\/vuce.gub.uy\/staging1500\/#\/schema\/person\/cf086f5cfec1a574774c2058058eeacf"},"breadcrumb":{"@id":"https:\/\/vuce.gub.uy\/staging1500\/seminario-oea\/#breadcrumb"},"inLanguage":"es-AR","potentialAction":[{"@type":"ReadAction","target":["https:\/\/vuce.gub.uy\/staging1500\/seminario-oea\/"]}]},{"@type":"BreadcrumbList","@id":"https:\/\/vuce.gub.uy\/staging1500\/seminario-oea\/#breadcrumb","itemListElement":[{"@type":"ListItem","position":1,"name":"Inicio","item":"https:\/\/vuce.gub.uy\/staging1500\/"},{"@type":"ListItem","position":2,"name":"Participaci\u00f3n de VUCE en Seminario Internacional OEA en las Am\u00e9ricas"}]},{"@type":"WebSite","@id":"https:\/\/vuce.gub.uy\/staging1500\/#website","url":"https:\/\/vuce.gub.uy\/staging1500\/","name":"VUCE","description":"","potentialAction":[{"@type":"SearchAction","target":{"@type":"EntryPoint","urlTemplate":"https:\/\/vuce.gub.uy\/staging1500\/?s={search_term_string}"},"query-input":"required name=search_term_string"}],"inLanguage":"es-AR"},{"@type":"Person","@id":"https:\/\/vuce.gub.uy\/staging1500\/#\/schema\/person\/cf086f5cfec1a574774c2058058eeacf","name":"VUCE","url":"https:\/\/vuce.gub.uy\/staging1500\/author\/vuceadmin\/"}]}},"_links":{"self":[{"href":"https:\/\/vuce.gub.uy\/staging1500\/wp-json\/wp\/v2\/posts\/6589"}],"collection":[{"href":"https:\/\/vuce.gub.uy\/staging1500\/wp-json\/wp\/v2\/posts"}],"about":[{"href":"https:\/\/vuce.gub.uy\/staging1500\/wp-json\/wp\/v2\/types\/post"}],"author":[{"embeddable":true,"href":"https:\/\/vuce.gub.uy\/staging1500\/wp-json\/wp\/v2\/users\/2"}],"replies":[{"embeddable":true,"href":"https:\/\/vuce.gub.uy\/staging1500\/wp-json\/wp\/v2\/comments?post=6589"}],"version-history":[{"count":1,"href":"https:\/\/vuce.gub.uy\/staging1500\/wp-json\/wp\/v2\/posts\/6589\/revisions"}],"predecessor-version":[{"id":6591,"href":"https:\/\/vuce.gub.uy\/staging1500\/wp-json\/wp\/v2\/posts\/6589\/revisions\/6591"}],"wp:featuredmedia":[{"embeddable":true,"href":"https:\/\/vuce.gub.uy\/staging1500\/wp-json\/wp\/v2\/media\/6590"}],"wp:attachment":[{"href":"https:\/\/vuce.gub.uy\/staging1500\/wp-json\/wp\/v2\/media?parent=6589"}],"wp:term":[{"taxonomy":"category","embeddable":true,"href":"https:\/\/vuce.gub.uy\/staging1500\/wp-json\/wp\/v2\/categories?post=6589"},{"taxonomy":"post_tag","embeddable":true,"href":"https:\/\/vuce.gub.uy\/staging1500\/wp-json\/wp\/v2\/tags?post=6589"}],"curies":[{"name":"wp","href":"https:\/\/api.w.org\/{rel}","templated":true}]}}