{"id":6614,"date":"2019-12-05T12:28:50","date_gmt":"2019-12-05T12:28:50","guid":{"rendered":"http:\/\/vuce.gub.uy\/staging1500\/?p=6614"},"modified":"2019-12-05T12:28:50","modified_gmt":"2019-12-05T12:28:50","slug":"primer_encuentro_cnfc","status":"publish","type":"post","link":"https:\/\/vuce.gub.uy\/staging1500\/primer_encuentro_cnfc\/","title":{"rendered":"Primer Encuentro Latinoamericano de los Comit\u00e9s Nacionales de Facilitaci\u00f3n del Comercio"},"content":{"rendered":"<p><strong>Durante la semana del 25 al 29 de noviembre VUCE particip\u00f3 del Primer Encuentro Latinoamericano de los Comit\u00e9s Nacionales de Facilitaci\u00f3n del Comercio, que tuvo como tema principal \u201cCooperaci\u00f3n entre las agencias que operan en frontera\u201d.<\/strong><\/p>\n<p>&nbsp;<\/p>\n<p>El evento, organizado por la Asociaci\u00f3n Lationamericana de Integraci\u00f3n (ALADI) y la Organizaci\u00f3n Mundial del Comercio (OMC), promueve un intercambio de experiencias entre los miembros de los Comit\u00e9s Nacionales de Facilitaci\u00f3n del Comercio, identificando \u00e1reas de aprendizaje mutuo y posibles \u00e1reas de colaboraci\u00f3n. Asimismo, fortalece la capacidad de los pa\u00edses para una mejor evaluaci\u00f3n de las reformas nacionales sobre facilitaci\u00f3n del comercio y sobre las necesidades de asistencia y cooperaci\u00f3n t\u00e9cnica.<\/p>\n<p>Durante los d\u00edas 25 al 28 de noviembre se trataron varios temas sobre los que se destacaron la gesti\u00f3n de riesgos, asistencia t\u00e9cnica, gesti\u00f3n coordinada en fronteras y ventanilla \u00fanica.<\/p>\n<p>En este sentido el d\u00eda 29 de noviembre VUCE Uruguay particip\u00f3 de un panel junto a Brasil, Chile, El Salvador y Per\u00fa donde se compartieron experiencias, desaf\u00edos, buenas pr\u00e1cticas, resultados y lecciones aprendidas.<\/p>\n<p>&nbsp;<\/p>\n","protected":false},"excerpt":{"rendered":"<p>Del 25 al 29 de noviembre, en la sede de ALADI<\/p>\n","protected":false},"author":2,"featured_media":6615,"comment_status":"closed","ping_status":"open","sticky":false,"template":"","format":"standard","meta":{"footnotes":""},"categories":[3],"tags":[],"yoast_head":"<!-- This site is optimized with the Yoast SEO plugin v21.5 - https:\/\/yoast.com\/wordpress\/plugins\/seo\/ -->\n<title>Primer Encuentro Latinoamericano de los Comit\u00e9s Nacionales de Facilitaci\u00f3n del Comercio - VUCE<\/title>\n<meta name=\"robots\" content=\"index, follow, max-snippet:-1, max-image-preview:large, max-video-preview:-1\" \/>\n<link rel=\"canonical\" href=\"https:\/\/vuce.gub.uy\/staging1500\/primer_encuentro_cnfc\/\" \/>\n<meta property=\"og:locale\" content=\"es_ES\" \/>\n<meta property=\"og:type\" content=\"article\" \/>\n<meta property=\"og:title\" content=\"Primer Encuentro Latinoamericano de los Comit\u00e9s Nacionales de Facilitaci\u00f3n del Comercio - VUCE\" \/>\n<meta property=\"og:description\" content=\"Del 25 al 29 de noviembre, en la sede de ALADI\" \/>\n<meta property=\"og:url\" content=\"https:\/\/vuce.gub.uy\/staging1500\/primer_encuentro_cnfc\/\" \/>\n<meta property=\"og:site_name\" content=\"VUCE\" \/>\n<meta property=\"article:published_time\" content=\"2019-12-05T12:28:50+00:00\" \/>\n<meta property=\"og:image\" content=\"https:\/\/vuce.gub.uy\/staging1500\/wp-content\/uploads\/2019\/12\/49157612173_e4ba38ab94_k.jpg\" \/>\n\t<meta property=\"og:image:width\" content=\"2048\" \/>\n\t<meta property=\"og:image:height\" content=\"1388\" \/>\n\t<meta property=\"og:image:type\" content=\"image\/jpeg\" \/>\n<meta name=\"author\" content=\"VUCE\" \/>\n<meta name=\"twitter:card\" content=\"summary_large_image\" \/>\n<meta name=\"twitter:label1\" content=\"Escrito por\" \/>\n\t<meta name=\"twitter:data1\" content=\"VUCE\" \/>\n\t<meta name=\"twitter:label2\" content=\"Tiempo de lectura\" \/>\n\t<meta name=\"twitter:data2\" content=\"1 minuto\" \/>\n<script type=\"application\/ld+json\" class=\"yoast-schema-graph\">{\"@context\":\"https:\/\/schema.org\",\"@graph\":[{\"@type\":\"WebPage\",\"@id\":\"https:\/\/vuce.gub.uy\/staging1500\/primer_encuentro_cnfc\/\",\"url\":\"https:\/\/vuce.gub.uy\/staging1500\/primer_encuentro_cnfc\/\",\"name\":\"Primer Encuentro Latinoamericano de los Comit\u00e9s Nacionales de Facilitaci\u00f3n del Comercio - VUCE\",\"isPartOf\":{\"@id\":\"https:\/\/vuce.gub.uy\/staging1500\/#website\"},\"datePublished\":\"2019-12-05T12:28:50+00:00\",\"dateModified\":\"2019-12-05T12:28:50+00:00\",\"author\":{\"@id\":\"https:\/\/vuce.gub.uy\/staging1500\/#\/schema\/person\/cf086f5cfec1a574774c2058058eeacf\"},\"breadcrumb\":{\"@id\":\"https:\/\/vuce.gub.uy\/staging1500\/primer_encuentro_cnfc\/#breadcrumb\"},\"inLanguage\":\"es-AR\",\"potentialAction\":[{\"@type\":\"ReadAction\",\"target\":[\"https:\/\/vuce.gub.uy\/staging1500\/primer_encuentro_cnfc\/\"]}]},{\"@type\":\"BreadcrumbList\",\"@id\":\"https:\/\/vuce.gub.uy\/staging1500\/primer_encuentro_cnfc\/#breadcrumb\",\"itemListElement\":[{\"@type\":\"ListItem\",\"position\":1,\"name\":\"Inicio\",\"item\":\"https:\/\/vuce.gub.uy\/staging1500\/\"},{\"@type\":\"ListItem\",\"position\":2,\"name\":\"Primer Encuentro Latinoamericano de los Comit\u00e9s Nacionales de Facilitaci\u00f3n del Comercio\"}]},{\"@type\":\"WebSite\",\"@id\":\"https:\/\/vuce.gub.uy\/staging1500\/#website\",\"url\":\"https:\/\/vuce.gub.uy\/staging1500\/\",\"name\":\"VUCE\",\"description\":\"\",\"potentialAction\":[{\"@type\":\"SearchAction\",\"target\":{\"@type\":\"EntryPoint\",\"urlTemplate\":\"https:\/\/vuce.gub.uy\/staging1500\/?s={search_term_string}\"},\"query-input\":\"required name=search_term_string\"}],\"inLanguage\":\"es-AR\"},{\"@type\":\"Person\",\"@id\":\"https:\/\/vuce.gub.uy\/staging1500\/#\/schema\/person\/cf086f5cfec1a574774c2058058eeacf\",\"name\":\"VUCE\",\"url\":\"https:\/\/vuce.gub.uy\/staging1500\/author\/vuceadmin\/\"}]}<\/script>\n<!-- \/ Yoast SEO plugin. -->","yoast_head_json":{"title":"Primer Encuentro Latinoamericano de los Comit\u00e9s Nacionales de Facilitaci\u00f3n del Comercio - VUCE","robots":{"index":"index","follow":"follow","max-snippet":"max-snippet:-1","max-image-preview":"max-image-preview:large","max-video-preview":"max-video-preview:-1"},"canonical":"https:\/\/vuce.gub.uy\/staging1500\/primer_encuentro_cnfc\/","og_locale":"es_ES","og_type":"article","og_title":"Primer Encuentro Latinoamericano de los Comit\u00e9s Nacionales de Facilitaci\u00f3n del Comercio - VUCE","og_description":"Del 25 al 29 de noviembre, en la sede de ALADI","og_url":"https:\/\/vuce.gub.uy\/staging1500\/primer_encuentro_cnfc\/","og_site_name":"VUCE","article_published_time":"2019-12-05T12:28:50+00:00","og_image":[{"width":2048,"height":1388,"url":"https:\/\/vuce.gub.uy\/staging1500\/wp-content\/uploads\/2019\/12\/49157612173_e4ba38ab94_k.jpg","type":"image\/jpeg"}],"author":"VUCE","twitter_card":"summary_large_image","twitter_misc":{"Escrito por":"VUCE","Tiempo de lectura":"1 minuto"},"schema":{"@context":"https:\/\/schema.org","@graph":[{"@type":"WebPage","@id":"https:\/\/vuce.gub.uy\/staging1500\/primer_encuentro_cnfc\/","url":"https:\/\/vuce.gub.uy\/staging1500\/primer_encuentro_cnfc\/","name":"Primer Encuentro Latinoamericano de los Comit\u00e9s Nacionales de Facilitaci\u00f3n del Comercio - VUCE","isPartOf":{"@id":"https:\/\/vuce.gub.uy\/staging1500\/#website"},"datePublished":"2019-12-05T12:28:50+00:00","dateModified":"2019-12-05T12:28:50+00:00","author":{"@id":"https:\/\/vuce.gub.uy\/staging1500\/#\/schema\/person\/cf086f5cfec1a574774c2058058eeacf"},"breadcrumb":{"@id":"https:\/\/vuce.gub.uy\/staging1500\/primer_encuentro_cnfc\/#breadcrumb"},"inLanguage":"es-AR","potentialAction":[{"@type":"ReadAction","target":["https:\/\/vuce.gub.uy\/staging1500\/primer_encuentro_cnfc\/"]}]},{"@type":"BreadcrumbList","@id":"https:\/\/vuce.gub.uy\/staging1500\/primer_encuentro_cnfc\/#breadcrumb","itemListElement":[{"@type":"ListItem","position":1,"name":"Inicio","item":"https:\/\/vuce.gub.uy\/staging1500\/"},{"@type":"ListItem","position":2,"name":"Primer Encuentro Latinoamericano de los Comit\u00e9s Nacionales de Facilitaci\u00f3n del Comercio"}]},{"@type":"WebSite","@id":"https:\/\/vuce.gub.uy\/staging1500\/#website","url":"https:\/\/vuce.gub.uy\/staging1500\/","name":"VUCE","description":"","potentialAction":[{"@type":"SearchAction","target":{"@type":"EntryPoint","urlTemplate":"https:\/\/vuce.gub.uy\/staging1500\/?s={search_term_string}"},"query-input":"required name=search_term_string"}],"inLanguage":"es-AR"},{"@type":"Person","@id":"https:\/\/vuce.gub.uy\/staging1500\/#\/schema\/person\/cf086f5cfec1a574774c2058058eeacf","name":"VUCE","url":"https:\/\/vuce.gub.uy\/staging1500\/author\/vuceadmin\/"}]}},"_links":{"self":[{"href":"https:\/\/vuce.gub.uy\/staging1500\/wp-json\/wp\/v2\/posts\/6614"}],"collection":[{"href":"https:\/\/vuce.gub.uy\/staging1500\/wp-json\/wp\/v2\/posts"}],"about":[{"href":"https:\/\/vuce.gub.uy\/staging1500\/wp-json\/wp\/v2\/types\/post"}],"author":[{"embeddable":true,"href":"https:\/\/vuce.gub.uy\/staging1500\/wp-json\/wp\/v2\/users\/2"}],"replies":[{"embeddable":true,"href":"https:\/\/vuce.gub.uy\/staging1500\/wp-json\/wp\/v2\/comments?post=6614"}],"version-history":[{"count":1,"href":"https:\/\/vuce.gub.uy\/staging1500\/wp-json\/wp\/v2\/posts\/6614\/revisions"}],"predecessor-version":[{"id":6616,"href":"https:\/\/vuce.gub.uy\/staging1500\/wp-json\/wp\/v2\/posts\/6614\/revisions\/6616"}],"wp:featuredmedia":[{"embeddable":true,"href":"https:\/\/vuce.gub.uy\/staging1500\/wp-json\/wp\/v2\/media\/6615"}],"wp:attachment":[{"href":"https:\/\/vuce.gub.uy\/staging1500\/wp-json\/wp\/v2\/media?parent=6614"}],"wp:term":[{"taxonomy":"category","embeddable":true,"href":"https:\/\/vuce.gub.uy\/staging1500\/wp-json\/wp\/v2\/categories?post=6614"},{"taxonomy":"post_tag","embeddable":true,"href":"https:\/\/vuce.gub.uy\/staging1500\/wp-json\/wp\/v2\/tags?post=6614"}],"curies":[{"name":"wp","href":"https:\/\/api.w.org\/{rel}","templated":true}]}}