{"id":6638,"date":"2019-12-17T16:33:14","date_gmt":"2019-12-17T16:33:14","guid":{"rendered":"http:\/\/vuce.gub.uy\/staging1500\/?p=6638"},"modified":"2019-12-17T18:27:17","modified_gmt":"2019-12-17T18:27:17","slug":"presentacion-declaracion-jurada-autenticidad-mercaderia","status":"publish","type":"post","link":"https:\/\/vuce.gub.uy\/staging1500\/presentacion-declaracion-jurada-autenticidad-mercaderia\/","title":{"rendered":"Invitaci\u00f3n: Nuevo Proceso en VUCE &#8211; Declaraci\u00f3n Jurada de Autenticidad de la Mercader\u00eda"},"content":{"rendered":"<p>Invitamos a los interesados a participar de la presentaci\u00f3n del proceso de Declaraci\u00f3n Jurada de Autenticidad de la Mercader\u00eda &#8211; Decreto 254\/019, con la participaci\u00f3n de la Direcci\u00f3n Nacional de Aduanas y VUCE.<\/p>\n<p>El proceso se habilitar\u00e1 en VUCE el d\u00eda 23 de diciembre de 2019.<\/p>\n<p>El evento se realizar\u00e1 el 20\/12\/2019 a las 10.00 hs. en la Asociaci\u00f3n de Despachantes de Aduanas, Sala Bonet (Zabala 1425)<\/p>\n<p>&nbsp;<\/p>\n<p>No requiere inscripci\u00f3n. Por m\u00e1s informaci\u00f3n: <a href=\"mailto:eventos@vuce.gub.uy\">eventos@vuce.gub.uy<\/a><\/p>\n<p><img decoding=\"async\" class=\"alignnone wp-image-6639 size-large\" src=\"http:\/\/vuce.gub.uy\/staging1500\/wp-content\/uploads\/2019\/12\/Invitaci\u00f3n-DJDF-1024x571.png\" alt=\"\" width=\"1024\" height=\"571\" srcset=\"https:\/\/vuce.gub.uy\/staging1500\/wp-content\/uploads\/2019\/12\/Invitaci\u00f3n-DJDF-200x112.png 200w, https:\/\/vuce.gub.uy\/staging1500\/wp-content\/uploads\/2019\/12\/Invitaci\u00f3n-DJDF-300x167.png 300w, https:\/\/vuce.gub.uy\/staging1500\/wp-content\/uploads\/2019\/12\/Invitaci\u00f3n-DJDF-400x223.png 400w, https:\/\/vuce.gub.uy\/staging1500\/wp-content\/uploads\/2019\/12\/Invitaci\u00f3n-DJDF-600x335.png 600w, https:\/\/vuce.gub.uy\/staging1500\/wp-content\/uploads\/2019\/12\/Invitaci\u00f3n-DJDF-768x428.png 768w, https:\/\/vuce.gub.uy\/staging1500\/wp-content\/uploads\/2019\/12\/Invitaci\u00f3n-DJDF-800x446.png 800w, https:\/\/vuce.gub.uy\/staging1500\/wp-content\/uploads\/2019\/12\/Invitaci\u00f3n-DJDF-1024x571.png 1024w, https:\/\/vuce.gub.uy\/staging1500\/wp-content\/uploads\/2019\/12\/Invitaci\u00f3n-DJDF-1200x669.png 1200w, https:\/\/vuce.gub.uy\/staging1500\/wp-content\/uploads\/2019\/12\/Invitaci\u00f3n-DJDF.png 1277w\" sizes=\"(max-width: 1024px) 100vw, 1024px\" \/><\/p>\n","protected":false},"excerpt":{"rendered":"<p>El 20\/12\/2019 a las 10.00 hs. en la Asociaci\u00f3n de Despachantes de Aduanas, Sala Bonet (Zabala 1425)<\/p>\n","protected":false},"author":2,"featured_media":6639,"comment_status":"closed","ping_status":"open","sticky":false,"template":"","format":"standard","meta":{"footnotes":""},"categories":[3],"tags":[],"yoast_head":"<!-- This site is optimized with the Yoast SEO plugin v21.5 - https:\/\/yoast.com\/wordpress\/plugins\/seo\/ -->\n<title>Invitaci\u00f3n: Nuevo Proceso en VUCE - Declaraci\u00f3n Jurada de Autenticidad de la Mercader\u00eda - VUCE<\/title>\n<meta name=\"robots\" content=\"index, follow, max-snippet:-1, max-image-preview:large, max-video-preview:-1\" \/>\n<link rel=\"canonical\" href=\"https:\/\/vuce.gub.uy\/staging1500\/presentacion-declaracion-jurada-autenticidad-mercaderia\/\" \/>\n<meta property=\"og:locale\" content=\"es_ES\" \/>\n<meta property=\"og:type\" content=\"article\" \/>\n<meta property=\"og:title\" content=\"Invitaci\u00f3n: Nuevo Proceso en VUCE - Declaraci\u00f3n Jurada de Autenticidad de la Mercader\u00eda - VUCE\" \/>\n<meta property=\"og:description\" content=\"El 20\/12\/2019 a las 10.00 hs. en la Asociaci\u00f3n de Despachantes de Aduanas, Sala Bonet (Zabala 1425)\" \/>\n<meta property=\"og:url\" content=\"https:\/\/vuce.gub.uy\/staging1500\/presentacion-declaracion-jurada-autenticidad-mercaderia\/\" \/>\n<meta property=\"og:site_name\" content=\"VUCE\" \/>\n<meta property=\"article:published_time\" content=\"2019-12-17T16:33:14+00:00\" \/>\n<meta property=\"article:modified_time\" content=\"2019-12-17T18:27:17+00:00\" \/>\n<meta property=\"og:image\" content=\"https:\/\/vuce.gub.uy\/staging1500\/wp-content\/uploads\/2019\/12\/Invitaci\u00f3n-DJDF.png\" \/>\n\t<meta property=\"og:image:width\" content=\"1277\" \/>\n\t<meta property=\"og:image:height\" content=\"712\" \/>\n\t<meta property=\"og:image:type\" content=\"image\/png\" \/>\n<meta name=\"author\" content=\"VUCE\" \/>\n<meta name=\"twitter:card\" content=\"summary_large_image\" \/>\n<meta name=\"twitter:label1\" content=\"Escrito por\" \/>\n\t<meta name=\"twitter:data1\" content=\"VUCE\" \/>\n<script type=\"application\/ld+json\" class=\"yoast-schema-graph\">{\"@context\":\"https:\/\/schema.org\",\"@graph\":[{\"@type\":\"WebPage\",\"@id\":\"https:\/\/vuce.gub.uy\/staging1500\/presentacion-declaracion-jurada-autenticidad-mercaderia\/\",\"url\":\"https:\/\/vuce.gub.uy\/staging1500\/presentacion-declaracion-jurada-autenticidad-mercaderia\/\",\"name\":\"Invitaci\u00f3n: Nuevo Proceso en VUCE - Declaraci\u00f3n Jurada de Autenticidad de la Mercader\u00eda - VUCE\",\"isPartOf\":{\"@id\":\"https:\/\/vuce.gub.uy\/staging1500\/#website\"},\"datePublished\":\"2019-12-17T16:33:14+00:00\",\"dateModified\":\"2019-12-17T18:27:17+00:00\",\"author\":{\"@id\":\"https:\/\/vuce.gub.uy\/staging1500\/#\/schema\/person\/cf086f5cfec1a574774c2058058eeacf\"},\"breadcrumb\":{\"@id\":\"https:\/\/vuce.gub.uy\/staging1500\/presentacion-declaracion-jurada-autenticidad-mercaderia\/#breadcrumb\"},\"inLanguage\":\"es-AR\",\"potentialAction\":[{\"@type\":\"ReadAction\",\"target\":[\"https:\/\/vuce.gub.uy\/staging1500\/presentacion-declaracion-jurada-autenticidad-mercaderia\/\"]}]},{\"@type\":\"BreadcrumbList\",\"@id\":\"https:\/\/vuce.gub.uy\/staging1500\/presentacion-declaracion-jurada-autenticidad-mercaderia\/#breadcrumb\",\"itemListElement\":[{\"@type\":\"ListItem\",\"position\":1,\"name\":\"Inicio\",\"item\":\"https:\/\/vuce.gub.uy\/staging1500\/\"},{\"@type\":\"ListItem\",\"position\":2,\"name\":\"Invitaci\u00f3n: Nuevo Proceso en VUCE &#8211; Declaraci\u00f3n Jurada de Autenticidad de la Mercader\u00eda\"}]},{\"@type\":\"WebSite\",\"@id\":\"https:\/\/vuce.gub.uy\/staging1500\/#website\",\"url\":\"https:\/\/vuce.gub.uy\/staging1500\/\",\"name\":\"VUCE\",\"description\":\"\",\"potentialAction\":[{\"@type\":\"SearchAction\",\"target\":{\"@type\":\"EntryPoint\",\"urlTemplate\":\"https:\/\/vuce.gub.uy\/staging1500\/?s={search_term_string}\"},\"query-input\":\"required name=search_term_string\"}],\"inLanguage\":\"es-AR\"},{\"@type\":\"Person\",\"@id\":\"https:\/\/vuce.gub.uy\/staging1500\/#\/schema\/person\/cf086f5cfec1a574774c2058058eeacf\",\"name\":\"VUCE\",\"url\":\"https:\/\/vuce.gub.uy\/staging1500\/author\/vuceadmin\/\"}]}<\/script>\n<!-- \/ Yoast SEO plugin. -->","yoast_head_json":{"title":"Invitaci\u00f3n: Nuevo Proceso en VUCE - Declaraci\u00f3n Jurada de Autenticidad de la Mercader\u00eda - VUCE","robots":{"index":"index","follow":"follow","max-snippet":"max-snippet:-1","max-image-preview":"max-image-preview:large","max-video-preview":"max-video-preview:-1"},"canonical":"https:\/\/vuce.gub.uy\/staging1500\/presentacion-declaracion-jurada-autenticidad-mercaderia\/","og_locale":"es_ES","og_type":"article","og_title":"Invitaci\u00f3n: Nuevo Proceso en VUCE - Declaraci\u00f3n Jurada de Autenticidad de la Mercader\u00eda - VUCE","og_description":"El 20\/12\/2019 a las 10.00 hs. en la Asociaci\u00f3n de Despachantes de Aduanas, Sala Bonet (Zabala 1425)","og_url":"https:\/\/vuce.gub.uy\/staging1500\/presentacion-declaracion-jurada-autenticidad-mercaderia\/","og_site_name":"VUCE","article_published_time":"2019-12-17T16:33:14+00:00","article_modified_time":"2019-12-17T18:27:17+00:00","og_image":[{"width":1277,"height":712,"url":"https:\/\/vuce.gub.uy\/staging1500\/wp-content\/uploads\/2019\/12\/Invitaci\u00f3n-DJDF.png","type":"image\/png"}],"author":"VUCE","twitter_card":"summary_large_image","twitter_misc":{"Escrito por":"VUCE"},"schema":{"@context":"https:\/\/schema.org","@graph":[{"@type":"WebPage","@id":"https:\/\/vuce.gub.uy\/staging1500\/presentacion-declaracion-jurada-autenticidad-mercaderia\/","url":"https:\/\/vuce.gub.uy\/staging1500\/presentacion-declaracion-jurada-autenticidad-mercaderia\/","name":"Invitaci\u00f3n: Nuevo Proceso en VUCE - Declaraci\u00f3n Jurada de Autenticidad de la Mercader\u00eda - VUCE","isPartOf":{"@id":"https:\/\/vuce.gub.uy\/staging1500\/#website"},"datePublished":"2019-12-17T16:33:14+00:00","dateModified":"2019-12-17T18:27:17+00:00","author":{"@id":"https:\/\/vuce.gub.uy\/staging1500\/#\/schema\/person\/cf086f5cfec1a574774c2058058eeacf"},"breadcrumb":{"@id":"https:\/\/vuce.gub.uy\/staging1500\/presentacion-declaracion-jurada-autenticidad-mercaderia\/#breadcrumb"},"inLanguage":"es-AR","potentialAction":[{"@type":"ReadAction","target":["https:\/\/vuce.gub.uy\/staging1500\/presentacion-declaracion-jurada-autenticidad-mercaderia\/"]}]},{"@type":"BreadcrumbList","@id":"https:\/\/vuce.gub.uy\/staging1500\/presentacion-declaracion-jurada-autenticidad-mercaderia\/#breadcrumb","itemListElement":[{"@type":"ListItem","position":1,"name":"Inicio","item":"https:\/\/vuce.gub.uy\/staging1500\/"},{"@type":"ListItem","position":2,"name":"Invitaci\u00f3n: Nuevo Proceso en VUCE &#8211; Declaraci\u00f3n Jurada de Autenticidad de la Mercader\u00eda"}]},{"@type":"WebSite","@id":"https:\/\/vuce.gub.uy\/staging1500\/#website","url":"https:\/\/vuce.gub.uy\/staging1500\/","name":"VUCE","description":"","potentialAction":[{"@type":"SearchAction","target":{"@type":"EntryPoint","urlTemplate":"https:\/\/vuce.gub.uy\/staging1500\/?s={search_term_string}"},"query-input":"required name=search_term_string"}],"inLanguage":"es-AR"},{"@type":"Person","@id":"https:\/\/vuce.gub.uy\/staging1500\/#\/schema\/person\/cf086f5cfec1a574774c2058058eeacf","name":"VUCE","url":"https:\/\/vuce.gub.uy\/staging1500\/author\/vuceadmin\/"}]}},"_links":{"self":[{"href":"https:\/\/vuce.gub.uy\/staging1500\/wp-json\/wp\/v2\/posts\/6638"}],"collection":[{"href":"https:\/\/vuce.gub.uy\/staging1500\/wp-json\/wp\/v2\/posts"}],"about":[{"href":"https:\/\/vuce.gub.uy\/staging1500\/wp-json\/wp\/v2\/types\/post"}],"author":[{"embeddable":true,"href":"https:\/\/vuce.gub.uy\/staging1500\/wp-json\/wp\/v2\/users\/2"}],"replies":[{"embeddable":true,"href":"https:\/\/vuce.gub.uy\/staging1500\/wp-json\/wp\/v2\/comments?post=6638"}],"version-history":[{"count":3,"href":"https:\/\/vuce.gub.uy\/staging1500\/wp-json\/wp\/v2\/posts\/6638\/revisions"}],"predecessor-version":[{"id":6642,"href":"https:\/\/vuce.gub.uy\/staging1500\/wp-json\/wp\/v2\/posts\/6638\/revisions\/6642"}],"wp:featuredmedia":[{"embeddable":true,"href":"https:\/\/vuce.gub.uy\/staging1500\/wp-json\/wp\/v2\/media\/6639"}],"wp:attachment":[{"href":"https:\/\/vuce.gub.uy\/staging1500\/wp-json\/wp\/v2\/media?parent=6638"}],"wp:term":[{"taxonomy":"category","embeddable":true,"href":"https:\/\/vuce.gub.uy\/staging1500\/wp-json\/wp\/v2\/categories?post=6638"},{"taxonomy":"post_tag","embeddable":true,"href":"https:\/\/vuce.gub.uy\/staging1500\/wp-json\/wp\/v2\/tags?post=6638"}],"curies":[{"name":"wp","href":"https:\/\/api.w.org\/{rel}","templated":true}]}}