{"id":671,"date":"2013-08-29T18:00:48","date_gmt":"2013-08-29T18:00:48","guid":{"rendered":"http:\/\/vuce.gub.uy\/staging1500\/?p=671"},"modified":"2013-08-29T18:00:48","modified_gmt":"2013-08-29T18:00:48","slug":"modernizacion-de-las-aduanas-y-gestion-fronteriza","status":"publish","type":"post","link":"https:\/\/vuce.gub.uy\/staging1500\/modernizacion-de-las-aduanas-y-gestion-fronteriza\/","title":{"rendered":"Modernizaci\u00f3n de las Aduanas y Gesti\u00f3n Fronteriza"},"content":{"rendered":"<p style=\"text-align: center;\"><strong>Caminos a la Prosperidad en las Am\u00e9ricas \u2013 Uruguay Taller 1<\/strong><\/p>\n<p>Bajo el marco de la Iniciativa \u201cCaminos a la Prosperidad en las Am\u00e9ricas\u201d, el pasado 28 y 29 de agosto en la C\u00e1mara Nacional de Comercio y Servicios, se realiz\u00f3 un\u00a0 seminario sobre Gesti\u00f3n Fronteriza y Facilitaci\u00f3n del Comercio, inaugurado por la Embajadora de los Estados Unidos, Julissa Reynoso y el Director Nacional de Aduanas, Cr. Enrique Canon.<\/p>\n<p>Su objetivo fue resaltar la responsabilidad compartida entre el sector p\u00fablico y el privado en el proceso fronterizo, reconociendo la importancia de la comunicaci\u00f3n entre los sectores y la facilitaci\u00f3n en los intercambios.<br \/>\nEn este contexto se reafirm\u00f3 la cooperaci\u00f3n p\u00fablico \u2013 privado y la formaci\u00f3n t\u00e9cnica con el prop\u00f3sito de crear capacidades para la facilitaci\u00f3n del comercio.<\/p>\n<p>Los disertantes discutieron acerca de las mejores pr\u00e1cticas en el di\u00e1logo p\u00fablico \u2013 privado; \u00e9xitos y desaf\u00edos del Programa Operador Econ\u00f3mico Autorizado (OEA), su implementaci\u00f3n, reconocimiento mutuo y gesti\u00f3n del riesgo.<\/p>\n<p>Durante la segunda jornada, se inform\u00f3 acerca del progreso en el desarrollo de la Ventanilla \u00danica de Comercio Exterior (VUCE) en Uruguay y los desaf\u00edos a los que se enfrenta antes de su implementaci\u00f3n completa.<\/p>\n<p>Se debati\u00f3 sobre la importancia de mantener la informaci\u00f3n de comercio con eficiencia y velocidad, las consideraciones fundamentales para el desarrollo de un sistema de ventanilla \u00fanica y la cooperaci\u00f3n del sector p\u00fablico y privado en el movimiento r\u00e1pido y seguro de las mercader\u00edas.<\/p>\n<p><a target=\"_blank\" href=\"http:\/\/www.aduanas.gub.uy\/innovaportal\/v\/11237\/1\/innova.front\/dna_y_eeuu_firman_memorando_sobre_facilitacion_de_coex.html\">DNA y EE.UU. firman memorando sobre facilitaci\u00f3n de COEX<\/a><\/p>\n<p><a target=\"_blank\" href=\"http:\/\/spanish.uruguay.usembassy.gov\/28082013pr.html\">Embajadora Reynoso: Promover la colaboraci\u00f3n y confianza dentro y fuera de fronteras<\/a><\/p>\n<p><a target=\"_blank\" href=\"http:\/\/spanish.uruguay.usembassy.gov\/26082013_pr2.html\">Seminario sobre gesti\u00f3n fronteriza y facilitaci\u00f3n del comercio<\/a><\/p>\n<p><img decoding=\"async\" class=\"aligncenter\" alt=\"Banner\" src=\"http:\/\/vuce.gub.uy\/staging1500\/wp-content\/uploads\/2013\/09\/CaminosAlaProsperidad_02.jpg\" width=\"479\" height=\"359\" \/><\/p>\n","protected":false},"excerpt":{"rendered":"<p>El pasado 28 y 29 de agosto en la C\u00e1mara Nacional de Comercio y Servicios, se realiz\u00f3 un  seminario sobre Gesti\u00f3n Fronteriza y Facilitaci\u00f3n del Comercio.<\/p>\n","protected":false},"author":1,"featured_media":672,"comment_status":"closed","ping_status":"open","sticky":false,"template":"","format":"standard","meta":{"footnotes":""},"categories":[3],"tags":[],"yoast_head":"<!-- This site is optimized with the Yoast SEO plugin v21.5 - https:\/\/yoast.com\/wordpress\/plugins\/seo\/ -->\n<title>Modernizaci\u00f3n de las Aduanas y Gesti\u00f3n Fronteriza<\/title>\n<meta name=\"description\" content=\"Caminos a la Prosperidad en las am\u00e9ricas \u2013 Uruguay Taller 1\" \/>\n<meta name=\"robots\" content=\"index, follow, max-snippet:-1, max-image-preview:large, max-video-preview:-1\" \/>\n<link rel=\"canonical\" href=\"https:\/\/vuce.gub.uy\/staging1500\/modernizacion-de-las-aduanas-y-gestion-fronteriza\/\" \/>\n<meta property=\"og:locale\" content=\"es_ES\" \/>\n<meta property=\"og:type\" content=\"article\" \/>\n<meta property=\"og:title\" content=\"Modernizaci\u00f3n de las Aduanas y Gesti\u00f3n Fronteriza\" \/>\n<meta property=\"og:description\" content=\"Caminos a la Prosperidad en las am\u00e9ricas \u2013 Uruguay Taller 1\" \/>\n<meta property=\"og:url\" content=\"https:\/\/vuce.gub.uy\/staging1500\/modernizacion-de-las-aduanas-y-gestion-fronteriza\/\" \/>\n<meta property=\"og:site_name\" content=\"VUCE\" \/>\n<meta property=\"article:published_time\" content=\"2013-08-29T18:00:48+00:00\" \/>\n<meta property=\"og:image\" content=\"https:\/\/vuce.gub.uy\/staging1500\/wp-content\/uploads\/2013\/09\/CaminosAlaProsperidad_01.jpg\" \/>\n\t<meta property=\"og:image:width\" content=\"739\" \/>\n\t<meta property=\"og:image:height\" content=\"554\" \/>\n\t<meta property=\"og:image:type\" content=\"image\/jpeg\" \/>\n<meta name=\"author\" content=\"vuce\" \/>\n<meta name=\"twitter:card\" content=\"summary_large_image\" \/>\n<meta name=\"twitter:label1\" content=\"Escrito por\" \/>\n\t<meta name=\"twitter:data1\" content=\"vuce\" \/>\n\t<meta name=\"twitter:label2\" content=\"Tiempo de lectura\" \/>\n\t<meta name=\"twitter:data2\" content=\"1 minuto\" \/>\n<script type=\"application\/ld+json\" class=\"yoast-schema-graph\">{\"@context\":\"https:\/\/schema.org\",\"@graph\":[{\"@type\":\"WebPage\",\"@id\":\"https:\/\/vuce.gub.uy\/staging1500\/modernizacion-de-las-aduanas-y-gestion-fronteriza\/\",\"url\":\"https:\/\/vuce.gub.uy\/staging1500\/modernizacion-de-las-aduanas-y-gestion-fronteriza\/\",\"name\":\"Modernizaci\u00f3n de las Aduanas y Gesti\u00f3n Fronteriza\",\"isPartOf\":{\"@id\":\"https:\/\/vuce.gub.uy\/staging1500\/#website\"},\"datePublished\":\"2013-08-29T18:00:48+00:00\",\"dateModified\":\"2013-08-29T18:00:48+00:00\",\"author\":{\"@id\":\"https:\/\/vuce.gub.uy\/staging1500\/#\/schema\/person\/8328845af156cc1910f16419d63591a6\"},\"description\":\"Caminos a la Prosperidad en las am\u00e9ricas \u2013 Uruguay Taller 1\",\"breadcrumb\":{\"@id\":\"https:\/\/vuce.gub.uy\/staging1500\/modernizacion-de-las-aduanas-y-gestion-fronteriza\/#breadcrumb\"},\"inLanguage\":\"es-AR\",\"potentialAction\":[{\"@type\":\"ReadAction\",\"target\":[\"https:\/\/vuce.gub.uy\/staging1500\/modernizacion-de-las-aduanas-y-gestion-fronteriza\/\"]}]},{\"@type\":\"BreadcrumbList\",\"@id\":\"https:\/\/vuce.gub.uy\/staging1500\/modernizacion-de-las-aduanas-y-gestion-fronteriza\/#breadcrumb\",\"itemListElement\":[{\"@type\":\"ListItem\",\"position\":1,\"name\":\"Inicio\",\"item\":\"https:\/\/vuce.gub.uy\/staging1500\/\"},{\"@type\":\"ListItem\",\"position\":2,\"name\":\"Modernizaci\u00f3n de las Aduanas y Gesti\u00f3n Fronteriza\"}]},{\"@type\":\"WebSite\",\"@id\":\"https:\/\/vuce.gub.uy\/staging1500\/#website\",\"url\":\"https:\/\/vuce.gub.uy\/staging1500\/\",\"name\":\"VUCE\",\"description\":\"\",\"potentialAction\":[{\"@type\":\"SearchAction\",\"target\":{\"@type\":\"EntryPoint\",\"urlTemplate\":\"https:\/\/vuce.gub.uy\/staging1500\/?s={search_term_string}\"},\"query-input\":\"required name=search_term_string\"}],\"inLanguage\":\"es-AR\"},{\"@type\":\"Person\",\"@id\":\"https:\/\/vuce.gub.uy\/staging1500\/#\/schema\/person\/8328845af156cc1910f16419d63591a6\",\"name\":\"vuce\",\"url\":\"https:\/\/vuce.gub.uy\/staging1500\/author\/vuce\/\"}]}<\/script>\n<!-- \/ Yoast SEO plugin. -->","yoast_head_json":{"title":"Modernizaci\u00f3n de las Aduanas y Gesti\u00f3n Fronteriza","description":"Caminos a la Prosperidad en las am\u00e9ricas \u2013 Uruguay Taller 1","robots":{"index":"index","follow":"follow","max-snippet":"max-snippet:-1","max-image-preview":"max-image-preview:large","max-video-preview":"max-video-preview:-1"},"canonical":"https:\/\/vuce.gub.uy\/staging1500\/modernizacion-de-las-aduanas-y-gestion-fronteriza\/","og_locale":"es_ES","og_type":"article","og_title":"Modernizaci\u00f3n de las Aduanas y Gesti\u00f3n Fronteriza","og_description":"Caminos a la Prosperidad en las am\u00e9ricas \u2013 Uruguay Taller 1","og_url":"https:\/\/vuce.gub.uy\/staging1500\/modernizacion-de-las-aduanas-y-gestion-fronteriza\/","og_site_name":"VUCE","article_published_time":"2013-08-29T18:00:48+00:00","og_image":[{"width":739,"height":554,"url":"https:\/\/vuce.gub.uy\/staging1500\/wp-content\/uploads\/2013\/09\/CaminosAlaProsperidad_01.jpg","type":"image\/jpeg"}],"author":"vuce","twitter_card":"summary_large_image","twitter_misc":{"Escrito por":"vuce","Tiempo de lectura":"1 minuto"},"schema":{"@context":"https:\/\/schema.org","@graph":[{"@type":"WebPage","@id":"https:\/\/vuce.gub.uy\/staging1500\/modernizacion-de-las-aduanas-y-gestion-fronteriza\/","url":"https:\/\/vuce.gub.uy\/staging1500\/modernizacion-de-las-aduanas-y-gestion-fronteriza\/","name":"Modernizaci\u00f3n de las Aduanas y Gesti\u00f3n Fronteriza","isPartOf":{"@id":"https:\/\/vuce.gub.uy\/staging1500\/#website"},"datePublished":"2013-08-29T18:00:48+00:00","dateModified":"2013-08-29T18:00:48+00:00","author":{"@id":"https:\/\/vuce.gub.uy\/staging1500\/#\/schema\/person\/8328845af156cc1910f16419d63591a6"},"description":"Caminos a la Prosperidad en las am\u00e9ricas \u2013 Uruguay Taller 1","breadcrumb":{"@id":"https:\/\/vuce.gub.uy\/staging1500\/modernizacion-de-las-aduanas-y-gestion-fronteriza\/#breadcrumb"},"inLanguage":"es-AR","potentialAction":[{"@type":"ReadAction","target":["https:\/\/vuce.gub.uy\/staging1500\/modernizacion-de-las-aduanas-y-gestion-fronteriza\/"]}]},{"@type":"BreadcrumbList","@id":"https:\/\/vuce.gub.uy\/staging1500\/modernizacion-de-las-aduanas-y-gestion-fronteriza\/#breadcrumb","itemListElement":[{"@type":"ListItem","position":1,"name":"Inicio","item":"https:\/\/vuce.gub.uy\/staging1500\/"},{"@type":"ListItem","position":2,"name":"Modernizaci\u00f3n de las Aduanas y Gesti\u00f3n Fronteriza"}]},{"@type":"WebSite","@id":"https:\/\/vuce.gub.uy\/staging1500\/#website","url":"https:\/\/vuce.gub.uy\/staging1500\/","name":"VUCE","description":"","potentialAction":[{"@type":"SearchAction","target":{"@type":"EntryPoint","urlTemplate":"https:\/\/vuce.gub.uy\/staging1500\/?s={search_term_string}"},"query-input":"required name=search_term_string"}],"inLanguage":"es-AR"},{"@type":"Person","@id":"https:\/\/vuce.gub.uy\/staging1500\/#\/schema\/person\/8328845af156cc1910f16419d63591a6","name":"vuce","url":"https:\/\/vuce.gub.uy\/staging1500\/author\/vuce\/"}]}},"_links":{"self":[{"href":"https:\/\/vuce.gub.uy\/staging1500\/wp-json\/wp\/v2\/posts\/671"}],"collection":[{"href":"https:\/\/vuce.gub.uy\/staging1500\/wp-json\/wp\/v2\/posts"}],"about":[{"href":"https:\/\/vuce.gub.uy\/staging1500\/wp-json\/wp\/v2\/types\/post"}],"author":[{"embeddable":true,"href":"https:\/\/vuce.gub.uy\/staging1500\/wp-json\/wp\/v2\/users\/1"}],"replies":[{"embeddable":true,"href":"https:\/\/vuce.gub.uy\/staging1500\/wp-json\/wp\/v2\/comments?post=671"}],"version-history":[{"count":0,"href":"https:\/\/vuce.gub.uy\/staging1500\/wp-json\/wp\/v2\/posts\/671\/revisions"}],"wp:featuredmedia":[{"embeddable":true,"href":"https:\/\/vuce.gub.uy\/staging1500\/wp-json\/wp\/v2\/media\/672"}],"wp:attachment":[{"href":"https:\/\/vuce.gub.uy\/staging1500\/wp-json\/wp\/v2\/media?parent=671"}],"wp:term":[{"taxonomy":"category","embeddable":true,"href":"https:\/\/vuce.gub.uy\/staging1500\/wp-json\/wp\/v2\/categories?post=671"},{"taxonomy":"post_tag","embeddable":true,"href":"https:\/\/vuce.gub.uy\/staging1500\/wp-json\/wp\/v2\/tags?post=671"}],"curies":[{"name":"wp","href":"https:\/\/api.w.org\/{rel}","templated":true}]}}