{"id":6758,"date":"2020-02-10T13:55:24","date_gmt":"2020-02-10T13:55:24","guid":{"rendered":"http:\/\/vuce.gub.uy\/staging1500\/?p=6758"},"modified":"2020-02-10T13:55:24","modified_gmt":"2020-02-10T13:55:24","slug":"rcar-vsol-nuevo-proceso","status":"publish","type":"post","link":"https:\/\/vuce.gub.uy\/staging1500\/rcar-vsol-nuevo-proceso\/","title":{"rendered":"Nuevo Proceso en VUCE: RCAR &#8211; VSOL : Reexportaci\u00f3n\/Destrucci\u00f3n de mercader\u00eda no producida en Uruguay"},"content":{"rendered":"<p><b>A partir de hoy lunes 10 de febrero se encuentra disponible su tramitaci\u00f3n en VUCE<\/b><\/p>\n<p>&nbsp;<\/p>\n<p>A partir de hoy lunes 10 de febrero de 2020 se encuentra disponible en VUCE la tramitaci\u00f3n de la Reexportaci\u00f3n\/Destrucci\u00f3n de mercader\u00eda no producida en Uruguay ante la Divisi\u00f3n Sanidad Animal del Ministerio de Ganader\u00eda Agricultura y Pesca y el Instituto Nacional de Carnes.<\/p>\n<p><img decoding=\"async\" class=\"alignnone wp-image-6762 size-large\" src=\"http:\/\/vuce.gub.uy\/staging1500\/wp-content\/uploads\/2020\/02\/Nuevo-proceso-RCAR-VSOL-1024x534.png\" alt=\"\" width=\"1024\" height=\"534\" srcset=\"https:\/\/vuce.gub.uy\/staging1500\/wp-content\/uploads\/2020\/02\/Nuevo-proceso-RCAR-VSOL-200x104.png 200w, https:\/\/vuce.gub.uy\/staging1500\/wp-content\/uploads\/2020\/02\/Nuevo-proceso-RCAR-VSOL-300x157.png 300w, https:\/\/vuce.gub.uy\/staging1500\/wp-content\/uploads\/2020\/02\/Nuevo-proceso-RCAR-VSOL-400x209.png 400w, https:\/\/vuce.gub.uy\/staging1500\/wp-content\/uploads\/2020\/02\/Nuevo-proceso-RCAR-VSOL-600x313.png 600w, https:\/\/vuce.gub.uy\/staging1500\/wp-content\/uploads\/2020\/02\/Nuevo-proceso-RCAR-VSOL-768x401.png 768w, https:\/\/vuce.gub.uy\/staging1500\/wp-content\/uploads\/2020\/02\/Nuevo-proceso-RCAR-VSOL-800x417.png 800w, https:\/\/vuce.gub.uy\/staging1500\/wp-content\/uploads\/2020\/02\/Nuevo-proceso-RCAR-VSOL-1024x534.png 1024w, https:\/\/vuce.gub.uy\/staging1500\/wp-content\/uploads\/2020\/02\/Nuevo-proceso-RCAR-VSOL.png 1106w\" sizes=\"(max-width: 1024px) 100vw, 1024px\" \/><\/p>\n<p>Como con todas las nuevas implantaciones, nuestro equipo se encuentra disponible para dar soporte y apoyo a los usuarios por correo electr\u00f3nico a trav\u00e9s de\u00a0<a href=\"mailto:info@vuce.gub.uy\">info@vuce.gub.uy<\/a> \u00a0o\u00a0en forma telef\u00f3nica a trav\u00e9s del 2916 6878.<\/p>\n","protected":false},"excerpt":{"rendered":"<p>A partir del 10\/02\/2020<\/p>\n","protected":false},"author":2,"featured_media":6761,"comment_status":"closed","ping_status":"open","sticky":false,"template":"","format":"standard","meta":{"footnotes":""},"categories":[3],"tags":[],"yoast_head":"<!-- This site is optimized with the Yoast SEO plugin v21.5 - https:\/\/yoast.com\/wordpress\/plugins\/seo\/ -->\n<title>Nuevo Proceso en VUCE: RCAR - VSOL : Reexportaci\u00f3n\/Destrucci\u00f3n de mercader\u00eda no producida en Uruguay - VUCE<\/title>\n<meta name=\"robots\" content=\"index, follow, max-snippet:-1, max-image-preview:large, max-video-preview:-1\" \/>\n<link rel=\"canonical\" href=\"https:\/\/vuce.gub.uy\/staging1500\/rcar-vsol-nuevo-proceso\/\" \/>\n<meta property=\"og:locale\" content=\"es_ES\" \/>\n<meta property=\"og:type\" content=\"article\" \/>\n<meta property=\"og:title\" content=\"Nuevo Proceso en VUCE: RCAR - VSOL : Reexportaci\u00f3n\/Destrucci\u00f3n de mercader\u00eda no producida en Uruguay - VUCE\" \/>\n<meta property=\"og:description\" content=\"A partir del 10\/02\/2020\" \/>\n<meta property=\"og:url\" content=\"https:\/\/vuce.gub.uy\/staging1500\/rcar-vsol-nuevo-proceso\/\" \/>\n<meta property=\"og:site_name\" content=\"VUCE\" \/>\n<meta property=\"article:published_time\" content=\"2020-02-10T13:55:24+00:00\" \/>\n<meta property=\"og:image\" content=\"https:\/\/vuce.gub.uy\/staging1500\/wp-content\/uploads\/2020\/02\/aerial-view-of-cargo-ship-1554646-1024x575.jpg\" \/>\n\t<meta property=\"og:image:width\" content=\"1024\" \/>\n\t<meta property=\"og:image:height\" content=\"575\" \/>\n\t<meta property=\"og:image:type\" content=\"image\/jpeg\" \/>\n<meta name=\"author\" content=\"VUCE\" \/>\n<meta name=\"twitter:card\" content=\"summary_large_image\" \/>\n<meta name=\"twitter:label1\" content=\"Escrito por\" \/>\n\t<meta name=\"twitter:data1\" content=\"VUCE\" \/>\n\t<meta name=\"twitter:label2\" content=\"Tiempo de lectura\" \/>\n\t<meta name=\"twitter:data2\" content=\"1 minuto\" \/>\n<script type=\"application\/ld+json\" class=\"yoast-schema-graph\">{\"@context\":\"https:\/\/schema.org\",\"@graph\":[{\"@type\":\"WebPage\",\"@id\":\"https:\/\/vuce.gub.uy\/staging1500\/rcar-vsol-nuevo-proceso\/\",\"url\":\"https:\/\/vuce.gub.uy\/staging1500\/rcar-vsol-nuevo-proceso\/\",\"name\":\"Nuevo Proceso en VUCE: RCAR - VSOL : Reexportaci\u00f3n\/Destrucci\u00f3n de mercader\u00eda no producida en Uruguay - VUCE\",\"isPartOf\":{\"@id\":\"https:\/\/vuce.gub.uy\/staging1500\/#website\"},\"datePublished\":\"2020-02-10T13:55:24+00:00\",\"dateModified\":\"2020-02-10T13:55:24+00:00\",\"author\":{\"@id\":\"https:\/\/vuce.gub.uy\/staging1500\/#\/schema\/person\/cf086f5cfec1a574774c2058058eeacf\"},\"breadcrumb\":{\"@id\":\"https:\/\/vuce.gub.uy\/staging1500\/rcar-vsol-nuevo-proceso\/#breadcrumb\"},\"inLanguage\":\"es-AR\",\"potentialAction\":[{\"@type\":\"ReadAction\",\"target\":[\"https:\/\/vuce.gub.uy\/staging1500\/rcar-vsol-nuevo-proceso\/\"]}]},{\"@type\":\"BreadcrumbList\",\"@id\":\"https:\/\/vuce.gub.uy\/staging1500\/rcar-vsol-nuevo-proceso\/#breadcrumb\",\"itemListElement\":[{\"@type\":\"ListItem\",\"position\":1,\"name\":\"Inicio\",\"item\":\"https:\/\/vuce.gub.uy\/staging1500\/\"},{\"@type\":\"ListItem\",\"position\":2,\"name\":\"Nuevo Proceso en VUCE: RCAR &#8211; VSOL : Reexportaci\u00f3n\/Destrucci\u00f3n de mercader\u00eda no producida en Uruguay\"}]},{\"@type\":\"WebSite\",\"@id\":\"https:\/\/vuce.gub.uy\/staging1500\/#website\",\"url\":\"https:\/\/vuce.gub.uy\/staging1500\/\",\"name\":\"VUCE\",\"description\":\"\",\"potentialAction\":[{\"@type\":\"SearchAction\",\"target\":{\"@type\":\"EntryPoint\",\"urlTemplate\":\"https:\/\/vuce.gub.uy\/staging1500\/?s={search_term_string}\"},\"query-input\":\"required name=search_term_string\"}],\"inLanguage\":\"es-AR\"},{\"@type\":\"Person\",\"@id\":\"https:\/\/vuce.gub.uy\/staging1500\/#\/schema\/person\/cf086f5cfec1a574774c2058058eeacf\",\"name\":\"VUCE\",\"url\":\"https:\/\/vuce.gub.uy\/staging1500\/author\/vuceadmin\/\"}]}<\/script>\n<!-- \/ Yoast SEO plugin. -->","yoast_head_json":{"title":"Nuevo Proceso en VUCE: RCAR - VSOL : Reexportaci\u00f3n\/Destrucci\u00f3n de mercader\u00eda no producida en Uruguay - VUCE","robots":{"index":"index","follow":"follow","max-snippet":"max-snippet:-1","max-image-preview":"max-image-preview:large","max-video-preview":"max-video-preview:-1"},"canonical":"https:\/\/vuce.gub.uy\/staging1500\/rcar-vsol-nuevo-proceso\/","og_locale":"es_ES","og_type":"article","og_title":"Nuevo Proceso en VUCE: RCAR - VSOL : Reexportaci\u00f3n\/Destrucci\u00f3n de mercader\u00eda no producida en Uruguay - VUCE","og_description":"A partir del 10\/02\/2020","og_url":"https:\/\/vuce.gub.uy\/staging1500\/rcar-vsol-nuevo-proceso\/","og_site_name":"VUCE","article_published_time":"2020-02-10T13:55:24+00:00","og_image":[{"width":1024,"height":575,"url":"https:\/\/vuce.gub.uy\/staging1500\/wp-content\/uploads\/2020\/02\/aerial-view-of-cargo-ship-1554646-1024x575.jpg","type":"image\/jpeg"}],"author":"VUCE","twitter_card":"summary_large_image","twitter_misc":{"Escrito por":"VUCE","Tiempo de lectura":"1 minuto"},"schema":{"@context":"https:\/\/schema.org","@graph":[{"@type":"WebPage","@id":"https:\/\/vuce.gub.uy\/staging1500\/rcar-vsol-nuevo-proceso\/","url":"https:\/\/vuce.gub.uy\/staging1500\/rcar-vsol-nuevo-proceso\/","name":"Nuevo Proceso en VUCE: RCAR - VSOL : Reexportaci\u00f3n\/Destrucci\u00f3n de mercader\u00eda no producida en Uruguay - VUCE","isPartOf":{"@id":"https:\/\/vuce.gub.uy\/staging1500\/#website"},"datePublished":"2020-02-10T13:55:24+00:00","dateModified":"2020-02-10T13:55:24+00:00","author":{"@id":"https:\/\/vuce.gub.uy\/staging1500\/#\/schema\/person\/cf086f5cfec1a574774c2058058eeacf"},"breadcrumb":{"@id":"https:\/\/vuce.gub.uy\/staging1500\/rcar-vsol-nuevo-proceso\/#breadcrumb"},"inLanguage":"es-AR","potentialAction":[{"@type":"ReadAction","target":["https:\/\/vuce.gub.uy\/staging1500\/rcar-vsol-nuevo-proceso\/"]}]},{"@type":"BreadcrumbList","@id":"https:\/\/vuce.gub.uy\/staging1500\/rcar-vsol-nuevo-proceso\/#breadcrumb","itemListElement":[{"@type":"ListItem","position":1,"name":"Inicio","item":"https:\/\/vuce.gub.uy\/staging1500\/"},{"@type":"ListItem","position":2,"name":"Nuevo Proceso en VUCE: RCAR &#8211; VSOL : Reexportaci\u00f3n\/Destrucci\u00f3n de mercader\u00eda no producida en Uruguay"}]},{"@type":"WebSite","@id":"https:\/\/vuce.gub.uy\/staging1500\/#website","url":"https:\/\/vuce.gub.uy\/staging1500\/","name":"VUCE","description":"","potentialAction":[{"@type":"SearchAction","target":{"@type":"EntryPoint","urlTemplate":"https:\/\/vuce.gub.uy\/staging1500\/?s={search_term_string}"},"query-input":"required name=search_term_string"}],"inLanguage":"es-AR"},{"@type":"Person","@id":"https:\/\/vuce.gub.uy\/staging1500\/#\/schema\/person\/cf086f5cfec1a574774c2058058eeacf","name":"VUCE","url":"https:\/\/vuce.gub.uy\/staging1500\/author\/vuceadmin\/"}]}},"_links":{"self":[{"href":"https:\/\/vuce.gub.uy\/staging1500\/wp-json\/wp\/v2\/posts\/6758"}],"collection":[{"href":"https:\/\/vuce.gub.uy\/staging1500\/wp-json\/wp\/v2\/posts"}],"about":[{"href":"https:\/\/vuce.gub.uy\/staging1500\/wp-json\/wp\/v2\/types\/post"}],"author":[{"embeddable":true,"href":"https:\/\/vuce.gub.uy\/staging1500\/wp-json\/wp\/v2\/users\/2"}],"replies":[{"embeddable":true,"href":"https:\/\/vuce.gub.uy\/staging1500\/wp-json\/wp\/v2\/comments?post=6758"}],"version-history":[{"count":2,"href":"https:\/\/vuce.gub.uy\/staging1500\/wp-json\/wp\/v2\/posts\/6758\/revisions"}],"predecessor-version":[{"id":6763,"href":"https:\/\/vuce.gub.uy\/staging1500\/wp-json\/wp\/v2\/posts\/6758\/revisions\/6763"}],"wp:featuredmedia":[{"embeddable":true,"href":"https:\/\/vuce.gub.uy\/staging1500\/wp-json\/wp\/v2\/media\/6761"}],"wp:attachment":[{"href":"https:\/\/vuce.gub.uy\/staging1500\/wp-json\/wp\/v2\/media?parent=6758"}],"wp:term":[{"taxonomy":"category","embeddable":true,"href":"https:\/\/vuce.gub.uy\/staging1500\/wp-json\/wp\/v2\/categories?post=6758"},{"taxonomy":"post_tag","embeddable":true,"href":"https:\/\/vuce.gub.uy\/staging1500\/wp-json\/wp\/v2\/tags?post=6758"}],"curies":[{"name":"wp","href":"https:\/\/api.w.org\/{rel}","templated":true}]}}