{"id":6775,"date":"2020-02-14T17:22:45","date_gmt":"2020-02-14T17:22:45","guid":{"rendered":"http:\/\/vuce.gub.uy\/staging1500\/?p=6775"},"modified":"2020-02-14T17:22:45","modified_gmt":"2020-02-14T17:22:45","slug":"visita-delegacion-panama","status":"publish","type":"post","link":"https:\/\/vuce.gub.uy\/staging1500\/visita-delegacion-panama\/","title":{"rendered":"Delegaci\u00f3n de Panam\u00e1 visit\u00f3 Uruguay para conocer la implementaci\u00f3n de VUCE y el sistema LUCIA de Aduanas"},"content":{"rendered":"<p>Entre el martes 28 y el jueves 30 de enero, la Direcci\u00f3n Nacional de Aduanas, la Ventanilla \u00danica de Comercio Exterior (VUCE) y la Asociaci\u00f3n de Despachantes de Aduana del Uruguay (ADAU) recibieron la visita de una delegaci\u00f3n de la Rep\u00fablica de Panam\u00e1, conformada por representantes de instituciones gubernamentales y del sector privado.<\/p>\n<p>&nbsp;<\/p>\n<p>El objetivo de la visita fue conocer sobre la implementaci\u00f3n de VUCE y el Sistema LUCIA de Aduanas.<\/p>\n<p>&nbsp;<\/p>\n<p>VUCE realiz\u00f3 una presentaci\u00f3n sobre su implementaci\u00f3n en Uruguay, el marco normativo, el modelo de Ventanilla \u00danica seleccionado y el estado de situaci\u00f3n actual de su funcionamiento, comunicaci\u00f3n con el sistema aduanero e interoperabilidad. Asimismo, se realiz\u00f3 una presentaci\u00f3n t\u00e9cnica con el objetivo de mostrar la escalabilidad del sistema y la facilidad de comunicaci\u00f3n de \u00e9ste para el desarrollo de la interoperabilidad.<\/p>\n<p>&nbsp;<\/p>\n<p>Se concret\u00f3 tambi\u00e9n un encuentro con la Uni\u00f3n de Exportadores, C\u00e1mara de Industrias del Uruguay, Centro de Navegaci\u00f3n, C\u00e1mara Nacional de Comercio y Servicios y ADAU.<\/p>\n<p>&nbsp;<\/p>\n<p>La delegaci\u00f3n paname\u00f1a, la primera conformada por actores de sectores p\u00fablicos y privados, destac\u00f3 el trabajo de cooperaci\u00f3n p\u00fablico \u2013 privado realizado durante las jornadas en Uruguay.<\/p>\n","protected":false},"excerpt":{"rendered":"<p>Entre el martes 28 y el jueves 30 de enero<\/p>\n","protected":false},"author":2,"featured_media":6776,"comment_status":"closed","ping_status":"open","sticky":false,"template":"","format":"standard","meta":{"footnotes":""},"categories":[3],"tags":[],"yoast_head":"<!-- This site is optimized with the Yoast SEO plugin v21.5 - https:\/\/yoast.com\/wordpress\/plugins\/seo\/ -->\n<title>Delegaci\u00f3n de Panam\u00e1 visit\u00f3 Uruguay para conocer la implementaci\u00f3n de VUCE y el sistema LUCIA de Aduanas - VUCE<\/title>\n<meta name=\"robots\" content=\"index, follow, max-snippet:-1, max-image-preview:large, max-video-preview:-1\" \/>\n<link rel=\"canonical\" href=\"https:\/\/vuce.gub.uy\/staging1500\/visita-delegacion-panama\/\" \/>\n<meta property=\"og:locale\" content=\"es_ES\" \/>\n<meta property=\"og:type\" content=\"article\" \/>\n<meta property=\"og:title\" content=\"Delegaci\u00f3n de Panam\u00e1 visit\u00f3 Uruguay para conocer la implementaci\u00f3n de VUCE y el sistema LUCIA de Aduanas - VUCE\" \/>\n<meta property=\"og:description\" content=\"Entre el martes 28 y el jueves 30 de enero\" \/>\n<meta property=\"og:url\" content=\"https:\/\/vuce.gub.uy\/staging1500\/visita-delegacion-panama\/\" \/>\n<meta property=\"og:site_name\" content=\"VUCE\" \/>\n<meta property=\"article:published_time\" content=\"2020-02-14T17:22:45+00:00\" \/>\n<meta property=\"og:image\" content=\"https:\/\/vuce.gub.uy\/staging1500\/wp-content\/uploads\/2020\/02\/foto-delegacion-panama-1024x683.jpg\" \/>\n\t<meta property=\"og:image:width\" content=\"1024\" \/>\n\t<meta property=\"og:image:height\" content=\"683\" \/>\n\t<meta property=\"og:image:type\" content=\"image\/jpeg\" \/>\n<meta name=\"author\" content=\"VUCE\" \/>\n<meta name=\"twitter:card\" content=\"summary_large_image\" \/>\n<meta name=\"twitter:label1\" content=\"Escrito por\" \/>\n\t<meta name=\"twitter:data1\" content=\"VUCE\" \/>\n\t<meta name=\"twitter:label2\" content=\"Tiempo de lectura\" \/>\n\t<meta name=\"twitter:data2\" content=\"1 minuto\" \/>\n<script type=\"application\/ld+json\" class=\"yoast-schema-graph\">{\"@context\":\"https:\/\/schema.org\",\"@graph\":[{\"@type\":\"WebPage\",\"@id\":\"https:\/\/vuce.gub.uy\/staging1500\/visita-delegacion-panama\/\",\"url\":\"https:\/\/vuce.gub.uy\/staging1500\/visita-delegacion-panama\/\",\"name\":\"Delegaci\u00f3n de Panam\u00e1 visit\u00f3 Uruguay para conocer la implementaci\u00f3n de VUCE y el sistema LUCIA de Aduanas - VUCE\",\"isPartOf\":{\"@id\":\"https:\/\/vuce.gub.uy\/staging1500\/#website\"},\"datePublished\":\"2020-02-14T17:22:45+00:00\",\"dateModified\":\"2020-02-14T17:22:45+00:00\",\"author\":{\"@id\":\"https:\/\/vuce.gub.uy\/staging1500\/#\/schema\/person\/cf086f5cfec1a574774c2058058eeacf\"},\"breadcrumb\":{\"@id\":\"https:\/\/vuce.gub.uy\/staging1500\/visita-delegacion-panama\/#breadcrumb\"},\"inLanguage\":\"es-AR\",\"potentialAction\":[{\"@type\":\"ReadAction\",\"target\":[\"https:\/\/vuce.gub.uy\/staging1500\/visita-delegacion-panama\/\"]}]},{\"@type\":\"BreadcrumbList\",\"@id\":\"https:\/\/vuce.gub.uy\/staging1500\/visita-delegacion-panama\/#breadcrumb\",\"itemListElement\":[{\"@type\":\"ListItem\",\"position\":1,\"name\":\"Inicio\",\"item\":\"https:\/\/vuce.gub.uy\/staging1500\/\"},{\"@type\":\"ListItem\",\"position\":2,\"name\":\"Delegaci\u00f3n de Panam\u00e1 visit\u00f3 Uruguay para conocer la implementaci\u00f3n de VUCE y el sistema LUCIA de Aduanas\"}]},{\"@type\":\"WebSite\",\"@id\":\"https:\/\/vuce.gub.uy\/staging1500\/#website\",\"url\":\"https:\/\/vuce.gub.uy\/staging1500\/\",\"name\":\"VUCE\",\"description\":\"\",\"potentialAction\":[{\"@type\":\"SearchAction\",\"target\":{\"@type\":\"EntryPoint\",\"urlTemplate\":\"https:\/\/vuce.gub.uy\/staging1500\/?s={search_term_string}\"},\"query-input\":\"required name=search_term_string\"}],\"inLanguage\":\"es-AR\"},{\"@type\":\"Person\",\"@id\":\"https:\/\/vuce.gub.uy\/staging1500\/#\/schema\/person\/cf086f5cfec1a574774c2058058eeacf\",\"name\":\"VUCE\",\"url\":\"https:\/\/vuce.gub.uy\/staging1500\/author\/vuceadmin\/\"}]}<\/script>\n<!-- \/ Yoast SEO plugin. -->","yoast_head_json":{"title":"Delegaci\u00f3n de Panam\u00e1 visit\u00f3 Uruguay para conocer la implementaci\u00f3n de VUCE y el sistema LUCIA de Aduanas - VUCE","robots":{"index":"index","follow":"follow","max-snippet":"max-snippet:-1","max-image-preview":"max-image-preview:large","max-video-preview":"max-video-preview:-1"},"canonical":"https:\/\/vuce.gub.uy\/staging1500\/visita-delegacion-panama\/","og_locale":"es_ES","og_type":"article","og_title":"Delegaci\u00f3n de Panam\u00e1 visit\u00f3 Uruguay para conocer la implementaci\u00f3n de VUCE y el sistema LUCIA de Aduanas - VUCE","og_description":"Entre el martes 28 y el jueves 30 de enero","og_url":"https:\/\/vuce.gub.uy\/staging1500\/visita-delegacion-panama\/","og_site_name":"VUCE","article_published_time":"2020-02-14T17:22:45+00:00","og_image":[{"width":1024,"height":683,"url":"https:\/\/vuce.gub.uy\/staging1500\/wp-content\/uploads\/2020\/02\/foto-delegacion-panama-1024x683.jpg","type":"image\/jpeg"}],"author":"VUCE","twitter_card":"summary_large_image","twitter_misc":{"Escrito por":"VUCE","Tiempo de lectura":"1 minuto"},"schema":{"@context":"https:\/\/schema.org","@graph":[{"@type":"WebPage","@id":"https:\/\/vuce.gub.uy\/staging1500\/visita-delegacion-panama\/","url":"https:\/\/vuce.gub.uy\/staging1500\/visita-delegacion-panama\/","name":"Delegaci\u00f3n de Panam\u00e1 visit\u00f3 Uruguay para conocer la implementaci\u00f3n de VUCE y el sistema LUCIA de Aduanas - VUCE","isPartOf":{"@id":"https:\/\/vuce.gub.uy\/staging1500\/#website"},"datePublished":"2020-02-14T17:22:45+00:00","dateModified":"2020-02-14T17:22:45+00:00","author":{"@id":"https:\/\/vuce.gub.uy\/staging1500\/#\/schema\/person\/cf086f5cfec1a574774c2058058eeacf"},"breadcrumb":{"@id":"https:\/\/vuce.gub.uy\/staging1500\/visita-delegacion-panama\/#breadcrumb"},"inLanguage":"es-AR","potentialAction":[{"@type":"ReadAction","target":["https:\/\/vuce.gub.uy\/staging1500\/visita-delegacion-panama\/"]}]},{"@type":"BreadcrumbList","@id":"https:\/\/vuce.gub.uy\/staging1500\/visita-delegacion-panama\/#breadcrumb","itemListElement":[{"@type":"ListItem","position":1,"name":"Inicio","item":"https:\/\/vuce.gub.uy\/staging1500\/"},{"@type":"ListItem","position":2,"name":"Delegaci\u00f3n de Panam\u00e1 visit\u00f3 Uruguay para conocer la implementaci\u00f3n de VUCE y el sistema LUCIA de Aduanas"}]},{"@type":"WebSite","@id":"https:\/\/vuce.gub.uy\/staging1500\/#website","url":"https:\/\/vuce.gub.uy\/staging1500\/","name":"VUCE","description":"","potentialAction":[{"@type":"SearchAction","target":{"@type":"EntryPoint","urlTemplate":"https:\/\/vuce.gub.uy\/staging1500\/?s={search_term_string}"},"query-input":"required name=search_term_string"}],"inLanguage":"es-AR"},{"@type":"Person","@id":"https:\/\/vuce.gub.uy\/staging1500\/#\/schema\/person\/cf086f5cfec1a574774c2058058eeacf","name":"VUCE","url":"https:\/\/vuce.gub.uy\/staging1500\/author\/vuceadmin\/"}]}},"_links":{"self":[{"href":"https:\/\/vuce.gub.uy\/staging1500\/wp-json\/wp\/v2\/posts\/6775"}],"collection":[{"href":"https:\/\/vuce.gub.uy\/staging1500\/wp-json\/wp\/v2\/posts"}],"about":[{"href":"https:\/\/vuce.gub.uy\/staging1500\/wp-json\/wp\/v2\/types\/post"}],"author":[{"embeddable":true,"href":"https:\/\/vuce.gub.uy\/staging1500\/wp-json\/wp\/v2\/users\/2"}],"replies":[{"embeddable":true,"href":"https:\/\/vuce.gub.uy\/staging1500\/wp-json\/wp\/v2\/comments?post=6775"}],"version-history":[{"count":1,"href":"https:\/\/vuce.gub.uy\/staging1500\/wp-json\/wp\/v2\/posts\/6775\/revisions"}],"predecessor-version":[{"id":6777,"href":"https:\/\/vuce.gub.uy\/staging1500\/wp-json\/wp\/v2\/posts\/6775\/revisions\/6777"}],"wp:featuredmedia":[{"embeddable":true,"href":"https:\/\/vuce.gub.uy\/staging1500\/wp-json\/wp\/v2\/media\/6776"}],"wp:attachment":[{"href":"https:\/\/vuce.gub.uy\/staging1500\/wp-json\/wp\/v2\/media?parent=6775"}],"wp:term":[{"taxonomy":"category","embeddable":true,"href":"https:\/\/vuce.gub.uy\/staging1500\/wp-json\/wp\/v2\/categories?post=6775"},{"taxonomy":"post_tag","embeddable":true,"href":"https:\/\/vuce.gub.uy\/staging1500\/wp-json\/wp\/v2\/tags?post=6775"}],"curies":[{"name":"wp","href":"https:\/\/api.w.org\/{rel}","templated":true}]}}