{"id":6811,"date":"2020-03-16T16:17:24","date_gmt":"2020-03-16T16:17:24","guid":{"rendered":"http:\/\/vuce.gub.uy\/staging1500\/?p=6811"},"modified":"2020-03-17T16:26:23","modified_gmt":"2020-03-17T16:26:23","slug":"medidas-covid-19","status":"publish","type":"post","link":"https:\/\/vuce.gub.uy\/staging1500\/medidas-covid-19\/","title":{"rendered":"VUCE establece modalidad de trabajo remoto y protocolo de cuidado y prevenci\u00f3n ante el COVID_19"},"content":{"rendered":"<p>Estimados clientes,<\/p>\n<p>Informamos que, en l\u00ednea con las disposiciones de emergencia sanitaria de nuestras autoridades, el equipo de trabajo de VUCE se encontrar\u00e1 bajo la modalidad de trabajo remoto, hasta el d\u00eda 27 de marzo.<\/p>\n<p>&nbsp;<\/p>\n<p>Esta medida no afecta el normal funcionamiento de la plataforma VUCE, la cual permanecer\u00e1 disponible de la manera habitual.<\/p>\n<p>&nbsp;<\/p>\n<p>Asimismo, continuaremos brindando asistencia a trav\u00e9s de nuestra v\u00eda telef\u00f3nica al 2916 6878 y mediante correo electr\u00f3nico, <a href=\"mailto:info@vuce.gub.uy\">info@vuce.gub.uy<\/a><\/p>\n<p>&nbsp;<\/p>\n<p>Dado que la realidad es cambiante, las medidas tomadas ser\u00e1n evaluadas constantemente en base a la situaci\u00f3n sanitaria y los lineamientos de las autoridades. Cualquier cambio ser\u00e1 comunicado por este medio.<\/p>\n<p>&nbsp;<\/p>\n<p>Lamentamos las molestias que esto pueda ocasionarles.<\/p>\n<p>&nbsp;<\/p>\n<p>Atentamente,<\/p>\n<p>&nbsp;<\/p>\n<p>VUCE<\/p>\n<p>&nbsp;<\/p>\n<p><strong>Recursos:<\/strong><\/p>\n<p><a href=\"http:\/\/vuce.gub.uy\/staging1500\/comunicado-no-20_02\/\">Comunicado N\u00ba 2020_02 \u2013 VUCE<\/a><\/p>\n","protected":false},"excerpt":{"rendered":"<p>Hasta el viernes 27\/03 inclusive<\/p>\n","protected":false},"author":2,"featured_media":5198,"comment_status":"closed","ping_status":"open","sticky":false,"template":"","format":"standard","meta":{"footnotes":""},"categories":[3],"tags":[],"yoast_head":"<!-- This site is optimized with the Yoast SEO plugin v21.5 - https:\/\/yoast.com\/wordpress\/plugins\/seo\/ -->\n<title>VUCE establece modalidad de trabajo remoto y protocolo de cuidado y prevenci\u00f3n ante el COVID_19 - VUCE<\/title>\n<meta name=\"robots\" content=\"index, follow, max-snippet:-1, max-image-preview:large, max-video-preview:-1\" \/>\n<link rel=\"canonical\" href=\"https:\/\/vuce.gub.uy\/staging1500\/medidas-covid-19\/\" \/>\n<meta property=\"og:locale\" content=\"es_ES\" \/>\n<meta property=\"og:type\" content=\"article\" \/>\n<meta property=\"og:title\" content=\"VUCE establece modalidad de trabajo remoto y protocolo de cuidado y prevenci\u00f3n ante el COVID_19 - VUCE\" \/>\n<meta property=\"og:description\" content=\"Hasta el viernes 27\/03 inclusive\" \/>\n<meta property=\"og:url\" content=\"https:\/\/vuce.gub.uy\/staging1500\/medidas-covid-19\/\" \/>\n<meta property=\"og:site_name\" content=\"VUCE\" \/>\n<meta property=\"article:published_time\" content=\"2020-03-16T16:17:24+00:00\" \/>\n<meta property=\"article:modified_time\" content=\"2020-03-17T16:26:23+00:00\" \/>\n<meta property=\"og:image\" content=\"https:\/\/vuce.gub.uy\/staging1500\/wp-content\/uploads\/2018\/08\/computer-data-display-577210-1024x678.jpg\" \/>\n\t<meta property=\"og:image:width\" content=\"1024\" \/>\n\t<meta property=\"og:image:height\" content=\"678\" \/>\n\t<meta property=\"og:image:type\" content=\"image\/jpeg\" \/>\n<meta name=\"author\" content=\"VUCE\" \/>\n<meta name=\"twitter:card\" content=\"summary_large_image\" \/>\n<meta name=\"twitter:label1\" content=\"Escrito por\" \/>\n\t<meta name=\"twitter:data1\" content=\"VUCE\" \/>\n\t<meta name=\"twitter:label2\" content=\"Tiempo de lectura\" \/>\n\t<meta name=\"twitter:data2\" content=\"1 minuto\" \/>\n<script type=\"application\/ld+json\" class=\"yoast-schema-graph\">{\"@context\":\"https:\/\/schema.org\",\"@graph\":[{\"@type\":\"WebPage\",\"@id\":\"https:\/\/vuce.gub.uy\/staging1500\/medidas-covid-19\/\",\"url\":\"https:\/\/vuce.gub.uy\/staging1500\/medidas-covid-19\/\",\"name\":\"VUCE establece modalidad de trabajo remoto y protocolo de cuidado y prevenci\u00f3n ante el COVID_19 - VUCE\",\"isPartOf\":{\"@id\":\"https:\/\/vuce.gub.uy\/staging1500\/#website\"},\"datePublished\":\"2020-03-16T16:17:24+00:00\",\"dateModified\":\"2020-03-17T16:26:23+00:00\",\"author\":{\"@id\":\"https:\/\/vuce.gub.uy\/staging1500\/#\/schema\/person\/cf086f5cfec1a574774c2058058eeacf\"},\"breadcrumb\":{\"@id\":\"https:\/\/vuce.gub.uy\/staging1500\/medidas-covid-19\/#breadcrumb\"},\"inLanguage\":\"es-AR\",\"potentialAction\":[{\"@type\":\"ReadAction\",\"target\":[\"https:\/\/vuce.gub.uy\/staging1500\/medidas-covid-19\/\"]}]},{\"@type\":\"BreadcrumbList\",\"@id\":\"https:\/\/vuce.gub.uy\/staging1500\/medidas-covid-19\/#breadcrumb\",\"itemListElement\":[{\"@type\":\"ListItem\",\"position\":1,\"name\":\"Inicio\",\"item\":\"https:\/\/vuce.gub.uy\/staging1500\/\"},{\"@type\":\"ListItem\",\"position\":2,\"name\":\"VUCE establece modalidad de trabajo remoto y protocolo de cuidado y prevenci\u00f3n ante el COVID_19\"}]},{\"@type\":\"WebSite\",\"@id\":\"https:\/\/vuce.gub.uy\/staging1500\/#website\",\"url\":\"https:\/\/vuce.gub.uy\/staging1500\/\",\"name\":\"VUCE\",\"description\":\"\",\"potentialAction\":[{\"@type\":\"SearchAction\",\"target\":{\"@type\":\"EntryPoint\",\"urlTemplate\":\"https:\/\/vuce.gub.uy\/staging1500\/?s={search_term_string}\"},\"query-input\":\"required name=search_term_string\"}],\"inLanguage\":\"es-AR\"},{\"@type\":\"Person\",\"@id\":\"https:\/\/vuce.gub.uy\/staging1500\/#\/schema\/person\/cf086f5cfec1a574774c2058058eeacf\",\"name\":\"VUCE\",\"url\":\"https:\/\/vuce.gub.uy\/staging1500\/author\/vuceadmin\/\"}]}<\/script>\n<!-- \/ Yoast SEO plugin. -->","yoast_head_json":{"title":"VUCE establece modalidad de trabajo remoto y protocolo de cuidado y prevenci\u00f3n ante el COVID_19 - VUCE","robots":{"index":"index","follow":"follow","max-snippet":"max-snippet:-1","max-image-preview":"max-image-preview:large","max-video-preview":"max-video-preview:-1"},"canonical":"https:\/\/vuce.gub.uy\/staging1500\/medidas-covid-19\/","og_locale":"es_ES","og_type":"article","og_title":"VUCE establece modalidad de trabajo remoto y protocolo de cuidado y prevenci\u00f3n ante el COVID_19 - VUCE","og_description":"Hasta el viernes 27\/03 inclusive","og_url":"https:\/\/vuce.gub.uy\/staging1500\/medidas-covid-19\/","og_site_name":"VUCE","article_published_time":"2020-03-16T16:17:24+00:00","article_modified_time":"2020-03-17T16:26:23+00:00","og_image":[{"width":1024,"height":678,"url":"https:\/\/vuce.gub.uy\/staging1500\/wp-content\/uploads\/2018\/08\/computer-data-display-577210-1024x678.jpg","type":"image\/jpeg"}],"author":"VUCE","twitter_card":"summary_large_image","twitter_misc":{"Escrito por":"VUCE","Tiempo de lectura":"1 minuto"},"schema":{"@context":"https:\/\/schema.org","@graph":[{"@type":"WebPage","@id":"https:\/\/vuce.gub.uy\/staging1500\/medidas-covid-19\/","url":"https:\/\/vuce.gub.uy\/staging1500\/medidas-covid-19\/","name":"VUCE establece modalidad de trabajo remoto y protocolo de cuidado y prevenci\u00f3n ante el COVID_19 - VUCE","isPartOf":{"@id":"https:\/\/vuce.gub.uy\/staging1500\/#website"},"datePublished":"2020-03-16T16:17:24+00:00","dateModified":"2020-03-17T16:26:23+00:00","author":{"@id":"https:\/\/vuce.gub.uy\/staging1500\/#\/schema\/person\/cf086f5cfec1a574774c2058058eeacf"},"breadcrumb":{"@id":"https:\/\/vuce.gub.uy\/staging1500\/medidas-covid-19\/#breadcrumb"},"inLanguage":"es-AR","potentialAction":[{"@type":"ReadAction","target":["https:\/\/vuce.gub.uy\/staging1500\/medidas-covid-19\/"]}]},{"@type":"BreadcrumbList","@id":"https:\/\/vuce.gub.uy\/staging1500\/medidas-covid-19\/#breadcrumb","itemListElement":[{"@type":"ListItem","position":1,"name":"Inicio","item":"https:\/\/vuce.gub.uy\/staging1500\/"},{"@type":"ListItem","position":2,"name":"VUCE establece modalidad de trabajo remoto y protocolo de cuidado y prevenci\u00f3n ante el COVID_19"}]},{"@type":"WebSite","@id":"https:\/\/vuce.gub.uy\/staging1500\/#website","url":"https:\/\/vuce.gub.uy\/staging1500\/","name":"VUCE","description":"","potentialAction":[{"@type":"SearchAction","target":{"@type":"EntryPoint","urlTemplate":"https:\/\/vuce.gub.uy\/staging1500\/?s={search_term_string}"},"query-input":"required name=search_term_string"}],"inLanguage":"es-AR"},{"@type":"Person","@id":"https:\/\/vuce.gub.uy\/staging1500\/#\/schema\/person\/cf086f5cfec1a574774c2058058eeacf","name":"VUCE","url":"https:\/\/vuce.gub.uy\/staging1500\/author\/vuceadmin\/"}]}},"_links":{"self":[{"href":"https:\/\/vuce.gub.uy\/staging1500\/wp-json\/wp\/v2\/posts\/6811"}],"collection":[{"href":"https:\/\/vuce.gub.uy\/staging1500\/wp-json\/wp\/v2\/posts"}],"about":[{"href":"https:\/\/vuce.gub.uy\/staging1500\/wp-json\/wp\/v2\/types\/post"}],"author":[{"embeddable":true,"href":"https:\/\/vuce.gub.uy\/staging1500\/wp-json\/wp\/v2\/users\/2"}],"replies":[{"embeddable":true,"href":"https:\/\/vuce.gub.uy\/staging1500\/wp-json\/wp\/v2\/comments?post=6811"}],"version-history":[{"count":1,"href":"https:\/\/vuce.gub.uy\/staging1500\/wp-json\/wp\/v2\/posts\/6811\/revisions"}],"predecessor-version":[{"id":6812,"href":"https:\/\/vuce.gub.uy\/staging1500\/wp-json\/wp\/v2\/posts\/6811\/revisions\/6812"}],"wp:featuredmedia":[{"embeddable":true,"href":"https:\/\/vuce.gub.uy\/staging1500\/wp-json\/wp\/v2\/media\/5198"}],"wp:attachment":[{"href":"https:\/\/vuce.gub.uy\/staging1500\/wp-json\/wp\/v2\/media?parent=6811"}],"wp:term":[{"taxonomy":"category","embeddable":true,"href":"https:\/\/vuce.gub.uy\/staging1500\/wp-json\/wp\/v2\/categories?post=6811"},{"taxonomy":"post_tag","embeddable":true,"href":"https:\/\/vuce.gub.uy\/staging1500\/wp-json\/wp\/v2\/tags?post=6811"}],"curies":[{"name":"wp","href":"https:\/\/api.w.org\/{rel}","templated":true}]}}