{"id":690,"date":"2013-09-18T16:11:37","date_gmt":"2013-09-18T16:11:37","guid":{"rendered":"http:\/\/vuce.gub.uy\/staging1500\/?p=690"},"modified":"2013-09-18T16:11:37","modified_gmt":"2013-09-18T16:11:37","slug":"cuarto-evento-del-ciclo-de-charlas","status":"publish","type":"post","link":"https:\/\/vuce.gub.uy\/staging1500\/cuarto-evento-del-ciclo-de-charlas\/","title":{"rendered":"Cuarto Evento del Ciclo de Charlas"},"content":{"rendered":"<p>Se realiz\u00f3 el cuarto evento del ciclo de charlas de VUCE con el objetivo de difundir y dar a conocer los detalles de la puesta en funcionamiento de la Ventanilla \u00danica de Comercio Exterior prevista para este a\u00f1o.<br \/>\nDado que la normativa que regular\u00e1 la VUCE, prev\u00e9 su funcionamiento en el Instituto Uruguay XXI, la charla se realiz\u00f3 para todos los funcionarios de dicho Instituto. <\/p>\n<p>Se trat\u00f3 de una instancia de intercambio donde se presentaron aspectos generales del proyecto, los cambios normativos realizados, los lineamientos esperados para su funcionamiento y el plan de acci\u00f3n previsto para este a\u00f1o, destac\u00e1ndose la importancia para el pa\u00eds de un proyecto que prev\u00e9 centralizar todos los tr\u00e1mites de comercio exterior en un \u00fanico portal de acceso.<\/p>\n","protected":false},"excerpt":{"rendered":"<p>Se realiz\u00f3 el cuarto evento del ciclo de charlas de VUCE con el objetivo de difundir y dar a conocer los detalles de la puesta en funcionamiento de la Ventanilla \u00danica de Comercio Exterior prevista para este a\u00f1o.<\/p>\n","protected":false},"author":1,"featured_media":691,"comment_status":"closed","ping_status":"open","sticky":false,"template":"","format":"standard","meta":{"footnotes":""},"categories":[3],"tags":[],"yoast_head":"<!-- This site is optimized with the Yoast SEO plugin v21.5 - https:\/\/yoast.com\/wordpress\/plugins\/seo\/ -->\n<title>Cuarto Evento del Ciclo de Charlas - VUCE<\/title>\n<meta name=\"robots\" content=\"index, follow, max-snippet:-1, max-image-preview:large, max-video-preview:-1\" \/>\n<link rel=\"canonical\" href=\"https:\/\/vuce.gub.uy\/staging1500\/cuarto-evento-del-ciclo-de-charlas\/\" \/>\n<meta property=\"og:locale\" content=\"es_ES\" \/>\n<meta property=\"og:type\" content=\"article\" \/>\n<meta property=\"og:title\" content=\"Cuarto Evento del Ciclo de Charlas - VUCE\" \/>\n<meta property=\"og:description\" content=\"Se realiz\u00f3 el cuarto evento del ciclo de charlas de VUCE con el objetivo de difundir y dar a conocer los detalles de la puesta en funcionamiento de la Ventanilla \u00danica de Comercio Exterior prevista para este a\u00f1o.\" \/>\n<meta property=\"og:url\" content=\"https:\/\/vuce.gub.uy\/staging1500\/cuarto-evento-del-ciclo-de-charlas\/\" \/>\n<meta property=\"og:site_name\" content=\"VUCE\" \/>\n<meta property=\"article:published_time\" content=\"2013-09-18T16:11:37+00:00\" \/>\n<meta property=\"og:image\" content=\"https:\/\/vuce.gub.uy\/staging1500\/wp-content\/uploads\/2013\/09\/DSCN0115-1024x768.jpg\" \/>\n\t<meta property=\"og:image:width\" content=\"1024\" \/>\n\t<meta property=\"og:image:height\" content=\"768\" \/>\n\t<meta property=\"og:image:type\" content=\"image\/jpeg\" \/>\n<meta name=\"author\" content=\"vuce\" \/>\n<meta name=\"twitter:card\" content=\"summary_large_image\" \/>\n<meta name=\"twitter:label1\" content=\"Escrito por\" \/>\n\t<meta name=\"twitter:data1\" content=\"vuce\" \/>\n\t<meta name=\"twitter:label2\" content=\"Tiempo de lectura\" \/>\n\t<meta name=\"twitter:data2\" content=\"1 minuto\" \/>\n<script type=\"application\/ld+json\" class=\"yoast-schema-graph\">{\"@context\":\"https:\/\/schema.org\",\"@graph\":[{\"@type\":\"WebPage\",\"@id\":\"https:\/\/vuce.gub.uy\/staging1500\/cuarto-evento-del-ciclo-de-charlas\/\",\"url\":\"https:\/\/vuce.gub.uy\/staging1500\/cuarto-evento-del-ciclo-de-charlas\/\",\"name\":\"Cuarto Evento del Ciclo de Charlas - VUCE\",\"isPartOf\":{\"@id\":\"https:\/\/vuce.gub.uy\/staging1500\/#website\"},\"datePublished\":\"2013-09-18T16:11:37+00:00\",\"dateModified\":\"2013-09-18T16:11:37+00:00\",\"author\":{\"@id\":\"https:\/\/vuce.gub.uy\/staging1500\/#\/schema\/person\/8328845af156cc1910f16419d63591a6\"},\"breadcrumb\":{\"@id\":\"https:\/\/vuce.gub.uy\/staging1500\/cuarto-evento-del-ciclo-de-charlas\/#breadcrumb\"},\"inLanguage\":\"es-AR\",\"potentialAction\":[{\"@type\":\"ReadAction\",\"target\":[\"https:\/\/vuce.gub.uy\/staging1500\/cuarto-evento-del-ciclo-de-charlas\/\"]}]},{\"@type\":\"BreadcrumbList\",\"@id\":\"https:\/\/vuce.gub.uy\/staging1500\/cuarto-evento-del-ciclo-de-charlas\/#breadcrumb\",\"itemListElement\":[{\"@type\":\"ListItem\",\"position\":1,\"name\":\"Inicio\",\"item\":\"https:\/\/vuce.gub.uy\/staging1500\/\"},{\"@type\":\"ListItem\",\"position\":2,\"name\":\"Cuarto Evento del Ciclo de Charlas\"}]},{\"@type\":\"WebSite\",\"@id\":\"https:\/\/vuce.gub.uy\/staging1500\/#website\",\"url\":\"https:\/\/vuce.gub.uy\/staging1500\/\",\"name\":\"VUCE\",\"description\":\"\",\"potentialAction\":[{\"@type\":\"SearchAction\",\"target\":{\"@type\":\"EntryPoint\",\"urlTemplate\":\"https:\/\/vuce.gub.uy\/staging1500\/?s={search_term_string}\"},\"query-input\":\"required name=search_term_string\"}],\"inLanguage\":\"es-AR\"},{\"@type\":\"Person\",\"@id\":\"https:\/\/vuce.gub.uy\/staging1500\/#\/schema\/person\/8328845af156cc1910f16419d63591a6\",\"name\":\"vuce\",\"url\":\"https:\/\/vuce.gub.uy\/staging1500\/author\/vuce\/\"}]}<\/script>\n<!-- \/ Yoast SEO plugin. -->","yoast_head_json":{"title":"Cuarto Evento del Ciclo de Charlas - VUCE","robots":{"index":"index","follow":"follow","max-snippet":"max-snippet:-1","max-image-preview":"max-image-preview:large","max-video-preview":"max-video-preview:-1"},"canonical":"https:\/\/vuce.gub.uy\/staging1500\/cuarto-evento-del-ciclo-de-charlas\/","og_locale":"es_ES","og_type":"article","og_title":"Cuarto Evento del Ciclo de Charlas - VUCE","og_description":"Se realiz\u00f3 el cuarto evento del ciclo de charlas de VUCE con el objetivo de difundir y dar a conocer los detalles de la puesta en funcionamiento de la Ventanilla \u00danica de Comercio Exterior prevista para este a\u00f1o.","og_url":"https:\/\/vuce.gub.uy\/staging1500\/cuarto-evento-del-ciclo-de-charlas\/","og_site_name":"VUCE","article_published_time":"2013-09-18T16:11:37+00:00","og_image":[{"width":1024,"height":768,"url":"https:\/\/vuce.gub.uy\/staging1500\/wp-content\/uploads\/2013\/09\/DSCN0115-1024x768.jpg","type":"image\/jpeg"}],"author":"vuce","twitter_card":"summary_large_image","twitter_misc":{"Escrito por":"vuce","Tiempo de lectura":"1 minuto"},"schema":{"@context":"https:\/\/schema.org","@graph":[{"@type":"WebPage","@id":"https:\/\/vuce.gub.uy\/staging1500\/cuarto-evento-del-ciclo-de-charlas\/","url":"https:\/\/vuce.gub.uy\/staging1500\/cuarto-evento-del-ciclo-de-charlas\/","name":"Cuarto Evento del Ciclo de Charlas - VUCE","isPartOf":{"@id":"https:\/\/vuce.gub.uy\/staging1500\/#website"},"datePublished":"2013-09-18T16:11:37+00:00","dateModified":"2013-09-18T16:11:37+00:00","author":{"@id":"https:\/\/vuce.gub.uy\/staging1500\/#\/schema\/person\/8328845af156cc1910f16419d63591a6"},"breadcrumb":{"@id":"https:\/\/vuce.gub.uy\/staging1500\/cuarto-evento-del-ciclo-de-charlas\/#breadcrumb"},"inLanguage":"es-AR","potentialAction":[{"@type":"ReadAction","target":["https:\/\/vuce.gub.uy\/staging1500\/cuarto-evento-del-ciclo-de-charlas\/"]}]},{"@type":"BreadcrumbList","@id":"https:\/\/vuce.gub.uy\/staging1500\/cuarto-evento-del-ciclo-de-charlas\/#breadcrumb","itemListElement":[{"@type":"ListItem","position":1,"name":"Inicio","item":"https:\/\/vuce.gub.uy\/staging1500\/"},{"@type":"ListItem","position":2,"name":"Cuarto Evento del Ciclo de Charlas"}]},{"@type":"WebSite","@id":"https:\/\/vuce.gub.uy\/staging1500\/#website","url":"https:\/\/vuce.gub.uy\/staging1500\/","name":"VUCE","description":"","potentialAction":[{"@type":"SearchAction","target":{"@type":"EntryPoint","urlTemplate":"https:\/\/vuce.gub.uy\/staging1500\/?s={search_term_string}"},"query-input":"required name=search_term_string"}],"inLanguage":"es-AR"},{"@type":"Person","@id":"https:\/\/vuce.gub.uy\/staging1500\/#\/schema\/person\/8328845af156cc1910f16419d63591a6","name":"vuce","url":"https:\/\/vuce.gub.uy\/staging1500\/author\/vuce\/"}]}},"_links":{"self":[{"href":"https:\/\/vuce.gub.uy\/staging1500\/wp-json\/wp\/v2\/posts\/690"}],"collection":[{"href":"https:\/\/vuce.gub.uy\/staging1500\/wp-json\/wp\/v2\/posts"}],"about":[{"href":"https:\/\/vuce.gub.uy\/staging1500\/wp-json\/wp\/v2\/types\/post"}],"author":[{"embeddable":true,"href":"https:\/\/vuce.gub.uy\/staging1500\/wp-json\/wp\/v2\/users\/1"}],"replies":[{"embeddable":true,"href":"https:\/\/vuce.gub.uy\/staging1500\/wp-json\/wp\/v2\/comments?post=690"}],"version-history":[{"count":0,"href":"https:\/\/vuce.gub.uy\/staging1500\/wp-json\/wp\/v2\/posts\/690\/revisions"}],"wp:featuredmedia":[{"embeddable":true,"href":"https:\/\/vuce.gub.uy\/staging1500\/wp-json\/wp\/v2\/media\/691"}],"wp:attachment":[{"href":"https:\/\/vuce.gub.uy\/staging1500\/wp-json\/wp\/v2\/media?parent=690"}],"wp:term":[{"taxonomy":"category","embeddable":true,"href":"https:\/\/vuce.gub.uy\/staging1500\/wp-json\/wp\/v2\/categories?post=690"},{"taxonomy":"post_tag","embeddable":true,"href":"https:\/\/vuce.gub.uy\/staging1500\/wp-json\/wp\/v2\/tags?post=690"}],"curies":[{"name":"wp","href":"https:\/\/api.w.org\/{rel}","templated":true}]}}