{"id":715,"date":"2013-08-28T13:11:59","date_gmt":"2013-08-28T13:11:59","guid":{"rendered":"http:\/\/vuce.gub.uy\/staging1500\/?p=715"},"modified":"2013-08-28T13:11:59","modified_gmt":"2013-08-28T13:11:59","slug":"firma-de-memorandum-uruguay-estados-unidos","status":"publish","type":"post","link":"https:\/\/vuce.gub.uy\/staging1500\/firma-de-memorandum-uruguay-estados-unidos\/","title":{"rendered":"Firma de Memorandum Uruguay \u2013 Estados Unidos"},"content":{"rendered":"<p>El pasado 27 de agosto de 2013 miembros de la VUCE asistieron a la firma del memorando de facilitaci\u00f3n de comercio exterior firmado entre Uruguay y Estados Unidos. El evento se realiz\u00f3 en la residencia de la Embajadora Julyssa Reynoso luego de una concurrida recepci\u00f3n.<\/p>\n<p>El mismo fue suscripto por el Ministro de Econom\u00eda y Finanzas Ec. Fernando Lorenzo, el Director Nacional de Aduanas, Cr. Enrique Canon, y el Subsecretario de Comercio Internacional del Departamento de Comercio de los Estados Unidos Francisco S\u00e1nchez.<\/p>\n<p>S\u00e1nchez recalc\u00f3 que esta firma marcaba la integraci\u00f3n de nuestro pa\u00eds a un programa que se est\u00e1 llevando adelante con varios pa\u00edses de Latinoam\u00e9rica en pos de mejoras y simplificaci\u00f3n del comercio con los Estado Unidos.<br \/>\nEn este sentido, manifest\u00f3 que a trav\u00e9s de este programa se impulsar\u00e1n las buenas pr\u00e1cticas, el di\u00e1logo p\u00fablico-privado y ciertos proyectos estrat\u00e9gicos para la facilitaci\u00f3n como la Ventanilla \u00danica de Comercio Exterior.<\/p>\n","protected":false},"excerpt":{"rendered":"<p>El pasado 27 de agosto de 2013 miembros de la VUCE asistieron a la firma del memorando de facilitaci\u00f3n de comercio exterior firmado entre Uruguay y Estados Unidos.<\/p>\n","protected":false},"author":1,"featured_media":716,"comment_status":"closed","ping_status":"open","sticky":false,"template":"","format":"standard","meta":{"footnotes":""},"categories":[3],"tags":[],"yoast_head":"<!-- This site is optimized with the Yoast SEO plugin v21.5 - https:\/\/yoast.com\/wordpress\/plugins\/seo\/ -->\n<title>Firma de Memorandum Uruguay \u2013 Estados Unidos<\/title>\n<meta name=\"description\" content=\"firma de Memorandum\" \/>\n<meta name=\"robots\" content=\"index, follow, max-snippet:-1, max-image-preview:large, max-video-preview:-1\" \/>\n<link rel=\"canonical\" href=\"https:\/\/vuce.gub.uy\/staging1500\/firma-de-memorandum-uruguay-estados-unidos\/\" \/>\n<meta property=\"og:locale\" content=\"es_ES\" \/>\n<meta property=\"og:type\" content=\"article\" \/>\n<meta property=\"og:title\" content=\"Firma de Memorandum Uruguay \u2013 Estados Unidos\" \/>\n<meta property=\"og:description\" content=\"firma de Memorandum\" \/>\n<meta property=\"og:url\" content=\"https:\/\/vuce.gub.uy\/staging1500\/firma-de-memorandum-uruguay-estados-unidos\/\" \/>\n<meta property=\"og:site_name\" content=\"VUCE\" \/>\n<meta property=\"article:published_time\" content=\"2013-08-28T13:11:59+00:00\" \/>\n<meta property=\"og:image\" content=\"https:\/\/vuce.gub.uy\/staging1500\/wp-content\/uploads\/2013\/09\/reynoso_sanchez_lorenzo_canon.jpg\" \/>\n\t<meta property=\"og:image:width\" content=\"500\" \/>\n\t<meta property=\"og:image:height\" content=\"350\" \/>\n\t<meta property=\"og:image:type\" content=\"image\/jpeg\" \/>\n<meta name=\"author\" content=\"vuce\" \/>\n<meta name=\"twitter:card\" content=\"summary_large_image\" \/>\n<meta name=\"twitter:label1\" content=\"Escrito por\" \/>\n\t<meta name=\"twitter:data1\" content=\"vuce\" \/>\n\t<meta name=\"twitter:label2\" content=\"Tiempo de lectura\" \/>\n\t<meta name=\"twitter:data2\" content=\"1 minuto\" \/>\n<script type=\"application\/ld+json\" class=\"yoast-schema-graph\">{\"@context\":\"https:\/\/schema.org\",\"@graph\":[{\"@type\":\"WebPage\",\"@id\":\"https:\/\/vuce.gub.uy\/staging1500\/firma-de-memorandum-uruguay-estados-unidos\/\",\"url\":\"https:\/\/vuce.gub.uy\/staging1500\/firma-de-memorandum-uruguay-estados-unidos\/\",\"name\":\"Firma de Memorandum Uruguay \u2013 Estados Unidos\",\"isPartOf\":{\"@id\":\"https:\/\/vuce.gub.uy\/staging1500\/#website\"},\"datePublished\":\"2013-08-28T13:11:59+00:00\",\"dateModified\":\"2013-08-28T13:11:59+00:00\",\"author\":{\"@id\":\"https:\/\/vuce.gub.uy\/staging1500\/#\/schema\/person\/8328845af156cc1910f16419d63591a6\"},\"description\":\"firma de Memorandum\",\"breadcrumb\":{\"@id\":\"https:\/\/vuce.gub.uy\/staging1500\/firma-de-memorandum-uruguay-estados-unidos\/#breadcrumb\"},\"inLanguage\":\"es-AR\",\"potentialAction\":[{\"@type\":\"ReadAction\",\"target\":[\"https:\/\/vuce.gub.uy\/staging1500\/firma-de-memorandum-uruguay-estados-unidos\/\"]}]},{\"@type\":\"BreadcrumbList\",\"@id\":\"https:\/\/vuce.gub.uy\/staging1500\/firma-de-memorandum-uruguay-estados-unidos\/#breadcrumb\",\"itemListElement\":[{\"@type\":\"ListItem\",\"position\":1,\"name\":\"Inicio\",\"item\":\"https:\/\/vuce.gub.uy\/staging1500\/\"},{\"@type\":\"ListItem\",\"position\":2,\"name\":\"Firma de Memorandum Uruguay \u2013 Estados Unidos\"}]},{\"@type\":\"WebSite\",\"@id\":\"https:\/\/vuce.gub.uy\/staging1500\/#website\",\"url\":\"https:\/\/vuce.gub.uy\/staging1500\/\",\"name\":\"VUCE\",\"description\":\"\",\"potentialAction\":[{\"@type\":\"SearchAction\",\"target\":{\"@type\":\"EntryPoint\",\"urlTemplate\":\"https:\/\/vuce.gub.uy\/staging1500\/?s={search_term_string}\"},\"query-input\":\"required name=search_term_string\"}],\"inLanguage\":\"es-AR\"},{\"@type\":\"Person\",\"@id\":\"https:\/\/vuce.gub.uy\/staging1500\/#\/schema\/person\/8328845af156cc1910f16419d63591a6\",\"name\":\"vuce\",\"url\":\"https:\/\/vuce.gub.uy\/staging1500\/author\/vuce\/\"}]}<\/script>\n<!-- \/ Yoast SEO plugin. -->","yoast_head_json":{"title":"Firma de Memorandum Uruguay \u2013 Estados Unidos","description":"firma de Memorandum","robots":{"index":"index","follow":"follow","max-snippet":"max-snippet:-1","max-image-preview":"max-image-preview:large","max-video-preview":"max-video-preview:-1"},"canonical":"https:\/\/vuce.gub.uy\/staging1500\/firma-de-memorandum-uruguay-estados-unidos\/","og_locale":"es_ES","og_type":"article","og_title":"Firma de Memorandum Uruguay \u2013 Estados Unidos","og_description":"firma de Memorandum","og_url":"https:\/\/vuce.gub.uy\/staging1500\/firma-de-memorandum-uruguay-estados-unidos\/","og_site_name":"VUCE","article_published_time":"2013-08-28T13:11:59+00:00","og_image":[{"width":500,"height":350,"url":"https:\/\/vuce.gub.uy\/staging1500\/wp-content\/uploads\/2013\/09\/reynoso_sanchez_lorenzo_canon.jpg","type":"image\/jpeg"}],"author":"vuce","twitter_card":"summary_large_image","twitter_misc":{"Escrito por":"vuce","Tiempo de lectura":"1 minuto"},"schema":{"@context":"https:\/\/schema.org","@graph":[{"@type":"WebPage","@id":"https:\/\/vuce.gub.uy\/staging1500\/firma-de-memorandum-uruguay-estados-unidos\/","url":"https:\/\/vuce.gub.uy\/staging1500\/firma-de-memorandum-uruguay-estados-unidos\/","name":"Firma de Memorandum Uruguay \u2013 Estados Unidos","isPartOf":{"@id":"https:\/\/vuce.gub.uy\/staging1500\/#website"},"datePublished":"2013-08-28T13:11:59+00:00","dateModified":"2013-08-28T13:11:59+00:00","author":{"@id":"https:\/\/vuce.gub.uy\/staging1500\/#\/schema\/person\/8328845af156cc1910f16419d63591a6"},"description":"firma de Memorandum","breadcrumb":{"@id":"https:\/\/vuce.gub.uy\/staging1500\/firma-de-memorandum-uruguay-estados-unidos\/#breadcrumb"},"inLanguage":"es-AR","potentialAction":[{"@type":"ReadAction","target":["https:\/\/vuce.gub.uy\/staging1500\/firma-de-memorandum-uruguay-estados-unidos\/"]}]},{"@type":"BreadcrumbList","@id":"https:\/\/vuce.gub.uy\/staging1500\/firma-de-memorandum-uruguay-estados-unidos\/#breadcrumb","itemListElement":[{"@type":"ListItem","position":1,"name":"Inicio","item":"https:\/\/vuce.gub.uy\/staging1500\/"},{"@type":"ListItem","position":2,"name":"Firma de Memorandum Uruguay \u2013 Estados Unidos"}]},{"@type":"WebSite","@id":"https:\/\/vuce.gub.uy\/staging1500\/#website","url":"https:\/\/vuce.gub.uy\/staging1500\/","name":"VUCE","description":"","potentialAction":[{"@type":"SearchAction","target":{"@type":"EntryPoint","urlTemplate":"https:\/\/vuce.gub.uy\/staging1500\/?s={search_term_string}"},"query-input":"required name=search_term_string"}],"inLanguage":"es-AR"},{"@type":"Person","@id":"https:\/\/vuce.gub.uy\/staging1500\/#\/schema\/person\/8328845af156cc1910f16419d63591a6","name":"vuce","url":"https:\/\/vuce.gub.uy\/staging1500\/author\/vuce\/"}]}},"_links":{"self":[{"href":"https:\/\/vuce.gub.uy\/staging1500\/wp-json\/wp\/v2\/posts\/715"}],"collection":[{"href":"https:\/\/vuce.gub.uy\/staging1500\/wp-json\/wp\/v2\/posts"}],"about":[{"href":"https:\/\/vuce.gub.uy\/staging1500\/wp-json\/wp\/v2\/types\/post"}],"author":[{"embeddable":true,"href":"https:\/\/vuce.gub.uy\/staging1500\/wp-json\/wp\/v2\/users\/1"}],"replies":[{"embeddable":true,"href":"https:\/\/vuce.gub.uy\/staging1500\/wp-json\/wp\/v2\/comments?post=715"}],"version-history":[{"count":0,"href":"https:\/\/vuce.gub.uy\/staging1500\/wp-json\/wp\/v2\/posts\/715\/revisions"}],"wp:featuredmedia":[{"embeddable":true,"href":"https:\/\/vuce.gub.uy\/staging1500\/wp-json\/wp\/v2\/media\/716"}],"wp:attachment":[{"href":"https:\/\/vuce.gub.uy\/staging1500\/wp-json\/wp\/v2\/media?parent=715"}],"wp:term":[{"taxonomy":"category","embeddable":true,"href":"https:\/\/vuce.gub.uy\/staging1500\/wp-json\/wp\/v2\/categories?post=715"},{"taxonomy":"post_tag","embeddable":true,"href":"https:\/\/vuce.gub.uy\/staging1500\/wp-json\/wp\/v2\/tags?post=715"}],"curies":[{"name":"wp","href":"https:\/\/api.w.org\/{rel}","templated":true}]}}