{"id":718,"date":"2013-07-27T14:10:46","date_gmt":"2013-07-27T14:10:46","guid":{"rendered":"http:\/\/vuce.gub.uy\/staging1500\/?p=718"},"modified":"2013-07-27T14:10:46","modified_gmt":"2013-07-27T14:10:46","slug":"ciclo-de-conferencias-del-instituto-nacional-de-logistica","status":"publish","type":"post","link":"https:\/\/vuce.gub.uy\/staging1500\/ciclo-de-conferencias-del-instituto-nacional-de-logistica\/","title":{"rendered":"Ciclo de Conferencias del Instituto Nacional de Log\u00edstica"},"content":{"rendered":"<p>El martes 23 de julio del corriente a\u00f1o, el equipo VUCE asisti\u00f3 al segundo evento del ciclo de conferencias realizado por el Instituto Nacional de Log\u00edstica en el Hotel Radisson Montevideo.<br \/>\nEn esta oportunidad se disert\u00f3 sobre el negocio log\u00edstico, los desaf\u00edos en nuestro pa\u00eds y la visi\u00f3n del Uruguay Log\u00edstico.<br \/>\nLas presentaciones estuvieron a cargo de Bruno Gili de CPA Ferrere, Carlos Esteneri y Pablo Rosselli de Deloitte.<\/p>\n","protected":false},"excerpt":{"rendered":"<p>El martes 23 de julio del corriente a\u00f1o, el equipo VUCE asisti\u00f3 al segundo evento del ciclo de conferencias realizado por el Instituto Nacional de Log\u00edstica en el Hotel Radisson Montevideo. <\/p>\n","protected":false},"author":1,"featured_media":719,"comment_status":"closed","ping_status":"open","sticky":false,"template":"","format":"standard","meta":{"footnotes":""},"categories":[3],"tags":[],"yoast_head":"<!-- This site is optimized with the Yoast SEO plugin v21.5 - https:\/\/yoast.com\/wordpress\/plugins\/seo\/ -->\n<title>Ciclo de Conferencias del Instituto Nacional de Log\u00edstica - VUCE<\/title>\n<meta name=\"description\" content=\"Conferencias del Instituto Nacional de Log\u00edstica\" \/>\n<meta name=\"robots\" content=\"index, follow, max-snippet:-1, max-image-preview:large, max-video-preview:-1\" \/>\n<link rel=\"canonical\" href=\"https:\/\/vuce.gub.uy\/staging1500\/ciclo-de-conferencias-del-instituto-nacional-de-logistica\/\" \/>\n<meta property=\"og:locale\" content=\"es_ES\" \/>\n<meta property=\"og:type\" content=\"article\" \/>\n<meta property=\"og:title\" content=\"Ciclo de Conferencias del Instituto Nacional de Log\u00edstica - VUCE\" \/>\n<meta property=\"og:description\" content=\"Conferencias del Instituto Nacional de Log\u00edstica\" \/>\n<meta property=\"og:url\" content=\"https:\/\/vuce.gub.uy\/staging1500\/ciclo-de-conferencias-del-instituto-nacional-de-logistica\/\" \/>\n<meta property=\"og:site_name\" content=\"VUCE\" \/>\n<meta property=\"article:published_time\" content=\"2013-07-27T14:10:46+00:00\" \/>\n<meta property=\"og:image\" content=\"https:\/\/vuce.gub.uy\/staging1500\/wp-content\/uploads\/2013\/09\/inalog-2a-charla.jpg\" \/>\n\t<meta property=\"og:image:width\" content=\"640\" \/>\n\t<meta property=\"og:image:height\" content=\"480\" \/>\n\t<meta property=\"og:image:type\" content=\"image\/jpeg\" \/>\n<meta name=\"author\" content=\"vuce\" \/>\n<meta name=\"twitter:card\" content=\"summary_large_image\" \/>\n<meta name=\"twitter:label1\" content=\"Escrito por\" \/>\n\t<meta name=\"twitter:data1\" content=\"vuce\" \/>\n<script type=\"application\/ld+json\" class=\"yoast-schema-graph\">{\"@context\":\"https:\/\/schema.org\",\"@graph\":[{\"@type\":\"WebPage\",\"@id\":\"https:\/\/vuce.gub.uy\/staging1500\/ciclo-de-conferencias-del-instituto-nacional-de-logistica\/\",\"url\":\"https:\/\/vuce.gub.uy\/staging1500\/ciclo-de-conferencias-del-instituto-nacional-de-logistica\/\",\"name\":\"Ciclo de Conferencias del Instituto Nacional de Log\u00edstica - VUCE\",\"isPartOf\":{\"@id\":\"https:\/\/vuce.gub.uy\/staging1500\/#website\"},\"datePublished\":\"2013-07-27T14:10:46+00:00\",\"dateModified\":\"2013-07-27T14:10:46+00:00\",\"author\":{\"@id\":\"https:\/\/vuce.gub.uy\/staging1500\/#\/schema\/person\/8328845af156cc1910f16419d63591a6\"},\"description\":\"Conferencias del Instituto Nacional de Log\u00edstica\",\"breadcrumb\":{\"@id\":\"https:\/\/vuce.gub.uy\/staging1500\/ciclo-de-conferencias-del-instituto-nacional-de-logistica\/#breadcrumb\"},\"inLanguage\":\"es-AR\",\"potentialAction\":[{\"@type\":\"ReadAction\",\"target\":[\"https:\/\/vuce.gub.uy\/staging1500\/ciclo-de-conferencias-del-instituto-nacional-de-logistica\/\"]}]},{\"@type\":\"BreadcrumbList\",\"@id\":\"https:\/\/vuce.gub.uy\/staging1500\/ciclo-de-conferencias-del-instituto-nacional-de-logistica\/#breadcrumb\",\"itemListElement\":[{\"@type\":\"ListItem\",\"position\":1,\"name\":\"Inicio\",\"item\":\"https:\/\/vuce.gub.uy\/staging1500\/\"},{\"@type\":\"ListItem\",\"position\":2,\"name\":\"Ciclo de Conferencias del Instituto Nacional de Log\u00edstica\"}]},{\"@type\":\"WebSite\",\"@id\":\"https:\/\/vuce.gub.uy\/staging1500\/#website\",\"url\":\"https:\/\/vuce.gub.uy\/staging1500\/\",\"name\":\"VUCE\",\"description\":\"\",\"potentialAction\":[{\"@type\":\"SearchAction\",\"target\":{\"@type\":\"EntryPoint\",\"urlTemplate\":\"https:\/\/vuce.gub.uy\/staging1500\/?s={search_term_string}\"},\"query-input\":\"required name=search_term_string\"}],\"inLanguage\":\"es-AR\"},{\"@type\":\"Person\",\"@id\":\"https:\/\/vuce.gub.uy\/staging1500\/#\/schema\/person\/8328845af156cc1910f16419d63591a6\",\"name\":\"vuce\",\"url\":\"https:\/\/vuce.gub.uy\/staging1500\/author\/vuce\/\"}]}<\/script>\n<!-- \/ Yoast SEO plugin. -->","yoast_head_json":{"title":"Ciclo de Conferencias del Instituto Nacional de Log\u00edstica - VUCE","description":"Conferencias del Instituto Nacional de Log\u00edstica","robots":{"index":"index","follow":"follow","max-snippet":"max-snippet:-1","max-image-preview":"max-image-preview:large","max-video-preview":"max-video-preview:-1"},"canonical":"https:\/\/vuce.gub.uy\/staging1500\/ciclo-de-conferencias-del-instituto-nacional-de-logistica\/","og_locale":"es_ES","og_type":"article","og_title":"Ciclo de Conferencias del Instituto Nacional de Log\u00edstica - VUCE","og_description":"Conferencias del Instituto Nacional de Log\u00edstica","og_url":"https:\/\/vuce.gub.uy\/staging1500\/ciclo-de-conferencias-del-instituto-nacional-de-logistica\/","og_site_name":"VUCE","article_published_time":"2013-07-27T14:10:46+00:00","og_image":[{"width":640,"height":480,"url":"https:\/\/vuce.gub.uy\/staging1500\/wp-content\/uploads\/2013\/09\/inalog-2a-charla.jpg","type":"image\/jpeg"}],"author":"vuce","twitter_card":"summary_large_image","twitter_misc":{"Escrito por":"vuce"},"schema":{"@context":"https:\/\/schema.org","@graph":[{"@type":"WebPage","@id":"https:\/\/vuce.gub.uy\/staging1500\/ciclo-de-conferencias-del-instituto-nacional-de-logistica\/","url":"https:\/\/vuce.gub.uy\/staging1500\/ciclo-de-conferencias-del-instituto-nacional-de-logistica\/","name":"Ciclo de Conferencias del Instituto Nacional de Log\u00edstica - VUCE","isPartOf":{"@id":"https:\/\/vuce.gub.uy\/staging1500\/#website"},"datePublished":"2013-07-27T14:10:46+00:00","dateModified":"2013-07-27T14:10:46+00:00","author":{"@id":"https:\/\/vuce.gub.uy\/staging1500\/#\/schema\/person\/8328845af156cc1910f16419d63591a6"},"description":"Conferencias del Instituto Nacional de Log\u00edstica","breadcrumb":{"@id":"https:\/\/vuce.gub.uy\/staging1500\/ciclo-de-conferencias-del-instituto-nacional-de-logistica\/#breadcrumb"},"inLanguage":"es-AR","potentialAction":[{"@type":"ReadAction","target":["https:\/\/vuce.gub.uy\/staging1500\/ciclo-de-conferencias-del-instituto-nacional-de-logistica\/"]}]},{"@type":"BreadcrumbList","@id":"https:\/\/vuce.gub.uy\/staging1500\/ciclo-de-conferencias-del-instituto-nacional-de-logistica\/#breadcrumb","itemListElement":[{"@type":"ListItem","position":1,"name":"Inicio","item":"https:\/\/vuce.gub.uy\/staging1500\/"},{"@type":"ListItem","position":2,"name":"Ciclo de Conferencias del Instituto Nacional de Log\u00edstica"}]},{"@type":"WebSite","@id":"https:\/\/vuce.gub.uy\/staging1500\/#website","url":"https:\/\/vuce.gub.uy\/staging1500\/","name":"VUCE","description":"","potentialAction":[{"@type":"SearchAction","target":{"@type":"EntryPoint","urlTemplate":"https:\/\/vuce.gub.uy\/staging1500\/?s={search_term_string}"},"query-input":"required name=search_term_string"}],"inLanguage":"es-AR"},{"@type":"Person","@id":"https:\/\/vuce.gub.uy\/staging1500\/#\/schema\/person\/8328845af156cc1910f16419d63591a6","name":"vuce","url":"https:\/\/vuce.gub.uy\/staging1500\/author\/vuce\/"}]}},"_links":{"self":[{"href":"https:\/\/vuce.gub.uy\/staging1500\/wp-json\/wp\/v2\/posts\/718"}],"collection":[{"href":"https:\/\/vuce.gub.uy\/staging1500\/wp-json\/wp\/v2\/posts"}],"about":[{"href":"https:\/\/vuce.gub.uy\/staging1500\/wp-json\/wp\/v2\/types\/post"}],"author":[{"embeddable":true,"href":"https:\/\/vuce.gub.uy\/staging1500\/wp-json\/wp\/v2\/users\/1"}],"replies":[{"embeddable":true,"href":"https:\/\/vuce.gub.uy\/staging1500\/wp-json\/wp\/v2\/comments?post=718"}],"version-history":[{"count":0,"href":"https:\/\/vuce.gub.uy\/staging1500\/wp-json\/wp\/v2\/posts\/718\/revisions"}],"wp:featuredmedia":[{"embeddable":true,"href":"https:\/\/vuce.gub.uy\/staging1500\/wp-json\/wp\/v2\/media\/719"}],"wp:attachment":[{"href":"https:\/\/vuce.gub.uy\/staging1500\/wp-json\/wp\/v2\/media?parent=718"}],"wp:term":[{"taxonomy":"category","embeddable":true,"href":"https:\/\/vuce.gub.uy\/staging1500\/wp-json\/wp\/v2\/categories?post=718"},{"taxonomy":"post_tag","embeddable":true,"href":"https:\/\/vuce.gub.uy\/staging1500\/wp-json\/wp\/v2\/tags?post=718"}],"curies":[{"name":"wp","href":"https:\/\/api.w.org\/{rel}","templated":true}]}}