{"id":723,"date":"2013-08-15T14:28:15","date_gmt":"2013-08-15T14:28:15","guid":{"rendered":"http:\/\/vuce.gub.uy\/staging1500\/?p=723"},"modified":"2013-08-15T14:28:15","modified_gmt":"2013-08-15T14:28:15","slug":"avances-en-la-red-internacional-de-ventanillas-unicas","status":"publish","type":"post","link":"https:\/\/vuce.gub.uy\/staging1500\/avances-en-la-red-internacional-de-ventanillas-unicas\/","title":{"rendered":"Avances en la Red Internacional de Ventanillas \u00danicas"},"content":{"rendered":"<p>Uruguay contin\u00faa participando de la Red Internacional de Ventanillas \u00danicas de Comercio Exterior. Desde hace varios meses se est\u00e1n realizando reuniones virtuales entre\u00a0 representantes de la red, a fin de definir los siguientes pasos en cuanto a la integraci\u00f3n entre las diferentes ventanillas de cada pa\u00eds.<\/p>\n<p>Con el apoyo del Banco Interamericano de Desarrollo, se han contratado tres consultores internacionales en las \u00e1reas de normativa, tecnolog\u00eda y armonizaci\u00f3n de datos (de este \u00faltimo grupo, Uruguay forma parte del equipo que lo lidera) a fin de definir el plan de integraci\u00f3n y plantear las opciones disponibles a toda la red.<\/p>\n<p>La pr\u00f3xima reuni\u00f3n de la red de ventanillas se realizar\u00e1 en diciembre en Chile y se espera poner a consideraci\u00f3n de todos los pa\u00edses las opciones arribadas a lo largo de estos meses de trabajo.<\/p>\n","protected":false},"excerpt":{"rendered":"<p>Con el apoyo del Banco Interamericano de Desarrollo, se han contratado tres consultores internacionales en las \u00e1reas de normativa, tecnolog\u00eda y armonizaci\u00f3n de datos (de este \u00faltimo grupo, Uruguay forma parte del equipo que lo lidera) a fin de definir el plan de integraci\u00f3n y plantear las opciones disponibles a toda la red.<\/p>\n","protected":false},"author":1,"featured_media":731,"comment_status":"closed","ping_status":"open","sticky":false,"template":"","format":"standard","meta":{"footnotes":""},"categories":[3],"tags":[],"yoast_head":"<!-- This site is optimized with the Yoast SEO plugin v21.5 - https:\/\/yoast.com\/wordpress\/plugins\/seo\/ -->\n<title>Avances en la Red Internacional de Ventanillas \u00danicas - VUCE<\/title>\n<meta name=\"description\" content=\"Avances en la Red Internacional de Ventanillas \u00danicas\" \/>\n<meta name=\"robots\" content=\"index, follow, max-snippet:-1, max-image-preview:large, max-video-preview:-1\" \/>\n<link rel=\"canonical\" href=\"https:\/\/vuce.gub.uy\/staging1500\/avances-en-la-red-internacional-de-ventanillas-unicas\/\" \/>\n<meta property=\"og:locale\" content=\"es_ES\" \/>\n<meta property=\"og:type\" content=\"article\" \/>\n<meta property=\"og:title\" content=\"Avances en la Red Internacional de Ventanillas \u00danicas - VUCE\" \/>\n<meta property=\"og:description\" content=\"Avances en la Red Internacional de Ventanillas \u00danicas\" \/>\n<meta property=\"og:url\" content=\"https:\/\/vuce.gub.uy\/staging1500\/avances-en-la-red-internacional-de-ventanillas-unicas\/\" \/>\n<meta property=\"og:site_name\" content=\"VUCE\" \/>\n<meta property=\"article:published_time\" content=\"2013-08-15T14:28:15+00:00\" \/>\n<meta property=\"og:image\" content=\"https:\/\/vuce.gub.uy\/staging1500\/wp-content\/uploads\/2013\/08\/redVUCE.png\" \/>\n\t<meta property=\"og:image:width\" content=\"574\" \/>\n\t<meta property=\"og:image:height\" content=\"161\" \/>\n\t<meta property=\"og:image:type\" content=\"image\/png\" \/>\n<meta name=\"author\" content=\"vuce\" \/>\n<meta name=\"twitter:card\" content=\"summary_large_image\" \/>\n<meta name=\"twitter:label1\" content=\"Escrito por\" \/>\n\t<meta name=\"twitter:data1\" content=\"vuce\" \/>\n\t<meta name=\"twitter:label2\" content=\"Tiempo de lectura\" \/>\n\t<meta name=\"twitter:data2\" content=\"1 minuto\" \/>\n<script type=\"application\/ld+json\" class=\"yoast-schema-graph\">{\"@context\":\"https:\/\/schema.org\",\"@graph\":[{\"@type\":\"WebPage\",\"@id\":\"https:\/\/vuce.gub.uy\/staging1500\/avances-en-la-red-internacional-de-ventanillas-unicas\/\",\"url\":\"https:\/\/vuce.gub.uy\/staging1500\/avances-en-la-red-internacional-de-ventanillas-unicas\/\",\"name\":\"Avances en la Red Internacional de Ventanillas \u00danicas - VUCE\",\"isPartOf\":{\"@id\":\"https:\/\/vuce.gub.uy\/staging1500\/#website\"},\"datePublished\":\"2013-08-15T14:28:15+00:00\",\"dateModified\":\"2013-08-15T14:28:15+00:00\",\"author\":{\"@id\":\"https:\/\/vuce.gub.uy\/staging1500\/#\/schema\/person\/8328845af156cc1910f16419d63591a6\"},\"description\":\"Avances en la Red Internacional de Ventanillas \u00danicas\",\"breadcrumb\":{\"@id\":\"https:\/\/vuce.gub.uy\/staging1500\/avances-en-la-red-internacional-de-ventanillas-unicas\/#breadcrumb\"},\"inLanguage\":\"es-AR\",\"potentialAction\":[{\"@type\":\"ReadAction\",\"target\":[\"https:\/\/vuce.gub.uy\/staging1500\/avances-en-la-red-internacional-de-ventanillas-unicas\/\"]}]},{\"@type\":\"BreadcrumbList\",\"@id\":\"https:\/\/vuce.gub.uy\/staging1500\/avances-en-la-red-internacional-de-ventanillas-unicas\/#breadcrumb\",\"itemListElement\":[{\"@type\":\"ListItem\",\"position\":1,\"name\":\"Inicio\",\"item\":\"https:\/\/vuce.gub.uy\/staging1500\/\"},{\"@type\":\"ListItem\",\"position\":2,\"name\":\"Avances en la Red Internacional de Ventanillas \u00danicas\"}]},{\"@type\":\"WebSite\",\"@id\":\"https:\/\/vuce.gub.uy\/staging1500\/#website\",\"url\":\"https:\/\/vuce.gub.uy\/staging1500\/\",\"name\":\"VUCE\",\"description\":\"\",\"potentialAction\":[{\"@type\":\"SearchAction\",\"target\":{\"@type\":\"EntryPoint\",\"urlTemplate\":\"https:\/\/vuce.gub.uy\/staging1500\/?s={search_term_string}\"},\"query-input\":\"required name=search_term_string\"}],\"inLanguage\":\"es-AR\"},{\"@type\":\"Person\",\"@id\":\"https:\/\/vuce.gub.uy\/staging1500\/#\/schema\/person\/8328845af156cc1910f16419d63591a6\",\"name\":\"vuce\",\"url\":\"https:\/\/vuce.gub.uy\/staging1500\/author\/vuce\/\"}]}<\/script>\n<!-- \/ Yoast SEO plugin. -->","yoast_head_json":{"title":"Avances en la Red Internacional de Ventanillas \u00danicas - VUCE","description":"Avances en la Red Internacional de Ventanillas \u00danicas","robots":{"index":"index","follow":"follow","max-snippet":"max-snippet:-1","max-image-preview":"max-image-preview:large","max-video-preview":"max-video-preview:-1"},"canonical":"https:\/\/vuce.gub.uy\/staging1500\/avances-en-la-red-internacional-de-ventanillas-unicas\/","og_locale":"es_ES","og_type":"article","og_title":"Avances en la Red Internacional de Ventanillas \u00danicas - VUCE","og_description":"Avances en la Red Internacional de Ventanillas \u00danicas","og_url":"https:\/\/vuce.gub.uy\/staging1500\/avances-en-la-red-internacional-de-ventanillas-unicas\/","og_site_name":"VUCE","article_published_time":"2013-08-15T14:28:15+00:00","og_image":[{"width":574,"height":161,"url":"https:\/\/vuce.gub.uy\/staging1500\/wp-content\/uploads\/2013\/08\/redVUCE.png","type":"image\/png"}],"author":"vuce","twitter_card":"summary_large_image","twitter_misc":{"Escrito por":"vuce","Tiempo de lectura":"1 minuto"},"schema":{"@context":"https:\/\/schema.org","@graph":[{"@type":"WebPage","@id":"https:\/\/vuce.gub.uy\/staging1500\/avances-en-la-red-internacional-de-ventanillas-unicas\/","url":"https:\/\/vuce.gub.uy\/staging1500\/avances-en-la-red-internacional-de-ventanillas-unicas\/","name":"Avances en la Red Internacional de Ventanillas \u00danicas - VUCE","isPartOf":{"@id":"https:\/\/vuce.gub.uy\/staging1500\/#website"},"datePublished":"2013-08-15T14:28:15+00:00","dateModified":"2013-08-15T14:28:15+00:00","author":{"@id":"https:\/\/vuce.gub.uy\/staging1500\/#\/schema\/person\/8328845af156cc1910f16419d63591a6"},"description":"Avances en la Red Internacional de Ventanillas \u00danicas","breadcrumb":{"@id":"https:\/\/vuce.gub.uy\/staging1500\/avances-en-la-red-internacional-de-ventanillas-unicas\/#breadcrumb"},"inLanguage":"es-AR","potentialAction":[{"@type":"ReadAction","target":["https:\/\/vuce.gub.uy\/staging1500\/avances-en-la-red-internacional-de-ventanillas-unicas\/"]}]},{"@type":"BreadcrumbList","@id":"https:\/\/vuce.gub.uy\/staging1500\/avances-en-la-red-internacional-de-ventanillas-unicas\/#breadcrumb","itemListElement":[{"@type":"ListItem","position":1,"name":"Inicio","item":"https:\/\/vuce.gub.uy\/staging1500\/"},{"@type":"ListItem","position":2,"name":"Avances en la Red Internacional de Ventanillas \u00danicas"}]},{"@type":"WebSite","@id":"https:\/\/vuce.gub.uy\/staging1500\/#website","url":"https:\/\/vuce.gub.uy\/staging1500\/","name":"VUCE","description":"","potentialAction":[{"@type":"SearchAction","target":{"@type":"EntryPoint","urlTemplate":"https:\/\/vuce.gub.uy\/staging1500\/?s={search_term_string}"},"query-input":"required name=search_term_string"}],"inLanguage":"es-AR"},{"@type":"Person","@id":"https:\/\/vuce.gub.uy\/staging1500\/#\/schema\/person\/8328845af156cc1910f16419d63591a6","name":"vuce","url":"https:\/\/vuce.gub.uy\/staging1500\/author\/vuce\/"}]}},"_links":{"self":[{"href":"https:\/\/vuce.gub.uy\/staging1500\/wp-json\/wp\/v2\/posts\/723"}],"collection":[{"href":"https:\/\/vuce.gub.uy\/staging1500\/wp-json\/wp\/v2\/posts"}],"about":[{"href":"https:\/\/vuce.gub.uy\/staging1500\/wp-json\/wp\/v2\/types\/post"}],"author":[{"embeddable":true,"href":"https:\/\/vuce.gub.uy\/staging1500\/wp-json\/wp\/v2\/users\/1"}],"replies":[{"embeddable":true,"href":"https:\/\/vuce.gub.uy\/staging1500\/wp-json\/wp\/v2\/comments?post=723"}],"version-history":[{"count":0,"href":"https:\/\/vuce.gub.uy\/staging1500\/wp-json\/wp\/v2\/posts\/723\/revisions"}],"wp:featuredmedia":[{"embeddable":true,"href":"https:\/\/vuce.gub.uy\/staging1500\/wp-json\/wp\/v2\/media\/731"}],"wp:attachment":[{"href":"https:\/\/vuce.gub.uy\/staging1500\/wp-json\/wp\/v2\/media?parent=723"}],"wp:term":[{"taxonomy":"category","embeddable":true,"href":"https:\/\/vuce.gub.uy\/staging1500\/wp-json\/wp\/v2\/categories?post=723"},{"taxonomy":"post_tag","embeddable":true,"href":"https:\/\/vuce.gub.uy\/staging1500\/wp-json\/wp\/v2\/tags?post=723"}],"curies":[{"name":"wp","href":"https:\/\/api.w.org\/{rel}","templated":true}]}}