{"id":739,"date":"2013-10-03T18:49:36","date_gmt":"2013-10-03T18:49:36","guid":{"rendered":"http:\/\/vuce.gub.uy\/staging1500\/?p=739"},"modified":"2013-10-03T18:49:36","modified_gmt":"2013-10-03T18:49:36","slug":"videoconferencia-a-administradores-de-aduanas-del-interior","status":"publish","type":"post","link":"https:\/\/vuce.gub.uy\/staging1500\/videoconferencia-a-administradores-de-aduanas-del-interior\/","title":{"rendered":"Videoconferencia a Administradores de Aduanas del Interior"},"content":{"rendered":"<p>Con motivo del ciclo de charlas previsto para el a\u00f1o 2013, el equipo de VUCE realiz\u00f3 en la Direcci\u00f3n Nacional de Aduanas una presentaci\u00f3n dirigida a los funcionarios de los diferentes puntos de frontera del pa\u00eds, con el objetivo de informar y difundir los avances del proyecto y su impacto en la operativa aduanera.<\/p>\n<p style=\"text-align: left;\">En particular, se dieron a conocer los detalles de la puesta en funcionamiento, los avances y desaf\u00edos para los pr\u00f3ximos meses.\u00a0Fue una jornada de intercambios que cont\u00f3 con la participaci\u00f3n de funcionarios de todas las administraciones de Aduana del Pa\u00eds.<\/p>\n<p style=\"text-align: center;\">\n<p style=\"text-align: center;\"><a href=\"http:\/\/vuce.gub.uy\/staging1500\/wp-content\/uploads\/2013\/10\/2.jpg\"><img decoding=\"async\" class=\"aligncenter size-medium wp-image-740\" alt=\"OLYMPUS DIGITAL CAMERA\" src=\"http:\/\/vuce.gub.uy\/staging1500\/wp-content\/uploads\/2013\/10\/2-300x225.jpg\" width=\"300\" height=\"225\" srcset=\"https:\/\/vuce.gub.uy\/staging1500\/wp-content\/uploads\/2013\/10\/2-200x150.jpg 200w, https:\/\/vuce.gub.uy\/staging1500\/wp-content\/uploads\/2013\/10\/2-300x225.jpg 300w, https:\/\/vuce.gub.uy\/staging1500\/wp-content\/uploads\/2013\/10\/2-400x300.jpg 400w, https:\/\/vuce.gub.uy\/staging1500\/wp-content\/uploads\/2013\/10\/2-600x450.jpg 600w, https:\/\/vuce.gub.uy\/staging1500\/wp-content\/uploads\/2013\/10\/2-768x576.jpg 768w, https:\/\/vuce.gub.uy\/staging1500\/wp-content\/uploads\/2013\/10\/2-800x600.jpg 800w, https:\/\/vuce.gub.uy\/staging1500\/wp-content\/uploads\/2013\/10\/2-1024x768.jpg 1024w, https:\/\/vuce.gub.uy\/staging1500\/wp-content\/uploads\/2013\/10\/2-1200x900.jpg 1200w, https:\/\/vuce.gub.uy\/staging1500\/wp-content\/uploads\/2013\/10\/2.jpg 3648w\" sizes=\"(max-width: 300px) 100vw, 300px\" \/><\/a><\/p>\n","protected":false},"excerpt":{"rendered":"<p>Se realiz\u00f3 el 24 de setiembre en la Direcci\u00f3n Nacional de Aduanas.<\/p>\n","protected":false},"author":1,"featured_media":741,"comment_status":"closed","ping_status":"open","sticky":false,"template":"","format":"standard","meta":{"footnotes":""},"categories":[3],"tags":[],"yoast_head":"<!-- This site is optimized with the Yoast SEO plugin v21.5 - https:\/\/yoast.com\/wordpress\/plugins\/seo\/ -->\n<title>Videoconferencia a Administradores de Aduanas del Interior - VUCE<\/title>\n<meta name=\"robots\" content=\"index, follow, max-snippet:-1, max-image-preview:large, max-video-preview:-1\" \/>\n<link rel=\"canonical\" href=\"https:\/\/vuce.gub.uy\/staging1500\/videoconferencia-a-administradores-de-aduanas-del-interior\/\" \/>\n<meta property=\"og:locale\" content=\"es_ES\" \/>\n<meta property=\"og:type\" content=\"article\" \/>\n<meta property=\"og:title\" content=\"Videoconferencia a Administradores de Aduanas del Interior - VUCE\" \/>\n<meta property=\"og:description\" content=\"Se realiz\u00f3 el 24 de setiembre en la Direcci\u00f3n Nacional de Aduanas.\" \/>\n<meta property=\"og:url\" content=\"https:\/\/vuce.gub.uy\/staging1500\/videoconferencia-a-administradores-de-aduanas-del-interior\/\" \/>\n<meta property=\"og:site_name\" content=\"VUCE\" \/>\n<meta property=\"article:published_time\" content=\"2013-10-03T18:49:36+00:00\" \/>\n<meta property=\"og:image\" content=\"https:\/\/vuce.gub.uy\/staging1500\/wp-content\/uploads\/2013\/10\/portada.jpg\" \/>\n\t<meta property=\"og:image:width\" content=\"3648\" \/>\n\t<meta property=\"og:image:height\" content=\"2736\" \/>\n\t<meta property=\"og:image:type\" content=\"image\/jpeg\" \/>\n<meta name=\"author\" content=\"vuce\" \/>\n<meta name=\"twitter:card\" content=\"summary_large_image\" \/>\n<meta name=\"twitter:label1\" content=\"Escrito por\" \/>\n\t<meta name=\"twitter:data1\" content=\"vuce\" \/>\n\t<meta name=\"twitter:label2\" content=\"Tiempo de lectura\" \/>\n\t<meta name=\"twitter:data2\" content=\"1 minuto\" \/>\n<script type=\"application\/ld+json\" class=\"yoast-schema-graph\">{\"@context\":\"https:\/\/schema.org\",\"@graph\":[{\"@type\":\"WebPage\",\"@id\":\"https:\/\/vuce.gub.uy\/staging1500\/videoconferencia-a-administradores-de-aduanas-del-interior\/\",\"url\":\"https:\/\/vuce.gub.uy\/staging1500\/videoconferencia-a-administradores-de-aduanas-del-interior\/\",\"name\":\"Videoconferencia a Administradores de Aduanas del Interior - VUCE\",\"isPartOf\":{\"@id\":\"https:\/\/vuce.gub.uy\/staging1500\/#website\"},\"datePublished\":\"2013-10-03T18:49:36+00:00\",\"dateModified\":\"2013-10-03T18:49:36+00:00\",\"author\":{\"@id\":\"https:\/\/vuce.gub.uy\/staging1500\/#\/schema\/person\/8328845af156cc1910f16419d63591a6\"},\"breadcrumb\":{\"@id\":\"https:\/\/vuce.gub.uy\/staging1500\/videoconferencia-a-administradores-de-aduanas-del-interior\/#breadcrumb\"},\"inLanguage\":\"es-AR\",\"potentialAction\":[{\"@type\":\"ReadAction\",\"target\":[\"https:\/\/vuce.gub.uy\/staging1500\/videoconferencia-a-administradores-de-aduanas-del-interior\/\"]}]},{\"@type\":\"BreadcrumbList\",\"@id\":\"https:\/\/vuce.gub.uy\/staging1500\/videoconferencia-a-administradores-de-aduanas-del-interior\/#breadcrumb\",\"itemListElement\":[{\"@type\":\"ListItem\",\"position\":1,\"name\":\"Inicio\",\"item\":\"https:\/\/vuce.gub.uy\/staging1500\/\"},{\"@type\":\"ListItem\",\"position\":2,\"name\":\"Videoconferencia a Administradores de Aduanas del Interior\"}]},{\"@type\":\"WebSite\",\"@id\":\"https:\/\/vuce.gub.uy\/staging1500\/#website\",\"url\":\"https:\/\/vuce.gub.uy\/staging1500\/\",\"name\":\"VUCE\",\"description\":\"\",\"potentialAction\":[{\"@type\":\"SearchAction\",\"target\":{\"@type\":\"EntryPoint\",\"urlTemplate\":\"https:\/\/vuce.gub.uy\/staging1500\/?s={search_term_string}\"},\"query-input\":\"required name=search_term_string\"}],\"inLanguage\":\"es-AR\"},{\"@type\":\"Person\",\"@id\":\"https:\/\/vuce.gub.uy\/staging1500\/#\/schema\/person\/8328845af156cc1910f16419d63591a6\",\"name\":\"vuce\",\"url\":\"https:\/\/vuce.gub.uy\/staging1500\/author\/vuce\/\"}]}<\/script>\n<!-- \/ Yoast SEO plugin. -->","yoast_head_json":{"title":"Videoconferencia a Administradores de Aduanas del Interior - VUCE","robots":{"index":"index","follow":"follow","max-snippet":"max-snippet:-1","max-image-preview":"max-image-preview:large","max-video-preview":"max-video-preview:-1"},"canonical":"https:\/\/vuce.gub.uy\/staging1500\/videoconferencia-a-administradores-de-aduanas-del-interior\/","og_locale":"es_ES","og_type":"article","og_title":"Videoconferencia a Administradores de Aduanas del Interior - VUCE","og_description":"Se realiz\u00f3 el 24 de setiembre en la Direcci\u00f3n Nacional de Aduanas.","og_url":"https:\/\/vuce.gub.uy\/staging1500\/videoconferencia-a-administradores-de-aduanas-del-interior\/","og_site_name":"VUCE","article_published_time":"2013-10-03T18:49:36+00:00","og_image":[{"width":3648,"height":2736,"url":"https:\/\/vuce.gub.uy\/staging1500\/wp-content\/uploads\/2013\/10\/portada.jpg","type":"image\/jpeg"}],"author":"vuce","twitter_card":"summary_large_image","twitter_misc":{"Escrito por":"vuce","Tiempo de lectura":"1 minuto"},"schema":{"@context":"https:\/\/schema.org","@graph":[{"@type":"WebPage","@id":"https:\/\/vuce.gub.uy\/staging1500\/videoconferencia-a-administradores-de-aduanas-del-interior\/","url":"https:\/\/vuce.gub.uy\/staging1500\/videoconferencia-a-administradores-de-aduanas-del-interior\/","name":"Videoconferencia a Administradores de Aduanas del Interior - VUCE","isPartOf":{"@id":"https:\/\/vuce.gub.uy\/staging1500\/#website"},"datePublished":"2013-10-03T18:49:36+00:00","dateModified":"2013-10-03T18:49:36+00:00","author":{"@id":"https:\/\/vuce.gub.uy\/staging1500\/#\/schema\/person\/8328845af156cc1910f16419d63591a6"},"breadcrumb":{"@id":"https:\/\/vuce.gub.uy\/staging1500\/videoconferencia-a-administradores-de-aduanas-del-interior\/#breadcrumb"},"inLanguage":"es-AR","potentialAction":[{"@type":"ReadAction","target":["https:\/\/vuce.gub.uy\/staging1500\/videoconferencia-a-administradores-de-aduanas-del-interior\/"]}]},{"@type":"BreadcrumbList","@id":"https:\/\/vuce.gub.uy\/staging1500\/videoconferencia-a-administradores-de-aduanas-del-interior\/#breadcrumb","itemListElement":[{"@type":"ListItem","position":1,"name":"Inicio","item":"https:\/\/vuce.gub.uy\/staging1500\/"},{"@type":"ListItem","position":2,"name":"Videoconferencia a Administradores de Aduanas del Interior"}]},{"@type":"WebSite","@id":"https:\/\/vuce.gub.uy\/staging1500\/#website","url":"https:\/\/vuce.gub.uy\/staging1500\/","name":"VUCE","description":"","potentialAction":[{"@type":"SearchAction","target":{"@type":"EntryPoint","urlTemplate":"https:\/\/vuce.gub.uy\/staging1500\/?s={search_term_string}"},"query-input":"required name=search_term_string"}],"inLanguage":"es-AR"},{"@type":"Person","@id":"https:\/\/vuce.gub.uy\/staging1500\/#\/schema\/person\/8328845af156cc1910f16419d63591a6","name":"vuce","url":"https:\/\/vuce.gub.uy\/staging1500\/author\/vuce\/"}]}},"_links":{"self":[{"href":"https:\/\/vuce.gub.uy\/staging1500\/wp-json\/wp\/v2\/posts\/739"}],"collection":[{"href":"https:\/\/vuce.gub.uy\/staging1500\/wp-json\/wp\/v2\/posts"}],"about":[{"href":"https:\/\/vuce.gub.uy\/staging1500\/wp-json\/wp\/v2\/types\/post"}],"author":[{"embeddable":true,"href":"https:\/\/vuce.gub.uy\/staging1500\/wp-json\/wp\/v2\/users\/1"}],"replies":[{"embeddable":true,"href":"https:\/\/vuce.gub.uy\/staging1500\/wp-json\/wp\/v2\/comments?post=739"}],"version-history":[{"count":0,"href":"https:\/\/vuce.gub.uy\/staging1500\/wp-json\/wp\/v2\/posts\/739\/revisions"}],"wp:featuredmedia":[{"embeddable":true,"href":"https:\/\/vuce.gub.uy\/staging1500\/wp-json\/wp\/v2\/media\/741"}],"wp:attachment":[{"href":"https:\/\/vuce.gub.uy\/staging1500\/wp-json\/wp\/v2\/media?parent=739"}],"wp:term":[{"taxonomy":"category","embeddable":true,"href":"https:\/\/vuce.gub.uy\/staging1500\/wp-json\/wp\/v2\/categories?post=739"},{"taxonomy":"post_tag","embeddable":true,"href":"https:\/\/vuce.gub.uy\/staging1500\/wp-json\/wp\/v2\/tags?post=739"}],"curies":[{"name":"wp","href":"https:\/\/api.w.org\/{rel}","templated":true}]}}