{"id":745,"date":"2013-10-03T19:22:31","date_gmt":"2013-10-03T19:22:31","guid":{"rendered":"http:\/\/vuce.gub.uy\/staging1500\/?p=745"},"modified":"2013-10-03T19:22:31","modified_gmt":"2013-10-03T19:22:31","slug":"vuce-presente-en-el-xxiii-encuentro-genexus","status":"publish","type":"post","link":"https:\/\/vuce.gub.uy\/staging1500\/vuce-presente-en-el-xxiii-encuentro-genexus\/","title":{"rendered":"VUCE presente en el XXIII Encuentro Genexus"},"content":{"rendered":"<p>El evento se \u00a0llev\u00f3 a cabo durante los d\u00edas 30 de setiembre a 2 de octubre en el Hotel Radisson donde se presentaron temas diversos temas de tecnolog\u00eda e innovaci\u00f3n en Am\u00e9rica Latina.<\/p>\n<p>Miembros del equipo de VUCE y de Genexus Consulting llevaron adelante la charla titulada: &#8220;VUCE &#8211; Soplar y Hacer botella: Sistemas en constante movimiento\u201d, que tuvo lugar el d\u00eda 1\u00ba de octubre. Esta charla tambi\u00e9n se enmarca en el ciclo previsto para este a\u00f1o, con el objetivo de informar a los distintos grupos de inter\u00e9s sobre el proyecto.<\/p>\n<p>En esta oportunidad, la presentaci\u00f3n se enfoc\u00f3 en los aspectos tecnol\u00f3gicos de la plataforma y en la utilizaci\u00f3n de las herramientas Genexus.\u00a0En particular, c\u00f3mo se logra un proyecto que integra m\u00e1s de 60 sistemas, en diversas tecnolog\u00edas, tanto en organismos p\u00fablicos como privados. \u00a0Se explic\u00f3 c\u00f3mo se puso a prueba el concepto de la triple restricci\u00f3n, logrando desarrollar un sistema con una arquitectura ampliamente distribuida, en un corto plazo, con recursos restringidos y un alcance en constante crecimiento.<\/p>\n<p><a href=\"http:\/\/vuce.gub.uy\/staging1500\/wp-content\/uploads\/2013\/10\/10037559426_4500d08184_k.jpg\"><img decoding=\"async\" class=\"aligncenter size-medium wp-image-747\" alt=\"10037559426_4500d08184_k\" src=\"http:\/\/vuce.gub.uy\/staging1500\/wp-content\/uploads\/2013\/10\/10037559426_4500d08184_k-300x198.jpg\" width=\"300\" height=\"198\" \/><\/a>\u00a0\u00a0<a href=\"http:\/\/vuce.gub.uy\/staging1500\/wp-content\/uploads\/2013\/10\/10037536785_14ccd8572f_k.jpg\"><img decoding=\"async\" class=\"aligncenter size-medium wp-image-746\" alt=\"10037536785_14ccd8572f_k\" src=\"http:\/\/vuce.gub.uy\/staging1500\/wp-content\/uploads\/2013\/10\/10037536785_14ccd8572f_k-300x198.jpg\" width=\"300\" height=\"198\" \/><\/a><\/p>\n<p style=\"text-align: center;\"><a href=\"http:\/\/vuce.gub.uy\/staging1500\/wp-content\/uploads\/2013\/10\/10038307603_11fe3b6210_k.jpg\"><img decoding=\"async\" class=\"aligncenter size-medium wp-image-762\" alt=\"10038307603_11fe3b6210_k\" src=\"http:\/\/vuce.gub.uy\/staging1500\/wp-content\/uploads\/2013\/10\/10038307603_11fe3b6210_k-300x199.jpg\" width=\"300\" height=\"199\" srcset=\"https:\/\/vuce.gub.uy\/staging1500\/wp-content\/uploads\/2013\/10\/10038307603_11fe3b6210_k-200x133.jpg 200w, https:\/\/vuce.gub.uy\/staging1500\/wp-content\/uploads\/2013\/10\/10038307603_11fe3b6210_k-300x199.jpg 300w, https:\/\/vuce.gub.uy\/staging1500\/wp-content\/uploads\/2013\/10\/10038307603_11fe3b6210_k-400x266.jpg 400w, https:\/\/vuce.gub.uy\/staging1500\/wp-content\/uploads\/2013\/10\/10038307603_11fe3b6210_k-600x398.jpg 600w, https:\/\/vuce.gub.uy\/staging1500\/wp-content\/uploads\/2013\/10\/10038307603_11fe3b6210_k-768x510.jpg 768w, https:\/\/vuce.gub.uy\/staging1500\/wp-content\/uploads\/2013\/10\/10038307603_11fe3b6210_k-800x531.jpg 800w, https:\/\/vuce.gub.uy\/staging1500\/wp-content\/uploads\/2013\/10\/10038307603_11fe3b6210_k-1024x680.jpg 1024w, https:\/\/vuce.gub.uy\/staging1500\/wp-content\/uploads\/2013\/10\/10038307603_11fe3b6210_k-1200x797.jpg 1200w, https:\/\/vuce.gub.uy\/staging1500\/wp-content\/uploads\/2013\/10\/10038307603_11fe3b6210_k.jpg 2048w\" sizes=\"(max-width: 300px) 100vw, 300px\" \/><\/a><\/p>\n<p>&nbsp;<\/p>\n<p>Acceda a la presentaci\u00f3n realizada:\u00a0<a href=\"http:\/\/www.genexus.com\/encuentro2013\/GX23_Programa?es\">http:\/\/www.genexus.com\/encuentro2013\/GX23_Programa?es<\/a><\/p>\n<p>Fotos: genexus.com<\/p>\n<p>&nbsp;<\/p>\n<p>&nbsp;<\/p>\n","protected":false},"excerpt":{"rendered":"<p>Miembros del equipo de VUCE presentaron los detalles tecnol\u00f3gicos de la plataforma que en breve entrar\u00e1 en funcionamiento.<\/p>\n","protected":false},"author":1,"featured_media":748,"comment_status":"closed","ping_status":"open","sticky":false,"template":"","format":"standard","meta":{"footnotes":""},"categories":[3],"tags":[8,12],"yoast_head":"<!-- This site is optimized with the Yoast SEO plugin v21.5 - https:\/\/yoast.com\/wordpress\/plugins\/seo\/ -->\n<title>VUCE presente en el XXIII Encuentro Genexus - VUCE<\/title>\n<meta name=\"robots\" content=\"index, follow, max-snippet:-1, max-image-preview:large, max-video-preview:-1\" \/>\n<link rel=\"canonical\" href=\"https:\/\/vuce.gub.uy\/staging1500\/vuce-presente-en-el-xxiii-encuentro-genexus\/\" \/>\n<meta property=\"og:locale\" content=\"es_ES\" \/>\n<meta property=\"og:type\" content=\"article\" \/>\n<meta property=\"og:title\" content=\"VUCE presente en el XXIII Encuentro Genexus - VUCE\" \/>\n<meta property=\"og:description\" content=\"Miembros del equipo de VUCE presentaron los detalles tecnol\u00f3gicos de la plataforma que en breve entrar\u00e1 en funcionamiento.\" \/>\n<meta property=\"og:url\" content=\"https:\/\/vuce.gub.uy\/staging1500\/vuce-presente-en-el-xxiii-encuentro-genexus\/\" \/>\n<meta property=\"og:site_name\" content=\"VUCE\" \/>\n<meta property=\"article:published_time\" content=\"2013-10-03T19:22:31+00:00\" \/>\n<meta property=\"og:image\" content=\"https:\/\/vuce.gub.uy\/staging1500\/wp-content\/uploads\/2013\/10\/IMA000178000006504.jpg\" \/>\n\t<meta property=\"og:image:width\" content=\"892\" \/>\n\t<meta property=\"og:image:height\" content=\"400\" \/>\n\t<meta property=\"og:image:type\" content=\"image\/jpeg\" \/>\n<meta name=\"author\" content=\"vuce\" \/>\n<meta name=\"twitter:card\" content=\"summary_large_image\" \/>\n<meta name=\"twitter:label1\" content=\"Escrito por\" \/>\n\t<meta name=\"twitter:data1\" content=\"vuce\" \/>\n\t<meta name=\"twitter:label2\" content=\"Tiempo de lectura\" \/>\n\t<meta name=\"twitter:data2\" content=\"1 minuto\" \/>\n<script type=\"application\/ld+json\" class=\"yoast-schema-graph\">{\"@context\":\"https:\/\/schema.org\",\"@graph\":[{\"@type\":\"WebPage\",\"@id\":\"https:\/\/vuce.gub.uy\/staging1500\/vuce-presente-en-el-xxiii-encuentro-genexus\/\",\"url\":\"https:\/\/vuce.gub.uy\/staging1500\/vuce-presente-en-el-xxiii-encuentro-genexus\/\",\"name\":\"VUCE presente en el XXIII Encuentro Genexus - VUCE\",\"isPartOf\":{\"@id\":\"https:\/\/vuce.gub.uy\/staging1500\/#website\"},\"datePublished\":\"2013-10-03T19:22:31+00:00\",\"dateModified\":\"2013-10-03T19:22:31+00:00\",\"author\":{\"@id\":\"https:\/\/vuce.gub.uy\/staging1500\/#\/schema\/person\/8328845af156cc1910f16419d63591a6\"},\"breadcrumb\":{\"@id\":\"https:\/\/vuce.gub.uy\/staging1500\/vuce-presente-en-el-xxiii-encuentro-genexus\/#breadcrumb\"},\"inLanguage\":\"es-AR\",\"potentialAction\":[{\"@type\":\"ReadAction\",\"target\":[\"https:\/\/vuce.gub.uy\/staging1500\/vuce-presente-en-el-xxiii-encuentro-genexus\/\"]}]},{\"@type\":\"BreadcrumbList\",\"@id\":\"https:\/\/vuce.gub.uy\/staging1500\/vuce-presente-en-el-xxiii-encuentro-genexus\/#breadcrumb\",\"itemListElement\":[{\"@type\":\"ListItem\",\"position\":1,\"name\":\"Inicio\",\"item\":\"https:\/\/vuce.gub.uy\/staging1500\/\"},{\"@type\":\"ListItem\",\"position\":2,\"name\":\"VUCE presente en el XXIII Encuentro Genexus\"}]},{\"@type\":\"WebSite\",\"@id\":\"https:\/\/vuce.gub.uy\/staging1500\/#website\",\"url\":\"https:\/\/vuce.gub.uy\/staging1500\/\",\"name\":\"VUCE\",\"description\":\"\",\"potentialAction\":[{\"@type\":\"SearchAction\",\"target\":{\"@type\":\"EntryPoint\",\"urlTemplate\":\"https:\/\/vuce.gub.uy\/staging1500\/?s={search_term_string}\"},\"query-input\":\"required name=search_term_string\"}],\"inLanguage\":\"es-AR\"},{\"@type\":\"Person\",\"@id\":\"https:\/\/vuce.gub.uy\/staging1500\/#\/schema\/person\/8328845af156cc1910f16419d63591a6\",\"name\":\"vuce\",\"url\":\"https:\/\/vuce.gub.uy\/staging1500\/author\/vuce\/\"}]}<\/script>\n<!-- \/ Yoast SEO plugin. -->","yoast_head_json":{"title":"VUCE presente en el XXIII Encuentro Genexus - VUCE","robots":{"index":"index","follow":"follow","max-snippet":"max-snippet:-1","max-image-preview":"max-image-preview:large","max-video-preview":"max-video-preview:-1"},"canonical":"https:\/\/vuce.gub.uy\/staging1500\/vuce-presente-en-el-xxiii-encuentro-genexus\/","og_locale":"es_ES","og_type":"article","og_title":"VUCE presente en el XXIII Encuentro Genexus - VUCE","og_description":"Miembros del equipo de VUCE presentaron los detalles tecnol\u00f3gicos de la plataforma que en breve entrar\u00e1 en funcionamiento.","og_url":"https:\/\/vuce.gub.uy\/staging1500\/vuce-presente-en-el-xxiii-encuentro-genexus\/","og_site_name":"VUCE","article_published_time":"2013-10-03T19:22:31+00:00","og_image":[{"width":892,"height":400,"url":"https:\/\/vuce.gub.uy\/staging1500\/wp-content\/uploads\/2013\/10\/IMA000178000006504.jpg","type":"image\/jpeg"}],"author":"vuce","twitter_card":"summary_large_image","twitter_misc":{"Escrito por":"vuce","Tiempo de lectura":"1 minuto"},"schema":{"@context":"https:\/\/schema.org","@graph":[{"@type":"WebPage","@id":"https:\/\/vuce.gub.uy\/staging1500\/vuce-presente-en-el-xxiii-encuentro-genexus\/","url":"https:\/\/vuce.gub.uy\/staging1500\/vuce-presente-en-el-xxiii-encuentro-genexus\/","name":"VUCE presente en el XXIII Encuentro Genexus - VUCE","isPartOf":{"@id":"https:\/\/vuce.gub.uy\/staging1500\/#website"},"datePublished":"2013-10-03T19:22:31+00:00","dateModified":"2013-10-03T19:22:31+00:00","author":{"@id":"https:\/\/vuce.gub.uy\/staging1500\/#\/schema\/person\/8328845af156cc1910f16419d63591a6"},"breadcrumb":{"@id":"https:\/\/vuce.gub.uy\/staging1500\/vuce-presente-en-el-xxiii-encuentro-genexus\/#breadcrumb"},"inLanguage":"es-AR","potentialAction":[{"@type":"ReadAction","target":["https:\/\/vuce.gub.uy\/staging1500\/vuce-presente-en-el-xxiii-encuentro-genexus\/"]}]},{"@type":"BreadcrumbList","@id":"https:\/\/vuce.gub.uy\/staging1500\/vuce-presente-en-el-xxiii-encuentro-genexus\/#breadcrumb","itemListElement":[{"@type":"ListItem","position":1,"name":"Inicio","item":"https:\/\/vuce.gub.uy\/staging1500\/"},{"@type":"ListItem","position":2,"name":"VUCE presente en el XXIII Encuentro Genexus"}]},{"@type":"WebSite","@id":"https:\/\/vuce.gub.uy\/staging1500\/#website","url":"https:\/\/vuce.gub.uy\/staging1500\/","name":"VUCE","description":"","potentialAction":[{"@type":"SearchAction","target":{"@type":"EntryPoint","urlTemplate":"https:\/\/vuce.gub.uy\/staging1500\/?s={search_term_string}"},"query-input":"required name=search_term_string"}],"inLanguage":"es-AR"},{"@type":"Person","@id":"https:\/\/vuce.gub.uy\/staging1500\/#\/schema\/person\/8328845af156cc1910f16419d63591a6","name":"vuce","url":"https:\/\/vuce.gub.uy\/staging1500\/author\/vuce\/"}]}},"_links":{"self":[{"href":"https:\/\/vuce.gub.uy\/staging1500\/wp-json\/wp\/v2\/posts\/745"}],"collection":[{"href":"https:\/\/vuce.gub.uy\/staging1500\/wp-json\/wp\/v2\/posts"}],"about":[{"href":"https:\/\/vuce.gub.uy\/staging1500\/wp-json\/wp\/v2\/types\/post"}],"author":[{"embeddable":true,"href":"https:\/\/vuce.gub.uy\/staging1500\/wp-json\/wp\/v2\/users\/1"}],"replies":[{"embeddable":true,"href":"https:\/\/vuce.gub.uy\/staging1500\/wp-json\/wp\/v2\/comments?post=745"}],"version-history":[{"count":0,"href":"https:\/\/vuce.gub.uy\/staging1500\/wp-json\/wp\/v2\/posts\/745\/revisions"}],"wp:featuredmedia":[{"embeddable":true,"href":"https:\/\/vuce.gub.uy\/staging1500\/wp-json\/wp\/v2\/media\/748"}],"wp:attachment":[{"href":"https:\/\/vuce.gub.uy\/staging1500\/wp-json\/wp\/v2\/media?parent=745"}],"wp:term":[{"taxonomy":"category","embeddable":true,"href":"https:\/\/vuce.gub.uy\/staging1500\/wp-json\/wp\/v2\/categories?post=745"},{"taxonomy":"post_tag","embeddable":true,"href":"https:\/\/vuce.gub.uy\/staging1500\/wp-json\/wp\/v2\/tags?post=745"}],"curies":[{"name":"wp","href":"https:\/\/api.w.org\/{rel}","templated":true}]}}