{"id":755,"date":"2013-10-04T18:59:30","date_gmt":"2013-10-04T18:59:30","guid":{"rendered":"http:\/\/vuce.gub.uy\/staging1500\/?p=755"},"modified":"2013-10-04T18:59:30","modified_gmt":"2013-10-04T18:59:30","slug":"sexta-charla-informativa-en-aduanas","status":"publish","type":"post","link":"https:\/\/vuce.gub.uy\/staging1500\/sexta-charla-informativa-en-aduanas\/","title":{"rendered":"Sexta Charla Informativa en Aduanas"},"content":{"rendered":"<p>El d\u00eda jueves 26 de setiembre se llev\u00f3 a cabo la sexta charla del ciclo de charlas previsto para el a\u00f1o 2013, en esta oportunidad se realiz\u00f3 en la Direcci\u00f3n Nacional de Aduanas, dirigida a sus\u00a0funcionarios. Se realiz\u00f3 junto con la Videoconferencia a funcionarios del interior, con el objetivo de\u00a0poner en conocimiento de los mismos el estado actual del Proyecto.<\/p>\n<p>&nbsp;<\/p>\n<p>Se trat\u00f3 de una instancia de intercambio donde se presentaron aspectos generales del proyecto, los cambios normativos realizados, los lineamientos esperados para su funcionamiento y el plan de acci\u00f3n previsto para este a\u00f1o, destac\u00e1ndose el impacto en la operativa aduanera de un proyecto que prev\u00e9 centralizar todos los tr\u00e1mites de comercio exterior en un \u00fanico portal de acceso y su impacto en la operativa aduanera.<\/p>\n<p>&nbsp;<\/p>\n<p>Los oradores fueron el Director Nacional de Aduanas, el Cr. Enrique Canon, la Ing. Lorena Veiga, los responsables de las \u00e1reas de VUCE (Normativa, Procesos y Tecnolog\u00eda) y el Director de la Divisi\u00f3n Procesos de Aduana el Lic. \u00c1lvaro Palmigiani.<\/p>\n","protected":false},"excerpt":{"rendered":"<p>Se realiz\u00f3 el jueves 26 de setiembre para los funcionarios de la Direcci\u00f3n Nacional de Aduanas.<\/p>\n","protected":false},"author":1,"featured_media":757,"comment_status":"closed","ping_status":"open","sticky":false,"template":"","format":"standard","meta":{"footnotes":""},"categories":[3],"tags":[6,9],"yoast_head":"<!-- This site is optimized with the Yoast SEO plugin v21.5 - https:\/\/yoast.com\/wordpress\/plugins\/seo\/ -->\n<title>Sexta Charla Informativa en Aduanas - VUCE<\/title>\n<meta name=\"robots\" content=\"index, follow, max-snippet:-1, max-image-preview:large, max-video-preview:-1\" \/>\n<link rel=\"canonical\" href=\"https:\/\/vuce.gub.uy\/staging1500\/sexta-charla-informativa-en-aduanas\/\" \/>\n<meta property=\"og:locale\" content=\"es_ES\" \/>\n<meta property=\"og:type\" content=\"article\" \/>\n<meta property=\"og:title\" content=\"Sexta Charla Informativa en Aduanas - VUCE\" \/>\n<meta property=\"og:description\" content=\"Se realiz\u00f3 el jueves 26 de setiembre para los funcionarios de la Direcci\u00f3n Nacional de Aduanas.\" \/>\n<meta property=\"og:url\" content=\"https:\/\/vuce.gub.uy\/staging1500\/sexta-charla-informativa-en-aduanas\/\" \/>\n<meta property=\"og:site_name\" content=\"VUCE\" \/>\n<meta property=\"article:published_time\" content=\"2013-10-04T18:59:30+00:00\" \/>\n<meta property=\"og:image\" content=\"https:\/\/vuce.gub.uy\/staging1500\/wp-content\/uploads\/2013\/10\/portada1.jpg\" \/>\n\t<meta property=\"og:image:width\" content=\"3648\" \/>\n\t<meta property=\"og:image:height\" content=\"2736\" \/>\n\t<meta property=\"og:image:type\" content=\"image\/jpeg\" \/>\n<meta name=\"author\" content=\"vuce\" \/>\n<meta name=\"twitter:card\" content=\"summary_large_image\" \/>\n<meta name=\"twitter:label1\" content=\"Escrito por\" \/>\n\t<meta name=\"twitter:data1\" content=\"vuce\" \/>\n\t<meta name=\"twitter:label2\" content=\"Tiempo de lectura\" \/>\n\t<meta name=\"twitter:data2\" content=\"1 minuto\" \/>\n<script type=\"application\/ld+json\" class=\"yoast-schema-graph\">{\"@context\":\"https:\/\/schema.org\",\"@graph\":[{\"@type\":\"WebPage\",\"@id\":\"https:\/\/vuce.gub.uy\/staging1500\/sexta-charla-informativa-en-aduanas\/\",\"url\":\"https:\/\/vuce.gub.uy\/staging1500\/sexta-charla-informativa-en-aduanas\/\",\"name\":\"Sexta Charla Informativa en Aduanas - VUCE\",\"isPartOf\":{\"@id\":\"https:\/\/vuce.gub.uy\/staging1500\/#website\"},\"datePublished\":\"2013-10-04T18:59:30+00:00\",\"dateModified\":\"2013-10-04T18:59:30+00:00\",\"author\":{\"@id\":\"https:\/\/vuce.gub.uy\/staging1500\/#\/schema\/person\/8328845af156cc1910f16419d63591a6\"},\"breadcrumb\":{\"@id\":\"https:\/\/vuce.gub.uy\/staging1500\/sexta-charla-informativa-en-aduanas\/#breadcrumb\"},\"inLanguage\":\"es-AR\",\"potentialAction\":[{\"@type\":\"ReadAction\",\"target\":[\"https:\/\/vuce.gub.uy\/staging1500\/sexta-charla-informativa-en-aduanas\/\"]}]},{\"@type\":\"BreadcrumbList\",\"@id\":\"https:\/\/vuce.gub.uy\/staging1500\/sexta-charla-informativa-en-aduanas\/#breadcrumb\",\"itemListElement\":[{\"@type\":\"ListItem\",\"position\":1,\"name\":\"Inicio\",\"item\":\"https:\/\/vuce.gub.uy\/staging1500\/\"},{\"@type\":\"ListItem\",\"position\":2,\"name\":\"Sexta Charla Informativa en Aduanas\"}]},{\"@type\":\"WebSite\",\"@id\":\"https:\/\/vuce.gub.uy\/staging1500\/#website\",\"url\":\"https:\/\/vuce.gub.uy\/staging1500\/\",\"name\":\"VUCE\",\"description\":\"\",\"potentialAction\":[{\"@type\":\"SearchAction\",\"target\":{\"@type\":\"EntryPoint\",\"urlTemplate\":\"https:\/\/vuce.gub.uy\/staging1500\/?s={search_term_string}\"},\"query-input\":\"required name=search_term_string\"}],\"inLanguage\":\"es-AR\"},{\"@type\":\"Person\",\"@id\":\"https:\/\/vuce.gub.uy\/staging1500\/#\/schema\/person\/8328845af156cc1910f16419d63591a6\",\"name\":\"vuce\",\"url\":\"https:\/\/vuce.gub.uy\/staging1500\/author\/vuce\/\"}]}<\/script>\n<!-- \/ Yoast SEO plugin. -->","yoast_head_json":{"title":"Sexta Charla Informativa en Aduanas - VUCE","robots":{"index":"index","follow":"follow","max-snippet":"max-snippet:-1","max-image-preview":"max-image-preview:large","max-video-preview":"max-video-preview:-1"},"canonical":"https:\/\/vuce.gub.uy\/staging1500\/sexta-charla-informativa-en-aduanas\/","og_locale":"es_ES","og_type":"article","og_title":"Sexta Charla Informativa en Aduanas - VUCE","og_description":"Se realiz\u00f3 el jueves 26 de setiembre para los funcionarios de la Direcci\u00f3n Nacional de Aduanas.","og_url":"https:\/\/vuce.gub.uy\/staging1500\/sexta-charla-informativa-en-aduanas\/","og_site_name":"VUCE","article_published_time":"2013-10-04T18:59:30+00:00","og_image":[{"width":3648,"height":2736,"url":"https:\/\/vuce.gub.uy\/staging1500\/wp-content\/uploads\/2013\/10\/portada1.jpg","type":"image\/jpeg"}],"author":"vuce","twitter_card":"summary_large_image","twitter_misc":{"Escrito por":"vuce","Tiempo de lectura":"1 minuto"},"schema":{"@context":"https:\/\/schema.org","@graph":[{"@type":"WebPage","@id":"https:\/\/vuce.gub.uy\/staging1500\/sexta-charla-informativa-en-aduanas\/","url":"https:\/\/vuce.gub.uy\/staging1500\/sexta-charla-informativa-en-aduanas\/","name":"Sexta Charla Informativa en Aduanas - VUCE","isPartOf":{"@id":"https:\/\/vuce.gub.uy\/staging1500\/#website"},"datePublished":"2013-10-04T18:59:30+00:00","dateModified":"2013-10-04T18:59:30+00:00","author":{"@id":"https:\/\/vuce.gub.uy\/staging1500\/#\/schema\/person\/8328845af156cc1910f16419d63591a6"},"breadcrumb":{"@id":"https:\/\/vuce.gub.uy\/staging1500\/sexta-charla-informativa-en-aduanas\/#breadcrumb"},"inLanguage":"es-AR","potentialAction":[{"@type":"ReadAction","target":["https:\/\/vuce.gub.uy\/staging1500\/sexta-charla-informativa-en-aduanas\/"]}]},{"@type":"BreadcrumbList","@id":"https:\/\/vuce.gub.uy\/staging1500\/sexta-charla-informativa-en-aduanas\/#breadcrumb","itemListElement":[{"@type":"ListItem","position":1,"name":"Inicio","item":"https:\/\/vuce.gub.uy\/staging1500\/"},{"@type":"ListItem","position":2,"name":"Sexta Charla Informativa en Aduanas"}]},{"@type":"WebSite","@id":"https:\/\/vuce.gub.uy\/staging1500\/#website","url":"https:\/\/vuce.gub.uy\/staging1500\/","name":"VUCE","description":"","potentialAction":[{"@type":"SearchAction","target":{"@type":"EntryPoint","urlTemplate":"https:\/\/vuce.gub.uy\/staging1500\/?s={search_term_string}"},"query-input":"required name=search_term_string"}],"inLanguage":"es-AR"},{"@type":"Person","@id":"https:\/\/vuce.gub.uy\/staging1500\/#\/schema\/person\/8328845af156cc1910f16419d63591a6","name":"vuce","url":"https:\/\/vuce.gub.uy\/staging1500\/author\/vuce\/"}]}},"_links":{"self":[{"href":"https:\/\/vuce.gub.uy\/staging1500\/wp-json\/wp\/v2\/posts\/755"}],"collection":[{"href":"https:\/\/vuce.gub.uy\/staging1500\/wp-json\/wp\/v2\/posts"}],"about":[{"href":"https:\/\/vuce.gub.uy\/staging1500\/wp-json\/wp\/v2\/types\/post"}],"author":[{"embeddable":true,"href":"https:\/\/vuce.gub.uy\/staging1500\/wp-json\/wp\/v2\/users\/1"}],"replies":[{"embeddable":true,"href":"https:\/\/vuce.gub.uy\/staging1500\/wp-json\/wp\/v2\/comments?post=755"}],"version-history":[{"count":0,"href":"https:\/\/vuce.gub.uy\/staging1500\/wp-json\/wp\/v2\/posts\/755\/revisions"}],"wp:featuredmedia":[{"embeddable":true,"href":"https:\/\/vuce.gub.uy\/staging1500\/wp-json\/wp\/v2\/media\/757"}],"wp:attachment":[{"href":"https:\/\/vuce.gub.uy\/staging1500\/wp-json\/wp\/v2\/media?parent=755"}],"wp:term":[{"taxonomy":"category","embeddable":true,"href":"https:\/\/vuce.gub.uy\/staging1500\/wp-json\/wp\/v2\/categories?post=755"},{"taxonomy":"post_tag","embeddable":true,"href":"https:\/\/vuce.gub.uy\/staging1500\/wp-json\/wp\/v2\/tags?post=755"}],"curies":[{"name":"wp","href":"https:\/\/api.w.org\/{rel}","templated":true}]}}