{"id":900,"date":"2013-10-23T15:11:36","date_gmt":"2013-10-23T15:11:36","guid":{"rendered":"http:\/\/vuce.gub.uy\/staging1500\/?p=900"},"modified":"2013-10-23T15:11:36","modified_gmt":"2013-10-23T15:11:36","slug":"comenzaron-las-capacitaciones","status":"publish","type":"post","link":"https:\/\/vuce.gub.uy\/staging1500\/comenzaron-las-capacitaciones\/","title":{"rendered":"Primeras Capacitaciones de VUCE"},"content":{"rendered":"<p>En el marco de la puesta en producci\u00f3n del primer proceso que funcionar\u00e1 en VUCE se comenzaron las capacitaciones a los usuarios p\u00fablicos y privados.<\/p>\n<p>Este primer proceso ser\u00e1 la importaci\u00f3n de productos de pesca y los participantes fueron despachantes de aduana y funcionarios de la Direcci\u00f3n Nacional de Recursos Acu\u00e1ticos.<\/p>\n<p>Luego de las capacitaciones, el proceso funcionar\u00e1 durante un per\u00edodo acotado en modalidad piloto, para lo cual se ha solicitado ayuda a un grupo reducido de despachantes de aduana.<\/p>\n<p>Una vez finalizados los pilotos, se proceder\u00e1 a la puesta en producci\u00f3n del proceso y se abrir\u00e1 el acceso a todos los usuarios. En ese momento se ofrecer\u00e1n capacitaciones abiertas a todos los usuarios, para que puedan acceder al sistema.<\/p>\n","protected":false},"excerpt":{"rendered":"<p>Se realizaron los d\u00edas 21 y 23 de octubre en la Asociaci\u00f3n de Despachantes de Aduana.<\/p>\n","protected":false},"author":1,"featured_media":902,"comment_status":"closed","ping_status":"open","sticky":false,"template":"","format":"standard","meta":{"footnotes":""},"categories":[3],"tags":[],"yoast_head":"<!-- This site is optimized with the Yoast SEO plugin v21.5 - https:\/\/yoast.com\/wordpress\/plugins\/seo\/ -->\n<title>Primeras Capacitaciones de VUCE - VUCE<\/title>\n<meta name=\"robots\" content=\"index, follow, max-snippet:-1, max-image-preview:large, max-video-preview:-1\" \/>\n<link rel=\"canonical\" href=\"https:\/\/vuce.gub.uy\/staging1500\/comenzaron-las-capacitaciones\/\" \/>\n<meta property=\"og:locale\" content=\"es_ES\" \/>\n<meta property=\"og:type\" content=\"article\" \/>\n<meta property=\"og:title\" content=\"Primeras Capacitaciones de VUCE - VUCE\" \/>\n<meta property=\"og:description\" content=\"Se realizaron los d\u00edas 21 y 23 de octubre en la Asociaci\u00f3n de Despachantes de Aduana.\" \/>\n<meta property=\"og:url\" content=\"https:\/\/vuce.gub.uy\/staging1500\/comenzaron-las-capacitaciones\/\" \/>\n<meta property=\"og:site_name\" content=\"VUCE\" \/>\n<meta property=\"article:published_time\" content=\"2013-10-23T15:11:36+00:00\" \/>\n<meta property=\"og:image\" content=\"https:\/\/vuce.gub.uy\/staging1500\/wp-content\/uploads\/2013\/10\/por2-1024x768.jpg\" \/>\n\t<meta property=\"og:image:width\" content=\"1024\" \/>\n\t<meta property=\"og:image:height\" content=\"768\" \/>\n\t<meta property=\"og:image:type\" content=\"image\/jpeg\" \/>\n<meta name=\"author\" content=\"vuce\" \/>\n<meta name=\"twitter:card\" content=\"summary_large_image\" \/>\n<meta name=\"twitter:label1\" content=\"Escrito por\" \/>\n\t<meta name=\"twitter:data1\" content=\"vuce\" \/>\n\t<meta name=\"twitter:label2\" content=\"Tiempo de lectura\" \/>\n\t<meta name=\"twitter:data2\" content=\"1 minuto\" \/>\n<script type=\"application\/ld+json\" class=\"yoast-schema-graph\">{\"@context\":\"https:\/\/schema.org\",\"@graph\":[{\"@type\":\"WebPage\",\"@id\":\"https:\/\/vuce.gub.uy\/staging1500\/comenzaron-las-capacitaciones\/\",\"url\":\"https:\/\/vuce.gub.uy\/staging1500\/comenzaron-las-capacitaciones\/\",\"name\":\"Primeras Capacitaciones de VUCE - VUCE\",\"isPartOf\":{\"@id\":\"https:\/\/vuce.gub.uy\/staging1500\/#website\"},\"datePublished\":\"2013-10-23T15:11:36+00:00\",\"dateModified\":\"2013-10-23T15:11:36+00:00\",\"author\":{\"@id\":\"https:\/\/vuce.gub.uy\/staging1500\/#\/schema\/person\/8328845af156cc1910f16419d63591a6\"},\"breadcrumb\":{\"@id\":\"https:\/\/vuce.gub.uy\/staging1500\/comenzaron-las-capacitaciones\/#breadcrumb\"},\"inLanguage\":\"es-AR\",\"potentialAction\":[{\"@type\":\"ReadAction\",\"target\":[\"https:\/\/vuce.gub.uy\/staging1500\/comenzaron-las-capacitaciones\/\"]}]},{\"@type\":\"BreadcrumbList\",\"@id\":\"https:\/\/vuce.gub.uy\/staging1500\/comenzaron-las-capacitaciones\/#breadcrumb\",\"itemListElement\":[{\"@type\":\"ListItem\",\"position\":1,\"name\":\"Inicio\",\"item\":\"https:\/\/vuce.gub.uy\/staging1500\/\"},{\"@type\":\"ListItem\",\"position\":2,\"name\":\"Primeras Capacitaciones de VUCE\"}]},{\"@type\":\"WebSite\",\"@id\":\"https:\/\/vuce.gub.uy\/staging1500\/#website\",\"url\":\"https:\/\/vuce.gub.uy\/staging1500\/\",\"name\":\"VUCE\",\"description\":\"\",\"potentialAction\":[{\"@type\":\"SearchAction\",\"target\":{\"@type\":\"EntryPoint\",\"urlTemplate\":\"https:\/\/vuce.gub.uy\/staging1500\/?s={search_term_string}\"},\"query-input\":\"required name=search_term_string\"}],\"inLanguage\":\"es-AR\"},{\"@type\":\"Person\",\"@id\":\"https:\/\/vuce.gub.uy\/staging1500\/#\/schema\/person\/8328845af156cc1910f16419d63591a6\",\"name\":\"vuce\",\"url\":\"https:\/\/vuce.gub.uy\/staging1500\/author\/vuce\/\"}]}<\/script>\n<!-- \/ Yoast SEO plugin. -->","yoast_head_json":{"title":"Primeras Capacitaciones de VUCE - VUCE","robots":{"index":"index","follow":"follow","max-snippet":"max-snippet:-1","max-image-preview":"max-image-preview:large","max-video-preview":"max-video-preview:-1"},"canonical":"https:\/\/vuce.gub.uy\/staging1500\/comenzaron-las-capacitaciones\/","og_locale":"es_ES","og_type":"article","og_title":"Primeras Capacitaciones de VUCE - VUCE","og_description":"Se realizaron los d\u00edas 21 y 23 de octubre en la Asociaci\u00f3n de Despachantes de Aduana.","og_url":"https:\/\/vuce.gub.uy\/staging1500\/comenzaron-las-capacitaciones\/","og_site_name":"VUCE","article_published_time":"2013-10-23T15:11:36+00:00","og_image":[{"width":1024,"height":768,"url":"https:\/\/vuce.gub.uy\/staging1500\/wp-content\/uploads\/2013\/10\/por2-1024x768.jpg","type":"image\/jpeg"}],"author":"vuce","twitter_card":"summary_large_image","twitter_misc":{"Escrito por":"vuce","Tiempo de lectura":"1 minuto"},"schema":{"@context":"https:\/\/schema.org","@graph":[{"@type":"WebPage","@id":"https:\/\/vuce.gub.uy\/staging1500\/comenzaron-las-capacitaciones\/","url":"https:\/\/vuce.gub.uy\/staging1500\/comenzaron-las-capacitaciones\/","name":"Primeras Capacitaciones de VUCE - VUCE","isPartOf":{"@id":"https:\/\/vuce.gub.uy\/staging1500\/#website"},"datePublished":"2013-10-23T15:11:36+00:00","dateModified":"2013-10-23T15:11:36+00:00","author":{"@id":"https:\/\/vuce.gub.uy\/staging1500\/#\/schema\/person\/8328845af156cc1910f16419d63591a6"},"breadcrumb":{"@id":"https:\/\/vuce.gub.uy\/staging1500\/comenzaron-las-capacitaciones\/#breadcrumb"},"inLanguage":"es-AR","potentialAction":[{"@type":"ReadAction","target":["https:\/\/vuce.gub.uy\/staging1500\/comenzaron-las-capacitaciones\/"]}]},{"@type":"BreadcrumbList","@id":"https:\/\/vuce.gub.uy\/staging1500\/comenzaron-las-capacitaciones\/#breadcrumb","itemListElement":[{"@type":"ListItem","position":1,"name":"Inicio","item":"https:\/\/vuce.gub.uy\/staging1500\/"},{"@type":"ListItem","position":2,"name":"Primeras Capacitaciones de VUCE"}]},{"@type":"WebSite","@id":"https:\/\/vuce.gub.uy\/staging1500\/#website","url":"https:\/\/vuce.gub.uy\/staging1500\/","name":"VUCE","description":"","potentialAction":[{"@type":"SearchAction","target":{"@type":"EntryPoint","urlTemplate":"https:\/\/vuce.gub.uy\/staging1500\/?s={search_term_string}"},"query-input":"required name=search_term_string"}],"inLanguage":"es-AR"},{"@type":"Person","@id":"https:\/\/vuce.gub.uy\/staging1500\/#\/schema\/person\/8328845af156cc1910f16419d63591a6","name":"vuce","url":"https:\/\/vuce.gub.uy\/staging1500\/author\/vuce\/"}]}},"_links":{"self":[{"href":"https:\/\/vuce.gub.uy\/staging1500\/wp-json\/wp\/v2\/posts\/900"}],"collection":[{"href":"https:\/\/vuce.gub.uy\/staging1500\/wp-json\/wp\/v2\/posts"}],"about":[{"href":"https:\/\/vuce.gub.uy\/staging1500\/wp-json\/wp\/v2\/types\/post"}],"author":[{"embeddable":true,"href":"https:\/\/vuce.gub.uy\/staging1500\/wp-json\/wp\/v2\/users\/1"}],"replies":[{"embeddable":true,"href":"https:\/\/vuce.gub.uy\/staging1500\/wp-json\/wp\/v2\/comments?post=900"}],"version-history":[{"count":0,"href":"https:\/\/vuce.gub.uy\/staging1500\/wp-json\/wp\/v2\/posts\/900\/revisions"}],"wp:featuredmedia":[{"embeddable":true,"href":"https:\/\/vuce.gub.uy\/staging1500\/wp-json\/wp\/v2\/media\/902"}],"wp:attachment":[{"href":"https:\/\/vuce.gub.uy\/staging1500\/wp-json\/wp\/v2\/media?parent=900"}],"wp:term":[{"taxonomy":"category","embeddable":true,"href":"https:\/\/vuce.gub.uy\/staging1500\/wp-json\/wp\/v2\/categories?post=900"},{"taxonomy":"post_tag","embeddable":true,"href":"https:\/\/vuce.gub.uy\/staging1500\/wp-json\/wp\/v2\/tags?post=900"}],"curies":[{"name":"wp","href":"https:\/\/api.w.org\/{rel}","templated":true}]}}